{"id":4712,"date":"2022-05-14T10:07:27","date_gmt":"2022-05-14T08:07:27","guid":{"rendered":"https:\/\/shams-alyaoum.com\/fr\/?p=4712"},"modified":"2022-05-14T10:07:29","modified_gmt":"2022-05-14T08:07:29","slug":"deces-du-president-des-emirates-kais-saied-se-rends-aux-uae","status":"publish","type":"post","link":"https:\/\/shams-alyaoum.com\/fr\/deces-du-president-des-emirates-kais-saied-se-rends-aux-uae\/","title":{"rendered":"D\u00e9c\u00e8s du pr\u00e9sident des Emirates: Kais Saied se rends aux UAE"},"content":{"rendered":"\n<p>e pr\u00e9sident de la R\u00e9publique, Kais Sa\u00efed, a quitt\u00e9, ce samedi 14 mai 2022, Tunis en direction des Emirats arabes unis pour pr\u00e9senter ses condol\u00e9ances suite au d\u00e9c\u00e8s du Cheickh Khalifa Ben Zayed Al Nahayne, pr\u00e9sident des Emirats arabes unis.<\/p>\n\n\n\n<p>Le chef de l&rsquo;Etat a pass\u00e9 en revue un d\u00e9tachement des trois arm\u00e9es avant de saluer le drapeau au son de l&rsquo;hymne national.<\/p>\n\n\n\n<p>A l&rsquo;a\u00e9roport \u00e9taient pr\u00e9sents, la cheffe du gouvernement Najla Bouden, le gouverneur de Tunis, Kamel Fekih, la maire de Tunis Souad Abderrahim, les membres du cabinet pr\u00e9sidentiel et l&rsquo;ambassadeur des Emirats arabes unis \u00e0 Tunis, Rached Mansouri. &nbsp;<\/p>\n","protected":false},"excerpt":{"rendered":"<p>e pr\u00e9sident de la R\u00e9publique, Kais Sa\u00efed, a quitt\u00e9, ce samedi 14 mai 2022, Tunis en direction des Emirats arabes unis pour pr\u00e9senter ses condol\u00e9ances suite au d\u00e9c\u00e8s du Cheickh Khalifa Ben Zayed Al Nahayne, pr\u00e9sident des Emirats arabes unis. Le chef de l&rsquo;Etat a pass\u00e9 en revue un d\u00e9tachement des trois arm\u00e9es avant de &hellip;<\/p>\n","protected":false},"author":2,"featured_media":4713,"comment_status":"closed","ping_status":"open","sticky":false,"template":"","format":"standard","meta":{"footnotes":""},"categories":[2,14],"tags":[1041,38,172],"class_list":["post-4712","post","type-post","status-publish","format-standard","has-post-thumbnail","hentry","category-news","category-tunisie","tag-emirats-arabes-unis","tag-kais-said","tag-president-de-la-republique"],"yoast_head":"<!-- This site is optimized with the Yoast SEO plugin v26.3 - https:\/\/yoast.com\/wordpress\/plugins\/seo\/ -->\n<title>D\u00e9c\u00e8s du pr\u00e9sident des Emirates: Kais Saied se rends aux UAE - Magazine Shams Al Yaoum<\/title>\n<meta name=\"robots\" content=\"index, follow, max-snippet:-1, max-image-preview:large, max-video-preview:-1\" \/>\n<link rel=\"canonical\" href=\"https:\/\/shams-alyaoum.com\/fr\/deces-du-president-des-emirates-kais-saied-se-rends-aux-uae\/\" \/>\n<meta property=\"og:locale\" content=\"fr_FR\" \/>\n<meta property=\"og:type\" content=\"article\" \/>\n<meta property=\"og:title\" content=\"D\u00e9c\u00e8s du pr\u00e9sident des Emirates: Kais Saied se rends aux UAE - Magazine Shams Al Yaoum\" \/>\n<meta property=\"og:description\" content=\"e pr\u00e9sident de la R\u00e9publique, Kais Sa\u00efed, a quitt\u00e9, ce samedi 14 mai 2022, Tunis en direction des Emirats arabes unis pour pr\u00e9senter ses condol\u00e9ances suite au d\u00e9c\u00e8s du Cheickh Khalifa Ben Zayed Al Nahayne, pr\u00e9sident des Emirats arabes unis. Le chef de l&rsquo;Etat a pass\u00e9 en revue un d\u00e9tachement des trois arm\u00e9es avant de &hellip;\" \/>\n<meta property=\"og:url\" content=\"https:\/\/shams-alyaoum.com\/fr\/deces-du-president-des-emirates-kais-saied-se-rends-aux-uae\/\" \/>\n<meta property=\"og:site_name\" content=\"Magazine Shams Al Yaoum\" \/>\n<meta property=\"article:published_time\" content=\"2022-05-14T08:07:27+00:00\" \/>\n<meta property=\"article:modified_time\" content=\"2022-05-14T08:07:29+00:00\" \/>\n<meta property=\"og:image\" content=\"https:\/\/shams-alyaoum.com\/fr\/wp-content\/uploads\/2022\/05\/280961205_372108288281111_6141701625816845045_n.jpg\" \/>\n\t<meta property=\"og:image:width\" content=\"2048\" \/>\n\t<meta property=\"og:image:height\" content=\"1366\" \/>\n\t<meta property=\"og:image:type\" content=\"image\/jpeg\" \/>\n<meta name=\"author\" content=\"shamsalyaoum\" \/>\n<meta name=\"twitter:card\" content=\"summary_large_image\" \/>\n<meta name=\"twitter:label1\" content=\"\u00c9crit par\" \/>\n\t<meta name=\"twitter:data1\" content=\"shamsalyaoum\" \/>\n\t<meta name=\"twitter:label2\" content=\"Dur\u00e9e de lecture estim\u00e9e\" \/>\n\t<meta name=\"twitter:data2\" content=\"1 minute\" \/>\n<script type=\"application\/ld+json\" class=\"yoast-schema-graph\">{\"@context\":\"https:\/\/schema.org\",\"@graph\":[{\"@type\":\"WebPage\",\"@id\":\"https:\/\/shams-alyaoum.com\/fr\/deces-du-president-des-emirates-kais-saied-se-rends-aux-uae\/\",\"url\":\"https:\/\/shams-alyaoum.com\/fr\/deces-du-president-des-emirates-kais-saied-se-rends-aux-uae\/\",\"name\":\"D\u00e9c\u00e8s du pr\u00e9sident des Emirates: Kais Saied se rends aux UAE - Magazine Shams Al Yaoum\",\"isPartOf\":{\"@id\":\"https:\/\/shams-alyaoum.com\/fr\/#website\"},\"primaryImageOfPage\":{\"@id\":\"https:\/\/shams-alyaoum.com\/fr\/deces-du-president-des-emirates-kais-saied-se-rends-aux-uae\/#primaryimage\"},\"image\":{\"@id\":\"https:\/\/shams-alyaoum.com\/fr\/deces-du-president-des-emirates-kais-saied-se-rends-aux-uae\/#primaryimage\"},\"thumbnailUrl\":\"https:\/\/shams-alyaoum.com\/fr\/wp-content\/uploads\/2022\/05\/280961205_372108288281111_6141701625816845045_n.jpg\",\"datePublished\":\"2022-05-14T08:07:27+00:00\",\"dateModified\":\"2022-05-14T08:07:29+00:00\",\"author\":{\"@id\":\"https:\/\/shams-alyaoum.com\/fr\/#\/schema\/person\/7b572f8c370a521e35112e88da52dce5\"},\"breadcrumb\":{\"@id\":\"https:\/\/shams-alyaoum.com\/fr\/deces-du-president-des-emirates-kais-saied-se-rends-aux-uae\/#breadcrumb\"},\"inLanguage\":\"fr-FR\",\"potentialAction\":[{\"@type\":\"ReadAction\",\"target\":[\"https:\/\/shams-alyaoum.com\/fr\/deces-du-president-des-emirates-kais-saied-se-rends-aux-uae\/\"]}]},{\"@type\":\"ImageObject\",\"inLanguage\":\"fr-FR\",\"@id\":\"https:\/\/shams-alyaoum.com\/fr\/deces-du-president-des-emirates-kais-saied-se-rends-aux-uae\/#primaryimage\",\"url\":\"https:\/\/shams-alyaoum.com\/fr\/wp-content\/uploads\/2022\/05\/280961205_372108288281111_6141701625816845045_n.jpg\",\"contentUrl\":\"https:\/\/shams-alyaoum.com\/fr\/wp-content\/uploads\/2022\/05\/280961205_372108288281111_6141701625816845045_n.jpg\",\"width\":2048,\"height\":1366},{\"@type\":\"BreadcrumbList\",\"@id\":\"https:\/\/shams-alyaoum.com\/fr\/deces-du-president-des-emirates-kais-saied-se-rends-aux-uae\/#breadcrumb\",\"itemListElement\":[{\"@type\":\"ListItem\",\"position\":1,\"name\":\"Accueil\",\"item\":\"https:\/\/shams-alyaoum.com\/fr\/\"},{\"@type\":\"ListItem\",\"position\":2,\"name\":\"D\u00e9c\u00e8s du pr\u00e9sident des Emirates: Kais Saied se rends aux UAE\"}]},{\"@type\":\"WebSite\",\"@id\":\"https:\/\/shams-alyaoum.com\/fr\/#website\",\"url\":\"https:\/\/shams-alyaoum.com\/fr\/\",\"name\":\"Magazine Shams Al Yaoum\",\"description\":\"\",\"potentialAction\":[{\"@type\":\"SearchAction\",\"target\":{\"@type\":\"EntryPoint\",\"urlTemplate\":\"https:\/\/shams-alyaoum.com\/fr\/?s={search_term_string}\"},\"query-input\":{\"@type\":\"PropertyValueSpecification\",\"valueRequired\":true,\"valueName\":\"search_term_string\"}}],\"inLanguage\":\"fr-FR\"},{\"@type\":\"Person\",\"@id\":\"https:\/\/shams-alyaoum.com\/fr\/#\/schema\/person\/7b572f8c370a521e35112e88da52dce5\",\"name\":\"shamsalyaoum\",\"image\":{\"@type\":\"ImageObject\",\"inLanguage\":\"fr-FR\",\"@id\":\"https:\/\/shams-alyaoum.com\/fr\/#\/schema\/person\/image\/\",\"url\":\"https:\/\/secure.gravatar.com\/avatar\/11774fd6260846ea4d3230345b47c868eaffb0fe76386b1a8b3cc24c8dc91f3d?s=96&d=mm&r=g\",\"contentUrl\":\"https:\/\/secure.gravatar.com\/avatar\/11774fd6260846ea4d3230345b47c868eaffb0fe76386b1a8b3cc24c8dc91f3d?s=96&d=mm&r=g\",\"caption\":\"shamsalyaoum\"},\"url\":\"https:\/\/shams-alyaoum.com\/fr\/author\/shamsalyaoum\/\"}]}<\/script>\n<!-- \/ Yoast SEO plugin. -->","yoast_head_json":{"title":"D\u00e9c\u00e8s du pr\u00e9sident des Emirates: Kais Saied se rends aux UAE - Magazine Shams Al Yaoum","robots":{"index":"index","follow":"follow","max-snippet":"max-snippet:-1","max-image-preview":"max-image-preview:large","max-video-preview":"max-video-preview:-1"},"canonical":"https:\/\/shams-alyaoum.com\/fr\/deces-du-president-des-emirates-kais-saied-se-rends-aux-uae\/","og_locale":"fr_FR","og_type":"article","og_title":"D\u00e9c\u00e8s du pr\u00e9sident des Emirates: Kais Saied se rends aux UAE - Magazine Shams Al Yaoum","og_description":"e pr\u00e9sident de la R\u00e9publique, Kais Sa\u00efed, a quitt\u00e9, ce samedi 14 mai 2022, Tunis en direction des Emirats arabes unis pour pr\u00e9senter ses condol\u00e9ances suite au d\u00e9c\u00e8s du Cheickh Khalifa Ben Zayed Al Nahayne, pr\u00e9sident des Emirats arabes unis. Le chef de l&rsquo;Etat a pass\u00e9 en revue un d\u00e9tachement des trois arm\u00e9es avant de &hellip;","og_url":"https:\/\/shams-alyaoum.com\/fr\/deces-du-president-des-emirates-kais-saied-se-rends-aux-uae\/","og_site_name":"Magazine Shams Al Yaoum","article_published_time":"2022-05-14T08:07:27+00:00","article_modified_time":"2022-05-14T08:07:29+00:00","og_image":[{"width":2048,"height":1366,"url":"https:\/\/shams-alyaoum.com\/fr\/wp-content\/uploads\/2022\/05\/280961205_372108288281111_6141701625816845045_n.jpg","type":"image\/jpeg"}],"author":"shamsalyaoum","twitter_card":"summary_large_image","twitter_misc":{"\u00c9crit par":"shamsalyaoum","Dur\u00e9e de lecture estim\u00e9e":"1 minute"},"schema":{"@context":"https:\/\/schema.org","@graph":[{"@type":"WebPage","@id":"https:\/\/shams-alyaoum.com\/fr\/deces-du-president-des-emirates-kais-saied-se-rends-aux-uae\/","url":"https:\/\/shams-alyaoum.com\/fr\/deces-du-president-des-emirates-kais-saied-se-rends-aux-uae\/","name":"D\u00e9c\u00e8s du pr\u00e9sident des Emirates: Kais Saied se rends aux UAE - Magazine Shams Al Yaoum","isPartOf":{"@id":"https:\/\/shams-alyaoum.com\/fr\/#website"},"primaryImageOfPage":{"@id":"https:\/\/shams-alyaoum.com\/fr\/deces-du-president-des-emirates-kais-saied-se-rends-aux-uae\/#primaryimage"},"image":{"@id":"https:\/\/shams-alyaoum.com\/fr\/deces-du-president-des-emirates-kais-saied-se-rends-aux-uae\/#primaryimage"},"thumbnailUrl":"https:\/\/shams-alyaoum.com\/fr\/wp-content\/uploads\/2022\/05\/280961205_372108288281111_6141701625816845045_n.jpg","datePublished":"2022-05-14T08:07:27+00:00","dateModified":"2022-05-14T08:07:29+00:00","author":{"@id":"https:\/\/shams-alyaoum.com\/fr\/#\/schema\/person\/7b572f8c370a521e35112e88da52dce5"},"breadcrumb":{"@id":"https:\/\/shams-alyaoum.com\/fr\/deces-du-president-des-emirates-kais-saied-se-rends-aux-uae\/#breadcrumb"},"inLanguage":"fr-FR","potentialAction":[{"@type":"ReadAction","target":["https:\/\/shams-alyaoum.com\/fr\/deces-du-president-des-emirates-kais-saied-se-rends-aux-uae\/"]}]},{"@type":"ImageObject","inLanguage":"fr-FR","@id":"https:\/\/shams-alyaoum.com\/fr\/deces-du-president-des-emirates-kais-saied-se-rends-aux-uae\/#primaryimage","url":"https:\/\/shams-alyaoum.com\/fr\/wp-content\/uploads\/2022\/05\/280961205_372108288281111_6141701625816845045_n.jpg","contentUrl":"https:\/\/shams-alyaoum.com\/fr\/wp-content\/uploads\/2022\/05\/280961205_372108288281111_6141701625816845045_n.jpg","width":2048,"height":1366},{"@type":"BreadcrumbList","@id":"https:\/\/shams-alyaoum.com\/fr\/deces-du-president-des-emirates-kais-saied-se-rends-aux-uae\/#breadcrumb","itemListElement":[{"@type":"ListItem","position":1,"name":"Accueil","item":"https:\/\/shams-alyaoum.com\/fr\/"},{"@type":"ListItem","position":2,"name":"D\u00e9c\u00e8s du pr\u00e9sident des Emirates: Kais Saied se rends aux UAE"}]},{"@type":"WebSite","@id":"https:\/\/shams-alyaoum.com\/fr\/#website","url":"https:\/\/shams-alyaoum.com\/fr\/","name":"Magazine Shams Al Yaoum","description":"","potentialAction":[{"@type":"SearchAction","target":{"@type":"EntryPoint","urlTemplate":"https:\/\/shams-alyaoum.com\/fr\/?s={search_term_string}"},"query-input":{"@type":"PropertyValueSpecification","valueRequired":true,"valueName":"search_term_string"}}],"inLanguage":"fr-FR"},{"@type":"Person","@id":"https:\/\/shams-alyaoum.com\/fr\/#\/schema\/person\/7b572f8c370a521e35112e88da52dce5","name":"shamsalyaoum","image":{"@type":"ImageObject","inLanguage":"fr-FR","@id":"https:\/\/shams-alyaoum.com\/fr\/#\/schema\/person\/image\/","url":"https:\/\/secure.gravatar.com\/avatar\/11774fd6260846ea4d3230345b47c868eaffb0fe76386b1a8b3cc24c8dc91f3d?s=96&d=mm&r=g","contentUrl":"https:\/\/secure.gravatar.com\/avatar\/11774fd6260846ea4d3230345b47c868eaffb0fe76386b1a8b3cc24c8dc91f3d?s=96&d=mm&r=g","caption":"shamsalyaoum"},"url":"https:\/\/shams-alyaoum.com\/fr\/author\/shamsalyaoum\/"}]}},"_links":{"self":[{"href":"https:\/\/shams-alyaoum.com\/fr\/wp-json\/wp\/v2\/posts\/4712","targetHints":{"allow":["GET"]}}],"collection":[{"href":"https:\/\/shams-alyaoum.com\/fr\/wp-json\/wp\/v2\/posts"}],"about":[{"href":"https:\/\/shams-alyaoum.com\/fr\/wp-json\/wp\/v2\/types\/post"}],"author":[{"embeddable":true,"href":"https:\/\/shams-alyaoum.com\/fr\/wp-json\/wp\/v2\/users\/2"}],"replies":[{"embeddable":true,"href":"https:\/\/shams-alyaoum.com\/fr\/wp-json\/wp\/v2\/comments?post=4712"}],"version-history":[{"count":1,"href":"https:\/\/shams-alyaoum.com\/fr\/wp-json\/wp\/v2\/posts\/4712\/revisions"}],"predecessor-version":[{"id":4714,"href":"https:\/\/shams-alyaoum.com\/fr\/wp-json\/wp\/v2\/posts\/4712\/revisions\/4714"}],"wp:featuredmedia":[{"embeddable":true,"href":"https:\/\/shams-alyaoum.com\/fr\/wp-json\/wp\/v2\/media\/4713"}],"wp:attachment":[{"href":"https:\/\/shams-alyaoum.com\/fr\/wp-json\/wp\/v2\/media?parent=4712"}],"wp:term":[{"taxonomy":"category","embeddable":true,"href":"https:\/\/shams-alyaoum.com\/fr\/wp-json\/wp\/v2\/categories?post=4712"},{"taxonomy":"post_tag","embeddable":true,"href":"https:\/\/shams-alyaoum.com\/fr\/wp-json\/wp\/v2\/tags?post=4712"}],"curies":[{"name":"wp","href":"https:\/\/api.w.org\/{rel}","templated":true}]}}