{"id":4702,"date":"2022-05-13T17:37:03","date_gmt":"2022-05-13T15:37:03","guid":{"rendered":"https:\/\/shams-alyaoum.com\/fr\/?p=4702"},"modified":"2022-05-13T17:37:05","modified_gmt":"2022-05-13T15:37:05","slug":"deces-du-president-emirati-cheikh-khalifa-ben-zayed-al-nahyane","status":"publish","type":"post","link":"https:\/\/shams-alyaoum.com\/fr\/deces-du-president-emirati-cheikh-khalifa-ben-zayed-al-nahyane\/","title":{"rendered":"D\u00e9c\u00e8s du pr\u00e9sident \u00e9mirati Cheikh Khalifa Ben Zayed Al-Nahyane"},"content":{"rendered":"\n<p>Le pr\u00e9sident des Emirats arabes unis cheikh Khalifa ben Zayed Al-Nahyane, qui avait accompagn\u00e9 ces deux derni\u00e8res d\u00e9cennies l\u2019ascension fulgurante de son pays sur la sc\u00e8ne internationale, est d\u00e9c\u00e9d\u00e9, ont annonc\u00e9 vendredi les autorit\u00e9s.<\/p>\n\n\n\n<p>Le gouvernement du pays du Golfe a d\u00e9cr\u00e9t\u00e9 \u00ab un deuil officiel et les drapeaux mis en berne \u00bb pour une dur\u00e9e de 40 jours, a indiqu\u00e9 l\u2019agence de presse officielle WAM. Le chef de l\u2019Etat d\u00e9funt s\u2019\u00e9tait fait rare en public depuis un AVC en janvier 2014.<\/p>\n","protected":false},"excerpt":{"rendered":"<p>Le pr\u00e9sident des Emirats arabes unis cheikh Khalifa ben Zayed Al-Nahyane, qui avait accompagn\u00e9 ces deux derni\u00e8res d\u00e9cennies l\u2019ascension fulgurante de son pays sur la sc\u00e8ne internationale, est d\u00e9c\u00e9d\u00e9, ont annonc\u00e9 vendredi les autorit\u00e9s. Le gouvernement du pays du Golfe a d\u00e9cr\u00e9t\u00e9 \u00ab un deuil officiel et les drapeaux mis en berne \u00bb pour une &hellip;<\/p>\n","protected":false},"author":2,"featured_media":4703,"comment_status":"closed","ping_status":"open","sticky":false,"template":"","format":"standard","meta":{"footnotes":""},"categories":[10,2],"tags":[614,1041,787],"class_list":["post-4702","post","type-post","status-publish","format-standard","has-post-thumbnail","hentry","category-monde-arabe","category-news","tag-deces","tag-emirats-arabes-unis","tag-president"],"yoast_head":"<!-- This site is optimized with the Yoast SEO plugin v26.3 - https:\/\/yoast.com\/wordpress\/plugins\/seo\/ -->\n<title>D\u00e9c\u00e8s du pr\u00e9sident \u00e9mirati Cheikh Khalifa Ben Zayed Al-Nahyane - Magazine Shams Al Yaoum<\/title>\n<meta name=\"robots\" content=\"index, follow, max-snippet:-1, max-image-preview:large, max-video-preview:-1\" \/>\n<link rel=\"canonical\" href=\"https:\/\/shams-alyaoum.com\/fr\/deces-du-president-emirati-cheikh-khalifa-ben-zayed-al-nahyane\/\" \/>\n<meta property=\"og:locale\" content=\"fr_FR\" \/>\n<meta property=\"og:type\" content=\"article\" \/>\n<meta property=\"og:title\" content=\"D\u00e9c\u00e8s du pr\u00e9sident \u00e9mirati Cheikh Khalifa Ben Zayed Al-Nahyane - Magazine Shams Al Yaoum\" \/>\n<meta property=\"og:description\" content=\"Le pr\u00e9sident des Emirats arabes unis cheikh Khalifa ben Zayed Al-Nahyane, qui avait accompagn\u00e9 ces deux derni\u00e8res d\u00e9cennies l\u2019ascension fulgurante de son pays sur la sc\u00e8ne internationale, est d\u00e9c\u00e9d\u00e9, ont annonc\u00e9 vendredi les autorit\u00e9s. Le gouvernement du pays du Golfe a d\u00e9cr\u00e9t\u00e9 \u00ab un deuil officiel et les drapeaux mis en berne \u00bb pour une &hellip;\" \/>\n<meta property=\"og:url\" content=\"https:\/\/shams-alyaoum.com\/fr\/deces-du-president-emirati-cheikh-khalifa-ben-zayed-al-nahyane\/\" \/>\n<meta property=\"og:site_name\" content=\"Magazine Shams Al Yaoum\" \/>\n<meta property=\"article:published_time\" content=\"2022-05-13T15:37:03+00:00\" \/>\n<meta property=\"article:modified_time\" content=\"2022-05-13T15:37:05+00:00\" \/>\n<meta property=\"og:image\" content=\"https:\/\/shams-alyaoum.com\/fr\/wp-content\/uploads\/2022\/05\/khalifa4.jpg\" \/>\n\t<meta property=\"og:image:width\" content=\"630\" \/>\n\t<meta property=\"og:image:height\" content=\"421\" \/>\n\t<meta property=\"og:image:type\" content=\"image\/jpeg\" \/>\n<meta name=\"author\" content=\"shamsalyaoum\" \/>\n<meta name=\"twitter:card\" content=\"summary_large_image\" \/>\n<meta name=\"twitter:label1\" content=\"\u00c9crit par\" \/>\n\t<meta name=\"twitter:data1\" content=\"shamsalyaoum\" \/>\n<script type=\"application\/ld+json\" class=\"yoast-schema-graph\">{\"@context\":\"https:\/\/schema.org\",\"@graph\":[{\"@type\":\"WebPage\",\"@id\":\"https:\/\/shams-alyaoum.com\/fr\/deces-du-president-emirati-cheikh-khalifa-ben-zayed-al-nahyane\/\",\"url\":\"https:\/\/shams-alyaoum.com\/fr\/deces-du-president-emirati-cheikh-khalifa-ben-zayed-al-nahyane\/\",\"name\":\"D\u00e9c\u00e8s du pr\u00e9sident \u00e9mirati Cheikh Khalifa Ben Zayed Al-Nahyane - Magazine Shams Al Yaoum\",\"isPartOf\":{\"@id\":\"https:\/\/shams-alyaoum.com\/fr\/#website\"},\"primaryImageOfPage\":{\"@id\":\"https:\/\/shams-alyaoum.com\/fr\/deces-du-president-emirati-cheikh-khalifa-ben-zayed-al-nahyane\/#primaryimage\"},\"image\":{\"@id\":\"https:\/\/shams-alyaoum.com\/fr\/deces-du-president-emirati-cheikh-khalifa-ben-zayed-al-nahyane\/#primaryimage\"},\"thumbnailUrl\":\"https:\/\/shams-alyaoum.com\/fr\/wp-content\/uploads\/2022\/05\/khalifa4.jpg\",\"datePublished\":\"2022-05-13T15:37:03+00:00\",\"dateModified\":\"2022-05-13T15:37:05+00:00\",\"author\":{\"@id\":\"https:\/\/shams-alyaoum.com\/fr\/#\/schema\/person\/7b572f8c370a521e35112e88da52dce5\"},\"breadcrumb\":{\"@id\":\"https:\/\/shams-alyaoum.com\/fr\/deces-du-president-emirati-cheikh-khalifa-ben-zayed-al-nahyane\/#breadcrumb\"},\"inLanguage\":\"fr-FR\",\"potentialAction\":[{\"@type\":\"ReadAction\",\"target\":[\"https:\/\/shams-alyaoum.com\/fr\/deces-du-president-emirati-cheikh-khalifa-ben-zayed-al-nahyane\/\"]}]},{\"@type\":\"ImageObject\",\"inLanguage\":\"fr-FR\",\"@id\":\"https:\/\/shams-alyaoum.com\/fr\/deces-du-president-emirati-cheikh-khalifa-ben-zayed-al-nahyane\/#primaryimage\",\"url\":\"https:\/\/shams-alyaoum.com\/fr\/wp-content\/uploads\/2022\/05\/khalifa4.jpg\",\"contentUrl\":\"https:\/\/shams-alyaoum.com\/fr\/wp-content\/uploads\/2022\/05\/khalifa4.jpg\",\"width\":630,\"height\":421},{\"@type\":\"BreadcrumbList\",\"@id\":\"https:\/\/shams-alyaoum.com\/fr\/deces-du-president-emirati-cheikh-khalifa-ben-zayed-al-nahyane\/#breadcrumb\",\"itemListElement\":[{\"@type\":\"ListItem\",\"position\":1,\"name\":\"Accueil\",\"item\":\"https:\/\/shams-alyaoum.com\/fr\/\"},{\"@type\":\"ListItem\",\"position\":2,\"name\":\"D\u00e9c\u00e8s du pr\u00e9sident \u00e9mirati Cheikh Khalifa Ben Zayed Al-Nahyane\"}]},{\"@type\":\"WebSite\",\"@id\":\"https:\/\/shams-alyaoum.com\/fr\/#website\",\"url\":\"https:\/\/shams-alyaoum.com\/fr\/\",\"name\":\"Magazine Shams Al Yaoum\",\"description\":\"\",\"potentialAction\":[{\"@type\":\"SearchAction\",\"target\":{\"@type\":\"EntryPoint\",\"urlTemplate\":\"https:\/\/shams-alyaoum.com\/fr\/?s={search_term_string}\"},\"query-input\":{\"@type\":\"PropertyValueSpecification\",\"valueRequired\":true,\"valueName\":\"search_term_string\"}}],\"inLanguage\":\"fr-FR\"},{\"@type\":\"Person\",\"@id\":\"https:\/\/shams-alyaoum.com\/fr\/#\/schema\/person\/7b572f8c370a521e35112e88da52dce5\",\"name\":\"shamsalyaoum\",\"image\":{\"@type\":\"ImageObject\",\"inLanguage\":\"fr-FR\",\"@id\":\"https:\/\/shams-alyaoum.com\/fr\/#\/schema\/person\/image\/\",\"url\":\"https:\/\/secure.gravatar.com\/avatar\/11774fd6260846ea4d3230345b47c868eaffb0fe76386b1a8b3cc24c8dc91f3d?s=96&d=mm&r=g\",\"contentUrl\":\"https:\/\/secure.gravatar.com\/avatar\/11774fd6260846ea4d3230345b47c868eaffb0fe76386b1a8b3cc24c8dc91f3d?s=96&d=mm&r=g\",\"caption\":\"shamsalyaoum\"},\"url\":\"https:\/\/shams-alyaoum.com\/fr\/author\/shamsalyaoum\/\"}]}<\/script>\n<!-- \/ Yoast SEO plugin. -->","yoast_head_json":{"title":"D\u00e9c\u00e8s du pr\u00e9sident \u00e9mirati Cheikh Khalifa Ben Zayed Al-Nahyane - Magazine Shams Al Yaoum","robots":{"index":"index","follow":"follow","max-snippet":"max-snippet:-1","max-image-preview":"max-image-preview:large","max-video-preview":"max-video-preview:-1"},"canonical":"https:\/\/shams-alyaoum.com\/fr\/deces-du-president-emirati-cheikh-khalifa-ben-zayed-al-nahyane\/","og_locale":"fr_FR","og_type":"article","og_title":"D\u00e9c\u00e8s du pr\u00e9sident \u00e9mirati Cheikh Khalifa Ben Zayed Al-Nahyane - Magazine Shams Al Yaoum","og_description":"Le pr\u00e9sident des Emirats arabes unis cheikh Khalifa ben Zayed Al-Nahyane, qui avait accompagn\u00e9 ces deux derni\u00e8res d\u00e9cennies l\u2019ascension fulgurante de son pays sur la sc\u00e8ne internationale, est d\u00e9c\u00e9d\u00e9, ont annonc\u00e9 vendredi les autorit\u00e9s. Le gouvernement du pays du Golfe a d\u00e9cr\u00e9t\u00e9 \u00ab un deuil officiel et les drapeaux mis en berne \u00bb pour une &hellip;","og_url":"https:\/\/shams-alyaoum.com\/fr\/deces-du-president-emirati-cheikh-khalifa-ben-zayed-al-nahyane\/","og_site_name":"Magazine Shams Al Yaoum","article_published_time":"2022-05-13T15:37:03+00:00","article_modified_time":"2022-05-13T15:37:05+00:00","og_image":[{"width":630,"height":421,"url":"https:\/\/shams-alyaoum.com\/fr\/wp-content\/uploads\/2022\/05\/khalifa4.jpg","type":"image\/jpeg"}],"author":"shamsalyaoum","twitter_card":"summary_large_image","twitter_misc":{"\u00c9crit par":"shamsalyaoum"},"schema":{"@context":"https:\/\/schema.org","@graph":[{"@type":"WebPage","@id":"https:\/\/shams-alyaoum.com\/fr\/deces-du-president-emirati-cheikh-khalifa-ben-zayed-al-nahyane\/","url":"https:\/\/shams-alyaoum.com\/fr\/deces-du-president-emirati-cheikh-khalifa-ben-zayed-al-nahyane\/","name":"D\u00e9c\u00e8s du pr\u00e9sident \u00e9mirati Cheikh Khalifa Ben Zayed Al-Nahyane - Magazine Shams Al Yaoum","isPartOf":{"@id":"https:\/\/shams-alyaoum.com\/fr\/#website"},"primaryImageOfPage":{"@id":"https:\/\/shams-alyaoum.com\/fr\/deces-du-president-emirati-cheikh-khalifa-ben-zayed-al-nahyane\/#primaryimage"},"image":{"@id":"https:\/\/shams-alyaoum.com\/fr\/deces-du-president-emirati-cheikh-khalifa-ben-zayed-al-nahyane\/#primaryimage"},"thumbnailUrl":"https:\/\/shams-alyaoum.com\/fr\/wp-content\/uploads\/2022\/05\/khalifa4.jpg","datePublished":"2022-05-13T15:37:03+00:00","dateModified":"2022-05-13T15:37:05+00:00","author":{"@id":"https:\/\/shams-alyaoum.com\/fr\/#\/schema\/person\/7b572f8c370a521e35112e88da52dce5"},"breadcrumb":{"@id":"https:\/\/shams-alyaoum.com\/fr\/deces-du-president-emirati-cheikh-khalifa-ben-zayed-al-nahyane\/#breadcrumb"},"inLanguage":"fr-FR","potentialAction":[{"@type":"ReadAction","target":["https:\/\/shams-alyaoum.com\/fr\/deces-du-president-emirati-cheikh-khalifa-ben-zayed-al-nahyane\/"]}]},{"@type":"ImageObject","inLanguage":"fr-FR","@id":"https:\/\/shams-alyaoum.com\/fr\/deces-du-president-emirati-cheikh-khalifa-ben-zayed-al-nahyane\/#primaryimage","url":"https:\/\/shams-alyaoum.com\/fr\/wp-content\/uploads\/2022\/05\/khalifa4.jpg","contentUrl":"https:\/\/shams-alyaoum.com\/fr\/wp-content\/uploads\/2022\/05\/khalifa4.jpg","width":630,"height":421},{"@type":"BreadcrumbList","@id":"https:\/\/shams-alyaoum.com\/fr\/deces-du-president-emirati-cheikh-khalifa-ben-zayed-al-nahyane\/#breadcrumb","itemListElement":[{"@type":"ListItem","position":1,"name":"Accueil","item":"https:\/\/shams-alyaoum.com\/fr\/"},{"@type":"ListItem","position":2,"name":"D\u00e9c\u00e8s du pr\u00e9sident \u00e9mirati Cheikh Khalifa Ben Zayed Al-Nahyane"}]},{"@type":"WebSite","@id":"https:\/\/shams-alyaoum.com\/fr\/#website","url":"https:\/\/shams-alyaoum.com\/fr\/","name":"Magazine Shams Al Yaoum","description":"","potentialAction":[{"@type":"SearchAction","target":{"@type":"EntryPoint","urlTemplate":"https:\/\/shams-alyaoum.com\/fr\/?s={search_term_string}"},"query-input":{"@type":"PropertyValueSpecification","valueRequired":true,"valueName":"search_term_string"}}],"inLanguage":"fr-FR"},{"@type":"Person","@id":"https:\/\/shams-alyaoum.com\/fr\/#\/schema\/person\/7b572f8c370a521e35112e88da52dce5","name":"shamsalyaoum","image":{"@type":"ImageObject","inLanguage":"fr-FR","@id":"https:\/\/shams-alyaoum.com\/fr\/#\/schema\/person\/image\/","url":"https:\/\/secure.gravatar.com\/avatar\/11774fd6260846ea4d3230345b47c868eaffb0fe76386b1a8b3cc24c8dc91f3d?s=96&d=mm&r=g","contentUrl":"https:\/\/secure.gravatar.com\/avatar\/11774fd6260846ea4d3230345b47c868eaffb0fe76386b1a8b3cc24c8dc91f3d?s=96&d=mm&r=g","caption":"shamsalyaoum"},"url":"https:\/\/shams-alyaoum.com\/fr\/author\/shamsalyaoum\/"}]}},"_links":{"self":[{"href":"https:\/\/shams-alyaoum.com\/fr\/wp-json\/wp\/v2\/posts\/4702","targetHints":{"allow":["GET"]}}],"collection":[{"href":"https:\/\/shams-alyaoum.com\/fr\/wp-json\/wp\/v2\/posts"}],"about":[{"href":"https:\/\/shams-alyaoum.com\/fr\/wp-json\/wp\/v2\/types\/post"}],"author":[{"embeddable":true,"href":"https:\/\/shams-alyaoum.com\/fr\/wp-json\/wp\/v2\/users\/2"}],"replies":[{"embeddable":true,"href":"https:\/\/shams-alyaoum.com\/fr\/wp-json\/wp\/v2\/comments?post=4702"}],"version-history":[{"count":1,"href":"https:\/\/shams-alyaoum.com\/fr\/wp-json\/wp\/v2\/posts\/4702\/revisions"}],"predecessor-version":[{"id":4704,"href":"https:\/\/shams-alyaoum.com\/fr\/wp-json\/wp\/v2\/posts\/4702\/revisions\/4704"}],"wp:featuredmedia":[{"embeddable":true,"href":"https:\/\/shams-alyaoum.com\/fr\/wp-json\/wp\/v2\/media\/4703"}],"wp:attachment":[{"href":"https:\/\/shams-alyaoum.com\/fr\/wp-json\/wp\/v2\/media?parent=4702"}],"wp:term":[{"taxonomy":"category","embeddable":true,"href":"https:\/\/shams-alyaoum.com\/fr\/wp-json\/wp\/v2\/categories?post=4702"},{"taxonomy":"post_tag","embeddable":true,"href":"https:\/\/shams-alyaoum.com\/fr\/wp-json\/wp\/v2\/tags?post=4702"}],"curies":[{"name":"wp","href":"https:\/\/api.w.org\/{rel}","templated":true}]}}