{"id":4546,"date":"2022-05-09T13:16:02","date_gmt":"2022-05-09T11:16:02","guid":{"rendered":"https:\/\/shams-alyaoum.com\/fr\/?p=4546"},"modified":"2022-05-09T13:16:04","modified_gmt":"2022-05-09T11:16:04","slug":"la-russie-commemore-sa-victoire-face-a-lallemagne-nazie-avec-son-traditionnel-defile-militaire-du-9-mai","status":"publish","type":"post","link":"https:\/\/shams-alyaoum.com\/fr\/la-russie-commemore-sa-victoire-face-a-lallemagne-nazie-avec-son-traditionnel-defile-militaire-du-9-mai\/","title":{"rendered":"La Russie comm\u00e9more sa victoire face \u00e0 l&rsquo;allemagne Nazie avec son traditionnel d\u00e9fil\u00e9 militaire du 9 Mai"},"content":{"rendered":"\n<p>Vladimir Poutine pr\u00e9sidera ce lundi les c\u00e9l\u00e9brations du 9-Mai, date de son traditionnel d\u00e9fil\u00e9 militaire sur la place-Rouge de Moscou qui comm\u00e9more la victoire de 1945 face \u00e0 l&rsquo;Allemagne nazie.<\/p>\n\n\n\n<p>Un 9-Mai tr\u00e8s attendu en plein conflit ukrainien, o\u00f9 le discours du pr\u00e9sident russe sera scrut\u00e9 par la communaut\u00e9 internationale.<\/p>\n","protected":false},"excerpt":{"rendered":"<p>Vladimir Poutine pr\u00e9sidera ce lundi les c\u00e9l\u00e9brations du 9-Mai, date de son traditionnel d\u00e9fil\u00e9 militaire sur la place-Rouge de Moscou qui comm\u00e9more la victoire de 1945 face \u00e0 l&rsquo;Allemagne nazie. Un 9-Mai tr\u00e8s attendu en plein conflit ukrainien, o\u00f9 le discours du pr\u00e9sident russe sera scrut\u00e9 par la communaut\u00e9 internationale.<\/p>\n","protected":false},"author":2,"featured_media":4547,"comment_status":"closed","ping_status":"open","sticky":false,"template":"","format":"standard","meta":{"footnotes":""},"categories":[16,2,1],"tags":[984,143],"class_list":["post-4546","post","type-post","status-publish","format-standard","has-post-thumbnail","hentry","category-le-monde","category-news","category-non-classe","tag-allemagne","tag-russie"],"yoast_head":"<!-- This site is optimized with the Yoast SEO plugin v26.3 - https:\/\/yoast.com\/wordpress\/plugins\/seo\/ -->\n<title>La Russie comm\u00e9more sa victoire face \u00e0 l&#039;allemagne Nazie avec son traditionnel d\u00e9fil\u00e9 militaire du 9 Mai - Magazine Shams Al Yaoum<\/title>\n<meta name=\"robots\" content=\"index, follow, max-snippet:-1, max-image-preview:large, max-video-preview:-1\" \/>\n<link rel=\"canonical\" href=\"https:\/\/shams-alyaoum.com\/fr\/la-russie-commemore-sa-victoire-face-a-lallemagne-nazie-avec-son-traditionnel-defile-militaire-du-9-mai\/\" \/>\n<meta property=\"og:locale\" content=\"fr_FR\" \/>\n<meta property=\"og:type\" content=\"article\" \/>\n<meta property=\"og:title\" content=\"La Russie comm\u00e9more sa victoire face \u00e0 l&#039;allemagne Nazie avec son traditionnel d\u00e9fil\u00e9 militaire du 9 Mai - Magazine Shams Al Yaoum\" \/>\n<meta property=\"og:description\" content=\"Vladimir Poutine pr\u00e9sidera ce lundi les c\u00e9l\u00e9brations du 9-Mai, date de son traditionnel d\u00e9fil\u00e9 militaire sur la place-Rouge de Moscou qui comm\u00e9more la victoire de 1945 face \u00e0 l&rsquo;Allemagne nazie. Un 9-Mai tr\u00e8s attendu en plein conflit ukrainien, o\u00f9 le discours du pr\u00e9sident russe sera scrut\u00e9 par la communaut\u00e9 internationale.\" \/>\n<meta property=\"og:url\" content=\"https:\/\/shams-alyaoum.com\/fr\/la-russie-commemore-sa-victoire-face-a-lallemagne-nazie-avec-son-traditionnel-defile-militaire-du-9-mai\/\" \/>\n<meta property=\"og:site_name\" content=\"Magazine Shams Al Yaoum\" \/>\n<meta property=\"article:published_time\" content=\"2022-05-09T11:16:02+00:00\" \/>\n<meta property=\"article:modified_time\" content=\"2022-05-09T11:16:04+00:00\" \/>\n<meta property=\"og:image\" content=\"https:\/\/shams-alyaoum.com\/fr\/wp-content\/uploads\/2022\/05\/61eb71a_5135554-01-06.jpg\" \/>\n\t<meta property=\"og:image:width\" content=\"1600\" \/>\n\t<meta property=\"og:image:height\" content=\"800\" \/>\n\t<meta property=\"og:image:type\" content=\"image\/jpeg\" \/>\n<meta name=\"author\" content=\"shamsalyaoum\" \/>\n<meta name=\"twitter:card\" content=\"summary_large_image\" \/>\n<meta name=\"twitter:label1\" content=\"\u00c9crit par\" \/>\n\t<meta name=\"twitter:data1\" content=\"shamsalyaoum\" \/>\n<script type=\"application\/ld+json\" class=\"yoast-schema-graph\">{\"@context\":\"https:\/\/schema.org\",\"@graph\":[{\"@type\":\"WebPage\",\"@id\":\"https:\/\/shams-alyaoum.com\/fr\/la-russie-commemore-sa-victoire-face-a-lallemagne-nazie-avec-son-traditionnel-defile-militaire-du-9-mai\/\",\"url\":\"https:\/\/shams-alyaoum.com\/fr\/la-russie-commemore-sa-victoire-face-a-lallemagne-nazie-avec-son-traditionnel-defile-militaire-du-9-mai\/\",\"name\":\"La Russie comm\u00e9more sa victoire face \u00e0 l'allemagne Nazie avec son traditionnel d\u00e9fil\u00e9 militaire du 9 Mai - Magazine Shams Al Yaoum\",\"isPartOf\":{\"@id\":\"https:\/\/shams-alyaoum.com\/fr\/#website\"},\"primaryImageOfPage\":{\"@id\":\"https:\/\/shams-alyaoum.com\/fr\/la-russie-commemore-sa-victoire-face-a-lallemagne-nazie-avec-son-traditionnel-defile-militaire-du-9-mai\/#primaryimage\"},\"image\":{\"@id\":\"https:\/\/shams-alyaoum.com\/fr\/la-russie-commemore-sa-victoire-face-a-lallemagne-nazie-avec-son-traditionnel-defile-militaire-du-9-mai\/#primaryimage\"},\"thumbnailUrl\":\"https:\/\/shams-alyaoum.com\/fr\/wp-content\/uploads\/2022\/05\/61eb71a_5135554-01-06.jpg\",\"datePublished\":\"2022-05-09T11:16:02+00:00\",\"dateModified\":\"2022-05-09T11:16:04+00:00\",\"author\":{\"@id\":\"https:\/\/shams-alyaoum.com\/fr\/#\/schema\/person\/7b572f8c370a521e35112e88da52dce5\"},\"breadcrumb\":{\"@id\":\"https:\/\/shams-alyaoum.com\/fr\/la-russie-commemore-sa-victoire-face-a-lallemagne-nazie-avec-son-traditionnel-defile-militaire-du-9-mai\/#breadcrumb\"},\"inLanguage\":\"fr-FR\",\"potentialAction\":[{\"@type\":\"ReadAction\",\"target\":[\"https:\/\/shams-alyaoum.com\/fr\/la-russie-commemore-sa-victoire-face-a-lallemagne-nazie-avec-son-traditionnel-defile-militaire-du-9-mai\/\"]}]},{\"@type\":\"ImageObject\",\"inLanguage\":\"fr-FR\",\"@id\":\"https:\/\/shams-alyaoum.com\/fr\/la-russie-commemore-sa-victoire-face-a-lallemagne-nazie-avec-son-traditionnel-defile-militaire-du-9-mai\/#primaryimage\",\"url\":\"https:\/\/shams-alyaoum.com\/fr\/wp-content\/uploads\/2022\/05\/61eb71a_5135554-01-06.jpg\",\"contentUrl\":\"https:\/\/shams-alyaoum.com\/fr\/wp-content\/uploads\/2022\/05\/61eb71a_5135554-01-06.jpg\",\"width\":1600,\"height\":800,\"caption\":\"Russian servicemen march on Red Square during the Victory Day military parade in central Moscow on May 9, 2022. Russia celebrates the 77th anniversary of the victory over Nazi Germany during World War II. (Photo by Kirill KUDRYAVTSEV \/ AFP)\"},{\"@type\":\"BreadcrumbList\",\"@id\":\"https:\/\/shams-alyaoum.com\/fr\/la-russie-commemore-sa-victoire-face-a-lallemagne-nazie-avec-son-traditionnel-defile-militaire-du-9-mai\/#breadcrumb\",\"itemListElement\":[{\"@type\":\"ListItem\",\"position\":1,\"name\":\"Accueil\",\"item\":\"https:\/\/shams-alyaoum.com\/fr\/\"},{\"@type\":\"ListItem\",\"position\":2,\"name\":\"La Russie comm\u00e9more sa victoire face \u00e0 l&rsquo;allemagne Nazie avec son traditionnel d\u00e9fil\u00e9 militaire du 9 Mai\"}]},{\"@type\":\"WebSite\",\"@id\":\"https:\/\/shams-alyaoum.com\/fr\/#website\",\"url\":\"https:\/\/shams-alyaoum.com\/fr\/\",\"name\":\"Magazine Shams Al Yaoum\",\"description\":\"\",\"potentialAction\":[{\"@type\":\"SearchAction\",\"target\":{\"@type\":\"EntryPoint\",\"urlTemplate\":\"https:\/\/shams-alyaoum.com\/fr\/?s={search_term_string}\"},\"query-input\":{\"@type\":\"PropertyValueSpecification\",\"valueRequired\":true,\"valueName\":\"search_term_string\"}}],\"inLanguage\":\"fr-FR\"},{\"@type\":\"Person\",\"@id\":\"https:\/\/shams-alyaoum.com\/fr\/#\/schema\/person\/7b572f8c370a521e35112e88da52dce5\",\"name\":\"shamsalyaoum\",\"image\":{\"@type\":\"ImageObject\",\"inLanguage\":\"fr-FR\",\"@id\":\"https:\/\/shams-alyaoum.com\/fr\/#\/schema\/person\/image\/\",\"url\":\"https:\/\/secure.gravatar.com\/avatar\/11774fd6260846ea4d3230345b47c868eaffb0fe76386b1a8b3cc24c8dc91f3d?s=96&d=mm&r=g\",\"contentUrl\":\"https:\/\/secure.gravatar.com\/avatar\/11774fd6260846ea4d3230345b47c868eaffb0fe76386b1a8b3cc24c8dc91f3d?s=96&d=mm&r=g\",\"caption\":\"shamsalyaoum\"},\"url\":\"https:\/\/shams-alyaoum.com\/fr\/author\/shamsalyaoum\/\"}]}<\/script>\n<!-- \/ Yoast SEO plugin. -->","yoast_head_json":{"title":"La Russie comm\u00e9more sa victoire face \u00e0 l'allemagne Nazie avec son traditionnel d\u00e9fil\u00e9 militaire du 9 Mai - Magazine Shams Al Yaoum","robots":{"index":"index","follow":"follow","max-snippet":"max-snippet:-1","max-image-preview":"max-image-preview:large","max-video-preview":"max-video-preview:-1"},"canonical":"https:\/\/shams-alyaoum.com\/fr\/la-russie-commemore-sa-victoire-face-a-lallemagne-nazie-avec-son-traditionnel-defile-militaire-du-9-mai\/","og_locale":"fr_FR","og_type":"article","og_title":"La Russie comm\u00e9more sa victoire face \u00e0 l'allemagne Nazie avec son traditionnel d\u00e9fil\u00e9 militaire du 9 Mai - Magazine Shams Al Yaoum","og_description":"Vladimir Poutine pr\u00e9sidera ce lundi les c\u00e9l\u00e9brations du 9-Mai, date de son traditionnel d\u00e9fil\u00e9 militaire sur la place-Rouge de Moscou qui comm\u00e9more la victoire de 1945 face \u00e0 l&rsquo;Allemagne nazie. Un 9-Mai tr\u00e8s attendu en plein conflit ukrainien, o\u00f9 le discours du pr\u00e9sident russe sera scrut\u00e9 par la communaut\u00e9 internationale.","og_url":"https:\/\/shams-alyaoum.com\/fr\/la-russie-commemore-sa-victoire-face-a-lallemagne-nazie-avec-son-traditionnel-defile-militaire-du-9-mai\/","og_site_name":"Magazine Shams Al Yaoum","article_published_time":"2022-05-09T11:16:02+00:00","article_modified_time":"2022-05-09T11:16:04+00:00","og_image":[{"width":1600,"height":800,"url":"https:\/\/shams-alyaoum.com\/fr\/wp-content\/uploads\/2022\/05\/61eb71a_5135554-01-06.jpg","type":"image\/jpeg"}],"author":"shamsalyaoum","twitter_card":"summary_large_image","twitter_misc":{"\u00c9crit par":"shamsalyaoum"},"schema":{"@context":"https:\/\/schema.org","@graph":[{"@type":"WebPage","@id":"https:\/\/shams-alyaoum.com\/fr\/la-russie-commemore-sa-victoire-face-a-lallemagne-nazie-avec-son-traditionnel-defile-militaire-du-9-mai\/","url":"https:\/\/shams-alyaoum.com\/fr\/la-russie-commemore-sa-victoire-face-a-lallemagne-nazie-avec-son-traditionnel-defile-militaire-du-9-mai\/","name":"La Russie comm\u00e9more sa victoire face \u00e0 l'allemagne Nazie avec son traditionnel d\u00e9fil\u00e9 militaire du 9 Mai - Magazine Shams Al Yaoum","isPartOf":{"@id":"https:\/\/shams-alyaoum.com\/fr\/#website"},"primaryImageOfPage":{"@id":"https:\/\/shams-alyaoum.com\/fr\/la-russie-commemore-sa-victoire-face-a-lallemagne-nazie-avec-son-traditionnel-defile-militaire-du-9-mai\/#primaryimage"},"image":{"@id":"https:\/\/shams-alyaoum.com\/fr\/la-russie-commemore-sa-victoire-face-a-lallemagne-nazie-avec-son-traditionnel-defile-militaire-du-9-mai\/#primaryimage"},"thumbnailUrl":"https:\/\/shams-alyaoum.com\/fr\/wp-content\/uploads\/2022\/05\/61eb71a_5135554-01-06.jpg","datePublished":"2022-05-09T11:16:02+00:00","dateModified":"2022-05-09T11:16:04+00:00","author":{"@id":"https:\/\/shams-alyaoum.com\/fr\/#\/schema\/person\/7b572f8c370a521e35112e88da52dce5"},"breadcrumb":{"@id":"https:\/\/shams-alyaoum.com\/fr\/la-russie-commemore-sa-victoire-face-a-lallemagne-nazie-avec-son-traditionnel-defile-militaire-du-9-mai\/#breadcrumb"},"inLanguage":"fr-FR","potentialAction":[{"@type":"ReadAction","target":["https:\/\/shams-alyaoum.com\/fr\/la-russie-commemore-sa-victoire-face-a-lallemagne-nazie-avec-son-traditionnel-defile-militaire-du-9-mai\/"]}]},{"@type":"ImageObject","inLanguage":"fr-FR","@id":"https:\/\/shams-alyaoum.com\/fr\/la-russie-commemore-sa-victoire-face-a-lallemagne-nazie-avec-son-traditionnel-defile-militaire-du-9-mai\/#primaryimage","url":"https:\/\/shams-alyaoum.com\/fr\/wp-content\/uploads\/2022\/05\/61eb71a_5135554-01-06.jpg","contentUrl":"https:\/\/shams-alyaoum.com\/fr\/wp-content\/uploads\/2022\/05\/61eb71a_5135554-01-06.jpg","width":1600,"height":800,"caption":"Russian servicemen march on Red Square during the Victory Day military parade in central Moscow on May 9, 2022. Russia celebrates the 77th anniversary of the victory over Nazi Germany during World War II. (Photo by Kirill KUDRYAVTSEV \/ AFP)"},{"@type":"BreadcrumbList","@id":"https:\/\/shams-alyaoum.com\/fr\/la-russie-commemore-sa-victoire-face-a-lallemagne-nazie-avec-son-traditionnel-defile-militaire-du-9-mai\/#breadcrumb","itemListElement":[{"@type":"ListItem","position":1,"name":"Accueil","item":"https:\/\/shams-alyaoum.com\/fr\/"},{"@type":"ListItem","position":2,"name":"La Russie comm\u00e9more sa victoire face \u00e0 l&rsquo;allemagne Nazie avec son traditionnel d\u00e9fil\u00e9 militaire du 9 Mai"}]},{"@type":"WebSite","@id":"https:\/\/shams-alyaoum.com\/fr\/#website","url":"https:\/\/shams-alyaoum.com\/fr\/","name":"Magazine Shams Al Yaoum","description":"","potentialAction":[{"@type":"SearchAction","target":{"@type":"EntryPoint","urlTemplate":"https:\/\/shams-alyaoum.com\/fr\/?s={search_term_string}"},"query-input":{"@type":"PropertyValueSpecification","valueRequired":true,"valueName":"search_term_string"}}],"inLanguage":"fr-FR"},{"@type":"Person","@id":"https:\/\/shams-alyaoum.com\/fr\/#\/schema\/person\/7b572f8c370a521e35112e88da52dce5","name":"shamsalyaoum","image":{"@type":"ImageObject","inLanguage":"fr-FR","@id":"https:\/\/shams-alyaoum.com\/fr\/#\/schema\/person\/image\/","url":"https:\/\/secure.gravatar.com\/avatar\/11774fd6260846ea4d3230345b47c868eaffb0fe76386b1a8b3cc24c8dc91f3d?s=96&d=mm&r=g","contentUrl":"https:\/\/secure.gravatar.com\/avatar\/11774fd6260846ea4d3230345b47c868eaffb0fe76386b1a8b3cc24c8dc91f3d?s=96&d=mm&r=g","caption":"shamsalyaoum"},"url":"https:\/\/shams-alyaoum.com\/fr\/author\/shamsalyaoum\/"}]}},"_links":{"self":[{"href":"https:\/\/shams-alyaoum.com\/fr\/wp-json\/wp\/v2\/posts\/4546","targetHints":{"allow":["GET"]}}],"collection":[{"href":"https:\/\/shams-alyaoum.com\/fr\/wp-json\/wp\/v2\/posts"}],"about":[{"href":"https:\/\/shams-alyaoum.com\/fr\/wp-json\/wp\/v2\/types\/post"}],"author":[{"embeddable":true,"href":"https:\/\/shams-alyaoum.com\/fr\/wp-json\/wp\/v2\/users\/2"}],"replies":[{"embeddable":true,"href":"https:\/\/shams-alyaoum.com\/fr\/wp-json\/wp\/v2\/comments?post=4546"}],"version-history":[{"count":1,"href":"https:\/\/shams-alyaoum.com\/fr\/wp-json\/wp\/v2\/posts\/4546\/revisions"}],"predecessor-version":[{"id":4548,"href":"https:\/\/shams-alyaoum.com\/fr\/wp-json\/wp\/v2\/posts\/4546\/revisions\/4548"}],"wp:featuredmedia":[{"embeddable":true,"href":"https:\/\/shams-alyaoum.com\/fr\/wp-json\/wp\/v2\/media\/4547"}],"wp:attachment":[{"href":"https:\/\/shams-alyaoum.com\/fr\/wp-json\/wp\/v2\/media?parent=4546"}],"wp:term":[{"taxonomy":"category","embeddable":true,"href":"https:\/\/shams-alyaoum.com\/fr\/wp-json\/wp\/v2\/categories?post=4546"},{"taxonomy":"post_tag","embeddable":true,"href":"https:\/\/shams-alyaoum.com\/fr\/wp-json\/wp\/v2\/tags?post=4546"}],"curies":[{"name":"wp","href":"https:\/\/api.w.org\/{rel}","templated":true}]}}