{"id":4367,"date":"2022-04-30T14:00:41","date_gmt":"2022-04-30T12:00:41","guid":{"rendered":"https:\/\/shams-alyaoum.com\/fr\/?p=4367"},"modified":"2022-04-30T14:00:42","modified_gmt":"2022-04-30T12:00:42","slug":"guerre-en-ukraine-emmanuel-macron-promet-zelensky-de-renforcer-lappui-militaire-humanitaire","status":"publish","type":"post","link":"https:\/\/shams-alyaoum.com\/fr\/guerre-en-ukraine-emmanuel-macron-promet-zelensky-de-renforcer-lappui-militaire-humanitaire\/","title":{"rendered":"Guerre en Ukraine: Emmanuel Macron promet Zelensky de renforcer l&rsquo;appui militaire humanitaire"},"content":{"rendered":"\n<p>Emmanuel Macron, le pr\u00e9sident fran\u00e7ais a promis \u00e0 Volodymyr Zelensky, le pr\u00e9sident ukrainien de \u00ab\u00a0renforcer l&rsquo;appui \u00e0 l&rsquo;Ukraine en armes de d\u00e9fense, et en aide humanitaire\u00a0\u00bb, lors d&rsquo;un \u00e9change t\u00e9l\u00e9phonique qui a dur\u00e9 une heure ce samedi.<\/p>\n","protected":false},"excerpt":{"rendered":"<p>Emmanuel Macron, le pr\u00e9sident fran\u00e7ais a promis \u00e0 Volodymyr Zelensky, le pr\u00e9sident ukrainien de \u00ab\u00a0renforcer l&rsquo;appui \u00e0 l&rsquo;Ukraine en armes de d\u00e9fense, et en aide humanitaire\u00a0\u00bb, lors d&rsquo;un \u00e9change t\u00e9l\u00e9phonique qui a dur\u00e9 une heure ce samedi.<\/p>\n","protected":false},"author":2,"featured_media":4369,"comment_status":"closed","ping_status":"open","sticky":false,"template":"","format":"standard","meta":{"footnotes":""},"categories":[2,24],"tags":[68,523,848,143,69,930],"class_list":["post-4367","post","type-post","status-publish","format-standard","has-post-thumbnail","hentry","category-news","category-politique","tag-guerre","tag-macron-2","tag-president-francais","tag-russie","tag-ukraine","tag-zelensky"],"yoast_head":"<!-- This site is optimized with the Yoast SEO plugin v26.3 - https:\/\/yoast.com\/wordpress\/plugins\/seo\/ -->\n<title>Guerre en Ukraine: Emmanuel Macron promet Zelensky de renforcer l&#039;appui militaire humanitaire - Magazine Shams Al Yaoum<\/title>\n<meta name=\"robots\" content=\"index, follow, max-snippet:-1, max-image-preview:large, max-video-preview:-1\" \/>\n<link rel=\"canonical\" href=\"https:\/\/shams-alyaoum.com\/fr\/guerre-en-ukraine-emmanuel-macron-promet-zelensky-de-renforcer-lappui-militaire-humanitaire\/\" \/>\n<meta property=\"og:locale\" content=\"fr_FR\" \/>\n<meta property=\"og:type\" content=\"article\" \/>\n<meta property=\"og:title\" content=\"Guerre en Ukraine: Emmanuel Macron promet Zelensky de renforcer l&#039;appui militaire humanitaire - Magazine Shams Al Yaoum\" \/>\n<meta property=\"og:description\" content=\"Emmanuel Macron, le pr\u00e9sident fran\u00e7ais a promis \u00e0 Volodymyr Zelensky, le pr\u00e9sident ukrainien de \u00ab\u00a0renforcer l&rsquo;appui \u00e0 l&rsquo;Ukraine en armes de d\u00e9fense, et en aide humanitaire\u00a0\u00bb, lors d&rsquo;un \u00e9change t\u00e9l\u00e9phonique qui a dur\u00e9 une heure ce samedi.\" \/>\n<meta property=\"og:url\" content=\"https:\/\/shams-alyaoum.com\/fr\/guerre-en-ukraine-emmanuel-macron-promet-zelensky-de-renforcer-lappui-militaire-humanitaire\/\" \/>\n<meta property=\"og:site_name\" content=\"Magazine Shams Al Yaoum\" \/>\n<meta property=\"article:published_time\" content=\"2022-04-30T12:00:41+00:00\" \/>\n<meta property=\"article:modified_time\" content=\"2022-04-30T12:00:42+00:00\" \/>\n<meta property=\"og:image\" content=\"https:\/\/shams-alyaoum.com\/fr\/wp-content\/uploads\/2022\/04\/image-2-2.jpg\" \/>\n\t<meta property=\"og:image:width\" content=\"885\" \/>\n\t<meta property=\"og:image:height\" content=\"500\" \/>\n\t<meta property=\"og:image:type\" content=\"image\/jpeg\" \/>\n<meta name=\"author\" content=\"shamsalyaoum\" \/>\n<meta name=\"twitter:card\" content=\"summary_large_image\" \/>\n<meta name=\"twitter:label1\" content=\"\u00c9crit par\" \/>\n\t<meta name=\"twitter:data1\" content=\"shamsalyaoum\" \/>\n<script type=\"application\/ld+json\" class=\"yoast-schema-graph\">{\"@context\":\"https:\/\/schema.org\",\"@graph\":[{\"@type\":\"WebPage\",\"@id\":\"https:\/\/shams-alyaoum.com\/fr\/guerre-en-ukraine-emmanuel-macron-promet-zelensky-de-renforcer-lappui-militaire-humanitaire\/\",\"url\":\"https:\/\/shams-alyaoum.com\/fr\/guerre-en-ukraine-emmanuel-macron-promet-zelensky-de-renforcer-lappui-militaire-humanitaire\/\",\"name\":\"Guerre en Ukraine: Emmanuel Macron promet Zelensky de renforcer l'appui militaire humanitaire - Magazine Shams Al Yaoum\",\"isPartOf\":{\"@id\":\"https:\/\/shams-alyaoum.com\/fr\/#website\"},\"primaryImageOfPage\":{\"@id\":\"https:\/\/shams-alyaoum.com\/fr\/guerre-en-ukraine-emmanuel-macron-promet-zelensky-de-renforcer-lappui-militaire-humanitaire\/#primaryimage\"},\"image\":{\"@id\":\"https:\/\/shams-alyaoum.com\/fr\/guerre-en-ukraine-emmanuel-macron-promet-zelensky-de-renforcer-lappui-militaire-humanitaire\/#primaryimage\"},\"thumbnailUrl\":\"https:\/\/shams-alyaoum.com\/fr\/wp-content\/uploads\/2022\/04\/image-2-2.jpg\",\"datePublished\":\"2022-04-30T12:00:41+00:00\",\"dateModified\":\"2022-04-30T12:00:42+00:00\",\"author\":{\"@id\":\"https:\/\/shams-alyaoum.com\/fr\/#\/schema\/person\/7b572f8c370a521e35112e88da52dce5\"},\"breadcrumb\":{\"@id\":\"https:\/\/shams-alyaoum.com\/fr\/guerre-en-ukraine-emmanuel-macron-promet-zelensky-de-renforcer-lappui-militaire-humanitaire\/#breadcrumb\"},\"inLanguage\":\"fr-FR\",\"potentialAction\":[{\"@type\":\"ReadAction\",\"target\":[\"https:\/\/shams-alyaoum.com\/fr\/guerre-en-ukraine-emmanuel-macron-promet-zelensky-de-renforcer-lappui-militaire-humanitaire\/\"]}]},{\"@type\":\"ImageObject\",\"inLanguage\":\"fr-FR\",\"@id\":\"https:\/\/shams-alyaoum.com\/fr\/guerre-en-ukraine-emmanuel-macron-promet-zelensky-de-renforcer-lappui-militaire-humanitaire\/#primaryimage\",\"url\":\"https:\/\/shams-alyaoum.com\/fr\/wp-content\/uploads\/2022\/04\/image-2-2.jpg\",\"contentUrl\":\"https:\/\/shams-alyaoum.com\/fr\/wp-content\/uploads\/2022\/04\/image-2-2.jpg\",\"width\":885,\"height\":500},{\"@type\":\"BreadcrumbList\",\"@id\":\"https:\/\/shams-alyaoum.com\/fr\/guerre-en-ukraine-emmanuel-macron-promet-zelensky-de-renforcer-lappui-militaire-humanitaire\/#breadcrumb\",\"itemListElement\":[{\"@type\":\"ListItem\",\"position\":1,\"name\":\"Accueil\",\"item\":\"https:\/\/shams-alyaoum.com\/fr\/\"},{\"@type\":\"ListItem\",\"position\":2,\"name\":\"Guerre en Ukraine: Emmanuel Macron promet Zelensky de renforcer l&rsquo;appui militaire humanitaire\"}]},{\"@type\":\"WebSite\",\"@id\":\"https:\/\/shams-alyaoum.com\/fr\/#website\",\"url\":\"https:\/\/shams-alyaoum.com\/fr\/\",\"name\":\"Magazine Shams Al Yaoum\",\"description\":\"\",\"potentialAction\":[{\"@type\":\"SearchAction\",\"target\":{\"@type\":\"EntryPoint\",\"urlTemplate\":\"https:\/\/shams-alyaoum.com\/fr\/?s={search_term_string}\"},\"query-input\":{\"@type\":\"PropertyValueSpecification\",\"valueRequired\":true,\"valueName\":\"search_term_string\"}}],\"inLanguage\":\"fr-FR\"},{\"@type\":\"Person\",\"@id\":\"https:\/\/shams-alyaoum.com\/fr\/#\/schema\/person\/7b572f8c370a521e35112e88da52dce5\",\"name\":\"shamsalyaoum\",\"image\":{\"@type\":\"ImageObject\",\"inLanguage\":\"fr-FR\",\"@id\":\"https:\/\/shams-alyaoum.com\/fr\/#\/schema\/person\/image\/\",\"url\":\"https:\/\/secure.gravatar.com\/avatar\/11774fd6260846ea4d3230345b47c868eaffb0fe76386b1a8b3cc24c8dc91f3d?s=96&d=mm&r=g\",\"contentUrl\":\"https:\/\/secure.gravatar.com\/avatar\/11774fd6260846ea4d3230345b47c868eaffb0fe76386b1a8b3cc24c8dc91f3d?s=96&d=mm&r=g\",\"caption\":\"shamsalyaoum\"},\"url\":\"https:\/\/shams-alyaoum.com\/fr\/author\/shamsalyaoum\/\"}]}<\/script>\n<!-- \/ Yoast SEO plugin. -->","yoast_head_json":{"title":"Guerre en Ukraine: Emmanuel Macron promet Zelensky de renforcer l'appui militaire humanitaire - Magazine Shams Al Yaoum","robots":{"index":"index","follow":"follow","max-snippet":"max-snippet:-1","max-image-preview":"max-image-preview:large","max-video-preview":"max-video-preview:-1"},"canonical":"https:\/\/shams-alyaoum.com\/fr\/guerre-en-ukraine-emmanuel-macron-promet-zelensky-de-renforcer-lappui-militaire-humanitaire\/","og_locale":"fr_FR","og_type":"article","og_title":"Guerre en Ukraine: Emmanuel Macron promet Zelensky de renforcer l'appui militaire humanitaire - Magazine Shams Al Yaoum","og_description":"Emmanuel Macron, le pr\u00e9sident fran\u00e7ais a promis \u00e0 Volodymyr Zelensky, le pr\u00e9sident ukrainien de \u00ab\u00a0renforcer l&rsquo;appui \u00e0 l&rsquo;Ukraine en armes de d\u00e9fense, et en aide humanitaire\u00a0\u00bb, lors d&rsquo;un \u00e9change t\u00e9l\u00e9phonique qui a dur\u00e9 une heure ce samedi.","og_url":"https:\/\/shams-alyaoum.com\/fr\/guerre-en-ukraine-emmanuel-macron-promet-zelensky-de-renforcer-lappui-militaire-humanitaire\/","og_site_name":"Magazine Shams Al Yaoum","article_published_time":"2022-04-30T12:00:41+00:00","article_modified_time":"2022-04-30T12:00:42+00:00","og_image":[{"width":885,"height":500,"url":"https:\/\/shams-alyaoum.com\/fr\/wp-content\/uploads\/2022\/04\/image-2-2.jpg","type":"image\/jpeg"}],"author":"shamsalyaoum","twitter_card":"summary_large_image","twitter_misc":{"\u00c9crit par":"shamsalyaoum"},"schema":{"@context":"https:\/\/schema.org","@graph":[{"@type":"WebPage","@id":"https:\/\/shams-alyaoum.com\/fr\/guerre-en-ukraine-emmanuel-macron-promet-zelensky-de-renforcer-lappui-militaire-humanitaire\/","url":"https:\/\/shams-alyaoum.com\/fr\/guerre-en-ukraine-emmanuel-macron-promet-zelensky-de-renforcer-lappui-militaire-humanitaire\/","name":"Guerre en Ukraine: Emmanuel Macron promet Zelensky de renforcer l'appui militaire humanitaire - Magazine Shams Al Yaoum","isPartOf":{"@id":"https:\/\/shams-alyaoum.com\/fr\/#website"},"primaryImageOfPage":{"@id":"https:\/\/shams-alyaoum.com\/fr\/guerre-en-ukraine-emmanuel-macron-promet-zelensky-de-renforcer-lappui-militaire-humanitaire\/#primaryimage"},"image":{"@id":"https:\/\/shams-alyaoum.com\/fr\/guerre-en-ukraine-emmanuel-macron-promet-zelensky-de-renforcer-lappui-militaire-humanitaire\/#primaryimage"},"thumbnailUrl":"https:\/\/shams-alyaoum.com\/fr\/wp-content\/uploads\/2022\/04\/image-2-2.jpg","datePublished":"2022-04-30T12:00:41+00:00","dateModified":"2022-04-30T12:00:42+00:00","author":{"@id":"https:\/\/shams-alyaoum.com\/fr\/#\/schema\/person\/7b572f8c370a521e35112e88da52dce5"},"breadcrumb":{"@id":"https:\/\/shams-alyaoum.com\/fr\/guerre-en-ukraine-emmanuel-macron-promet-zelensky-de-renforcer-lappui-militaire-humanitaire\/#breadcrumb"},"inLanguage":"fr-FR","potentialAction":[{"@type":"ReadAction","target":["https:\/\/shams-alyaoum.com\/fr\/guerre-en-ukraine-emmanuel-macron-promet-zelensky-de-renforcer-lappui-militaire-humanitaire\/"]}]},{"@type":"ImageObject","inLanguage":"fr-FR","@id":"https:\/\/shams-alyaoum.com\/fr\/guerre-en-ukraine-emmanuel-macron-promet-zelensky-de-renforcer-lappui-militaire-humanitaire\/#primaryimage","url":"https:\/\/shams-alyaoum.com\/fr\/wp-content\/uploads\/2022\/04\/image-2-2.jpg","contentUrl":"https:\/\/shams-alyaoum.com\/fr\/wp-content\/uploads\/2022\/04\/image-2-2.jpg","width":885,"height":500},{"@type":"BreadcrumbList","@id":"https:\/\/shams-alyaoum.com\/fr\/guerre-en-ukraine-emmanuel-macron-promet-zelensky-de-renforcer-lappui-militaire-humanitaire\/#breadcrumb","itemListElement":[{"@type":"ListItem","position":1,"name":"Accueil","item":"https:\/\/shams-alyaoum.com\/fr\/"},{"@type":"ListItem","position":2,"name":"Guerre en Ukraine: Emmanuel Macron promet Zelensky de renforcer l&rsquo;appui militaire humanitaire"}]},{"@type":"WebSite","@id":"https:\/\/shams-alyaoum.com\/fr\/#website","url":"https:\/\/shams-alyaoum.com\/fr\/","name":"Magazine Shams Al Yaoum","description":"","potentialAction":[{"@type":"SearchAction","target":{"@type":"EntryPoint","urlTemplate":"https:\/\/shams-alyaoum.com\/fr\/?s={search_term_string}"},"query-input":{"@type":"PropertyValueSpecification","valueRequired":true,"valueName":"search_term_string"}}],"inLanguage":"fr-FR"},{"@type":"Person","@id":"https:\/\/shams-alyaoum.com\/fr\/#\/schema\/person\/7b572f8c370a521e35112e88da52dce5","name":"shamsalyaoum","image":{"@type":"ImageObject","inLanguage":"fr-FR","@id":"https:\/\/shams-alyaoum.com\/fr\/#\/schema\/person\/image\/","url":"https:\/\/secure.gravatar.com\/avatar\/11774fd6260846ea4d3230345b47c868eaffb0fe76386b1a8b3cc24c8dc91f3d?s=96&d=mm&r=g","contentUrl":"https:\/\/secure.gravatar.com\/avatar\/11774fd6260846ea4d3230345b47c868eaffb0fe76386b1a8b3cc24c8dc91f3d?s=96&d=mm&r=g","caption":"shamsalyaoum"},"url":"https:\/\/shams-alyaoum.com\/fr\/author\/shamsalyaoum\/"}]}},"_links":{"self":[{"href":"https:\/\/shams-alyaoum.com\/fr\/wp-json\/wp\/v2\/posts\/4367","targetHints":{"allow":["GET"]}}],"collection":[{"href":"https:\/\/shams-alyaoum.com\/fr\/wp-json\/wp\/v2\/posts"}],"about":[{"href":"https:\/\/shams-alyaoum.com\/fr\/wp-json\/wp\/v2\/types\/post"}],"author":[{"embeddable":true,"href":"https:\/\/shams-alyaoum.com\/fr\/wp-json\/wp\/v2\/users\/2"}],"replies":[{"embeddable":true,"href":"https:\/\/shams-alyaoum.com\/fr\/wp-json\/wp\/v2\/comments?post=4367"}],"version-history":[{"count":1,"href":"https:\/\/shams-alyaoum.com\/fr\/wp-json\/wp\/v2\/posts\/4367\/revisions"}],"predecessor-version":[{"id":4370,"href":"https:\/\/shams-alyaoum.com\/fr\/wp-json\/wp\/v2\/posts\/4367\/revisions\/4370"}],"wp:featuredmedia":[{"embeddable":true,"href":"https:\/\/shams-alyaoum.com\/fr\/wp-json\/wp\/v2\/media\/4369"}],"wp:attachment":[{"href":"https:\/\/shams-alyaoum.com\/fr\/wp-json\/wp\/v2\/media?parent=4367"}],"wp:term":[{"taxonomy":"category","embeddable":true,"href":"https:\/\/shams-alyaoum.com\/fr\/wp-json\/wp\/v2\/categories?post=4367"},{"taxonomy":"post_tag","embeddable":true,"href":"https:\/\/shams-alyaoum.com\/fr\/wp-json\/wp\/v2\/tags?post=4367"}],"curies":[{"name":"wp","href":"https:\/\/api.w.org\/{rel}","templated":true}]}}