{"id":4301,"date":"2022-04-29T09:54:46","date_gmt":"2022-04-29T07:54:46","guid":{"rendered":"https:\/\/shams-alyaoum.com\/fr\/?p=4301"},"modified":"2022-04-29T09:54:48","modified_gmt":"2022-04-29T07:54:48","slug":"france-legislatives-un-accord-a-ete-conclu-entre-la-france-insoumise-et-generation","status":"publish","type":"post","link":"https:\/\/shams-alyaoum.com\/fr\/france-legislatives-un-accord-a-ete-conclu-entre-la-france-insoumise-et-generation\/","title":{"rendered":"France-l\u00e9gislatives: Un accord a \u00e9t\u00e9 conclu entre la France insoumise et g\u00e9n\u00e9ration"},"content":{"rendered":"\n<p>La France insoumise\u00a0tient son premier accord. Le parti de Jean-Luc M\u00e9lenchon a conclu avec G\u00e9n\u00e9rations, le mouvement fond\u00e9 par Beno\u00eet Hamon, un accord pour les l\u00e9gislatives.<\/p>\n\n\n\n<p>Le nombre de circonscriptions r\u00e9serv\u00e9es \u00e0 G\u00e9n\u00e9rations n&rsquo;est<em>\u00a0\u00ab\u00a0pas fix\u00e9\u00a0\u00bb<\/em>, selon le\u00a0coordinateur national du parti,\u00a0Benjamin Lucas, mais la formation esp\u00e8re\u00a0<em>\u00ab\u00a0au moins 10 \u00e0 15 circonscriptions\u00a0\u00bb<\/em>.\u00a0<\/p>\n","protected":false},"excerpt":{"rendered":"<p>La France insoumise\u00a0tient son premier accord. Le parti de Jean-Luc M\u00e9lenchon a conclu avec G\u00e9n\u00e9rations, le mouvement fond\u00e9 par Beno\u00eet Hamon, un accord pour les l\u00e9gislatives. Le nombre de circonscriptions r\u00e9serv\u00e9es \u00e0 G\u00e9n\u00e9rations n&rsquo;est\u00a0\u00ab\u00a0pas fix\u00e9\u00a0\u00bb, selon le\u00a0coordinateur national du parti,\u00a0Benjamin Lucas, mais la formation esp\u00e8re\u00a0\u00ab\u00a0au moins 10 \u00e0 15 circonscriptions\u00a0\u00bb.\u00a0<\/p>\n","protected":false},"author":2,"featured_media":4302,"comment_status":"closed","ping_status":"open","sticky":false,"template":"","format":"standard","meta":{"footnotes":""},"categories":[16,2,24],"tags":[420,902,412],"class_list":["post-4301","post","type-post","status-publish","format-standard","has-post-thumbnail","hentry","category-le-monde","category-news","category-politique","tag-france","tag-legislatives","tag-les-elections"],"yoast_head":"<!-- This site is optimized with the Yoast SEO plugin v26.3 - https:\/\/yoast.com\/wordpress\/plugins\/seo\/ -->\n<title>France-l\u00e9gislatives: Un accord a \u00e9t\u00e9 conclu entre la France insoumise et g\u00e9n\u00e9ration - Magazine Shams Al Yaoum<\/title>\n<meta name=\"robots\" content=\"index, follow, max-snippet:-1, max-image-preview:large, max-video-preview:-1\" \/>\n<link rel=\"canonical\" href=\"https:\/\/shams-alyaoum.com\/fr\/france-legislatives-un-accord-a-ete-conclu-entre-la-france-insoumise-et-generation\/\" \/>\n<meta property=\"og:locale\" content=\"fr_FR\" \/>\n<meta property=\"og:type\" content=\"article\" \/>\n<meta property=\"og:title\" content=\"France-l\u00e9gislatives: Un accord a \u00e9t\u00e9 conclu entre la France insoumise et g\u00e9n\u00e9ration - Magazine Shams Al Yaoum\" \/>\n<meta property=\"og:description\" content=\"La France insoumise\u00a0tient son premier accord. Le parti de Jean-Luc M\u00e9lenchon a conclu avec G\u00e9n\u00e9rations, le mouvement fond\u00e9 par Beno\u00eet Hamon, un accord pour les l\u00e9gislatives. Le nombre de circonscriptions r\u00e9serv\u00e9es \u00e0 G\u00e9n\u00e9rations n&rsquo;est\u00a0\u00ab\u00a0pas fix\u00e9\u00a0\u00bb, selon le\u00a0coordinateur national du parti,\u00a0Benjamin Lucas, mais la formation esp\u00e8re\u00a0\u00ab\u00a0au moins 10 \u00e0 15 circonscriptions\u00a0\u00bb.\u00a0\" \/>\n<meta property=\"og:url\" content=\"https:\/\/shams-alyaoum.com\/fr\/france-legislatives-un-accord-a-ete-conclu-entre-la-france-insoumise-et-generation\/\" \/>\n<meta property=\"og:site_name\" content=\"Magazine Shams Al Yaoum\" \/>\n<meta property=\"article:published_time\" content=\"2022-04-29T07:54:46+00:00\" \/>\n<meta property=\"article:modified_time\" content=\"2022-04-29T07:54:48+00:00\" \/>\n<meta property=\"og:image\" content=\"https:\/\/shams-alyaoum.com\/fr\/wp-content\/uploads\/2022\/04\/27324295.jpg\" \/>\n\t<meta property=\"og:image:width\" content=\"770\" \/>\n\t<meta property=\"og:image:height\" content=\"433\" \/>\n\t<meta property=\"og:image:type\" content=\"image\/jpeg\" \/>\n<meta name=\"author\" content=\"shamsalyaoum\" \/>\n<meta name=\"twitter:card\" content=\"summary_large_image\" \/>\n<meta name=\"twitter:label1\" content=\"\u00c9crit par\" \/>\n\t<meta name=\"twitter:data1\" content=\"shamsalyaoum\" \/>\n<script type=\"application\/ld+json\" class=\"yoast-schema-graph\">{\"@context\":\"https:\/\/schema.org\",\"@graph\":[{\"@type\":\"WebPage\",\"@id\":\"https:\/\/shams-alyaoum.com\/fr\/france-legislatives-un-accord-a-ete-conclu-entre-la-france-insoumise-et-generation\/\",\"url\":\"https:\/\/shams-alyaoum.com\/fr\/france-legislatives-un-accord-a-ete-conclu-entre-la-france-insoumise-et-generation\/\",\"name\":\"France-l\u00e9gislatives: Un accord a \u00e9t\u00e9 conclu entre la France insoumise et g\u00e9n\u00e9ration - Magazine Shams Al Yaoum\",\"isPartOf\":{\"@id\":\"https:\/\/shams-alyaoum.com\/fr\/#website\"},\"primaryImageOfPage\":{\"@id\":\"https:\/\/shams-alyaoum.com\/fr\/france-legislatives-un-accord-a-ete-conclu-entre-la-france-insoumise-et-generation\/#primaryimage\"},\"image\":{\"@id\":\"https:\/\/shams-alyaoum.com\/fr\/france-legislatives-un-accord-a-ete-conclu-entre-la-france-insoumise-et-generation\/#primaryimage\"},\"thumbnailUrl\":\"https:\/\/shams-alyaoum.com\/fr\/wp-content\/uploads\/2022\/04\/27324295.jpg\",\"datePublished\":\"2022-04-29T07:54:46+00:00\",\"dateModified\":\"2022-04-29T07:54:48+00:00\",\"author\":{\"@id\":\"https:\/\/shams-alyaoum.com\/fr\/#\/schema\/person\/7b572f8c370a521e35112e88da52dce5\"},\"breadcrumb\":{\"@id\":\"https:\/\/shams-alyaoum.com\/fr\/france-legislatives-un-accord-a-ete-conclu-entre-la-france-insoumise-et-generation\/#breadcrumb\"},\"inLanguage\":\"fr-FR\",\"potentialAction\":[{\"@type\":\"ReadAction\",\"target\":[\"https:\/\/shams-alyaoum.com\/fr\/france-legislatives-un-accord-a-ete-conclu-entre-la-france-insoumise-et-generation\/\"]}]},{\"@type\":\"ImageObject\",\"inLanguage\":\"fr-FR\",\"@id\":\"https:\/\/shams-alyaoum.com\/fr\/france-legislatives-un-accord-a-ete-conclu-entre-la-france-insoumise-et-generation\/#primaryimage\",\"url\":\"https:\/\/shams-alyaoum.com\/fr\/wp-content\/uploads\/2022\/04\/27324295.jpg\",\"contentUrl\":\"https:\/\/shams-alyaoum.com\/fr\/wp-content\/uploads\/2022\/04\/27324295.jpg\",\"width\":770,\"height\":433},{\"@type\":\"BreadcrumbList\",\"@id\":\"https:\/\/shams-alyaoum.com\/fr\/france-legislatives-un-accord-a-ete-conclu-entre-la-france-insoumise-et-generation\/#breadcrumb\",\"itemListElement\":[{\"@type\":\"ListItem\",\"position\":1,\"name\":\"Accueil\",\"item\":\"https:\/\/shams-alyaoum.com\/fr\/\"},{\"@type\":\"ListItem\",\"position\":2,\"name\":\"France-l\u00e9gislatives: Un accord a \u00e9t\u00e9 conclu entre la France insoumise et g\u00e9n\u00e9ration\"}]},{\"@type\":\"WebSite\",\"@id\":\"https:\/\/shams-alyaoum.com\/fr\/#website\",\"url\":\"https:\/\/shams-alyaoum.com\/fr\/\",\"name\":\"Magazine Shams Al Yaoum\",\"description\":\"\",\"potentialAction\":[{\"@type\":\"SearchAction\",\"target\":{\"@type\":\"EntryPoint\",\"urlTemplate\":\"https:\/\/shams-alyaoum.com\/fr\/?s={search_term_string}\"},\"query-input\":{\"@type\":\"PropertyValueSpecification\",\"valueRequired\":true,\"valueName\":\"search_term_string\"}}],\"inLanguage\":\"fr-FR\"},{\"@type\":\"Person\",\"@id\":\"https:\/\/shams-alyaoum.com\/fr\/#\/schema\/person\/7b572f8c370a521e35112e88da52dce5\",\"name\":\"shamsalyaoum\",\"image\":{\"@type\":\"ImageObject\",\"inLanguage\":\"fr-FR\",\"@id\":\"https:\/\/shams-alyaoum.com\/fr\/#\/schema\/person\/image\/\",\"url\":\"https:\/\/secure.gravatar.com\/avatar\/11774fd6260846ea4d3230345b47c868eaffb0fe76386b1a8b3cc24c8dc91f3d?s=96&d=mm&r=g\",\"contentUrl\":\"https:\/\/secure.gravatar.com\/avatar\/11774fd6260846ea4d3230345b47c868eaffb0fe76386b1a8b3cc24c8dc91f3d?s=96&d=mm&r=g\",\"caption\":\"shamsalyaoum\"},\"url\":\"https:\/\/shams-alyaoum.com\/fr\/author\/shamsalyaoum\/\"}]}<\/script>\n<!-- \/ Yoast SEO plugin. -->","yoast_head_json":{"title":"France-l\u00e9gislatives: Un accord a \u00e9t\u00e9 conclu entre la France insoumise et g\u00e9n\u00e9ration - Magazine Shams Al Yaoum","robots":{"index":"index","follow":"follow","max-snippet":"max-snippet:-1","max-image-preview":"max-image-preview:large","max-video-preview":"max-video-preview:-1"},"canonical":"https:\/\/shams-alyaoum.com\/fr\/france-legislatives-un-accord-a-ete-conclu-entre-la-france-insoumise-et-generation\/","og_locale":"fr_FR","og_type":"article","og_title":"France-l\u00e9gislatives: Un accord a \u00e9t\u00e9 conclu entre la France insoumise et g\u00e9n\u00e9ration - Magazine Shams Al Yaoum","og_description":"La France insoumise\u00a0tient son premier accord. Le parti de Jean-Luc M\u00e9lenchon a conclu avec G\u00e9n\u00e9rations, le mouvement fond\u00e9 par Beno\u00eet Hamon, un accord pour les l\u00e9gislatives. Le nombre de circonscriptions r\u00e9serv\u00e9es \u00e0 G\u00e9n\u00e9rations n&rsquo;est\u00a0\u00ab\u00a0pas fix\u00e9\u00a0\u00bb, selon le\u00a0coordinateur national du parti,\u00a0Benjamin Lucas, mais la formation esp\u00e8re\u00a0\u00ab\u00a0au moins 10 \u00e0 15 circonscriptions\u00a0\u00bb.\u00a0","og_url":"https:\/\/shams-alyaoum.com\/fr\/france-legislatives-un-accord-a-ete-conclu-entre-la-france-insoumise-et-generation\/","og_site_name":"Magazine Shams Al Yaoum","article_published_time":"2022-04-29T07:54:46+00:00","article_modified_time":"2022-04-29T07:54:48+00:00","og_image":[{"width":770,"height":433,"url":"https:\/\/shams-alyaoum.com\/fr\/wp-content\/uploads\/2022\/04\/27324295.jpg","type":"image\/jpeg"}],"author":"shamsalyaoum","twitter_card":"summary_large_image","twitter_misc":{"\u00c9crit par":"shamsalyaoum"},"schema":{"@context":"https:\/\/schema.org","@graph":[{"@type":"WebPage","@id":"https:\/\/shams-alyaoum.com\/fr\/france-legislatives-un-accord-a-ete-conclu-entre-la-france-insoumise-et-generation\/","url":"https:\/\/shams-alyaoum.com\/fr\/france-legislatives-un-accord-a-ete-conclu-entre-la-france-insoumise-et-generation\/","name":"France-l\u00e9gislatives: Un accord a \u00e9t\u00e9 conclu entre la France insoumise et g\u00e9n\u00e9ration - Magazine Shams Al Yaoum","isPartOf":{"@id":"https:\/\/shams-alyaoum.com\/fr\/#website"},"primaryImageOfPage":{"@id":"https:\/\/shams-alyaoum.com\/fr\/france-legislatives-un-accord-a-ete-conclu-entre-la-france-insoumise-et-generation\/#primaryimage"},"image":{"@id":"https:\/\/shams-alyaoum.com\/fr\/france-legislatives-un-accord-a-ete-conclu-entre-la-france-insoumise-et-generation\/#primaryimage"},"thumbnailUrl":"https:\/\/shams-alyaoum.com\/fr\/wp-content\/uploads\/2022\/04\/27324295.jpg","datePublished":"2022-04-29T07:54:46+00:00","dateModified":"2022-04-29T07:54:48+00:00","author":{"@id":"https:\/\/shams-alyaoum.com\/fr\/#\/schema\/person\/7b572f8c370a521e35112e88da52dce5"},"breadcrumb":{"@id":"https:\/\/shams-alyaoum.com\/fr\/france-legislatives-un-accord-a-ete-conclu-entre-la-france-insoumise-et-generation\/#breadcrumb"},"inLanguage":"fr-FR","potentialAction":[{"@type":"ReadAction","target":["https:\/\/shams-alyaoum.com\/fr\/france-legislatives-un-accord-a-ete-conclu-entre-la-france-insoumise-et-generation\/"]}]},{"@type":"ImageObject","inLanguage":"fr-FR","@id":"https:\/\/shams-alyaoum.com\/fr\/france-legislatives-un-accord-a-ete-conclu-entre-la-france-insoumise-et-generation\/#primaryimage","url":"https:\/\/shams-alyaoum.com\/fr\/wp-content\/uploads\/2022\/04\/27324295.jpg","contentUrl":"https:\/\/shams-alyaoum.com\/fr\/wp-content\/uploads\/2022\/04\/27324295.jpg","width":770,"height":433},{"@type":"BreadcrumbList","@id":"https:\/\/shams-alyaoum.com\/fr\/france-legislatives-un-accord-a-ete-conclu-entre-la-france-insoumise-et-generation\/#breadcrumb","itemListElement":[{"@type":"ListItem","position":1,"name":"Accueil","item":"https:\/\/shams-alyaoum.com\/fr\/"},{"@type":"ListItem","position":2,"name":"France-l\u00e9gislatives: Un accord a \u00e9t\u00e9 conclu entre la France insoumise et g\u00e9n\u00e9ration"}]},{"@type":"WebSite","@id":"https:\/\/shams-alyaoum.com\/fr\/#website","url":"https:\/\/shams-alyaoum.com\/fr\/","name":"Magazine Shams Al Yaoum","description":"","potentialAction":[{"@type":"SearchAction","target":{"@type":"EntryPoint","urlTemplate":"https:\/\/shams-alyaoum.com\/fr\/?s={search_term_string}"},"query-input":{"@type":"PropertyValueSpecification","valueRequired":true,"valueName":"search_term_string"}}],"inLanguage":"fr-FR"},{"@type":"Person","@id":"https:\/\/shams-alyaoum.com\/fr\/#\/schema\/person\/7b572f8c370a521e35112e88da52dce5","name":"shamsalyaoum","image":{"@type":"ImageObject","inLanguage":"fr-FR","@id":"https:\/\/shams-alyaoum.com\/fr\/#\/schema\/person\/image\/","url":"https:\/\/secure.gravatar.com\/avatar\/11774fd6260846ea4d3230345b47c868eaffb0fe76386b1a8b3cc24c8dc91f3d?s=96&d=mm&r=g","contentUrl":"https:\/\/secure.gravatar.com\/avatar\/11774fd6260846ea4d3230345b47c868eaffb0fe76386b1a8b3cc24c8dc91f3d?s=96&d=mm&r=g","caption":"shamsalyaoum"},"url":"https:\/\/shams-alyaoum.com\/fr\/author\/shamsalyaoum\/"}]}},"_links":{"self":[{"href":"https:\/\/shams-alyaoum.com\/fr\/wp-json\/wp\/v2\/posts\/4301","targetHints":{"allow":["GET"]}}],"collection":[{"href":"https:\/\/shams-alyaoum.com\/fr\/wp-json\/wp\/v2\/posts"}],"about":[{"href":"https:\/\/shams-alyaoum.com\/fr\/wp-json\/wp\/v2\/types\/post"}],"author":[{"embeddable":true,"href":"https:\/\/shams-alyaoum.com\/fr\/wp-json\/wp\/v2\/users\/2"}],"replies":[{"embeddable":true,"href":"https:\/\/shams-alyaoum.com\/fr\/wp-json\/wp\/v2\/comments?post=4301"}],"version-history":[{"count":1,"href":"https:\/\/shams-alyaoum.com\/fr\/wp-json\/wp\/v2\/posts\/4301\/revisions"}],"predecessor-version":[{"id":4303,"href":"https:\/\/shams-alyaoum.com\/fr\/wp-json\/wp\/v2\/posts\/4301\/revisions\/4303"}],"wp:featuredmedia":[{"embeddable":true,"href":"https:\/\/shams-alyaoum.com\/fr\/wp-json\/wp\/v2\/media\/4302"}],"wp:attachment":[{"href":"https:\/\/shams-alyaoum.com\/fr\/wp-json\/wp\/v2\/media?parent=4301"}],"wp:term":[{"taxonomy":"category","embeddable":true,"href":"https:\/\/shams-alyaoum.com\/fr\/wp-json\/wp\/v2\/categories?post=4301"},{"taxonomy":"post_tag","embeddable":true,"href":"https:\/\/shams-alyaoum.com\/fr\/wp-json\/wp\/v2\/tags?post=4301"}],"curies":[{"name":"wp","href":"https:\/\/api.w.org\/{rel}","templated":true}]}}