{"id":4041,"date":"2022-04-24T20:44:43","date_gmt":"2022-04-24T18:44:43","guid":{"rendered":"https:\/\/shams-alyaoum.com\/fr\/?p=4041"},"modified":"2022-04-24T20:44:45","modified_gmt":"2022-04-24T18:44:45","slug":"emmanuel-macron-reelu-a-la-presidence-de-la-republique","status":"publish","type":"post","link":"https:\/\/shams-alyaoum.com\/fr\/emmanuel-macron-reelu-a-la-presidence-de-la-republique\/","title":{"rendered":"Emmanuel Macron r\u00e9\u00e9lu \u00e0 la pr\u00e9sidence de la R\u00e9publique"},"content":{"rendered":"\n<p>Le pr\u00e9sident sortant de France, Emmanuel Macron, a \u00e9t\u00e9 r\u00e9\u00e9lu, ce dimanche 24 avril 2022, pour un deuxi\u00e8me mandat de cinq ans, avec 58% des voix, selon les premi\u00e8res estimations, face \u00e0 Marine Le Pen.<\/p>\n\n\n\n<p>Emmanuel Macron a remport\u00e9 entre 57,6% et 58,2% des voix, devant la candidate du Rassemblement national, cr\u00e9dit\u00e9e de 41,8% \u00e0 42,4% des suffrages, selon ces estimations.<br><br>Le taux d&rsquo;abstention s&rsquo;\u00e9l\u00e8ve quant \u00e0 lui entre 27,8% et 29,8%.<\/p>\n","protected":false},"excerpt":{"rendered":"<p>Le pr\u00e9sident sortant de France, Emmanuel Macron, a \u00e9t\u00e9 r\u00e9\u00e9lu, ce dimanche 24 avril 2022, pour un deuxi\u00e8me mandat de cinq ans, avec 58% des voix, selon les premi\u00e8res estimations, face \u00e0 Marine Le Pen. Emmanuel Macron a remport\u00e9 entre 57,6% et 58,2% des voix, devant la candidate du Rassemblement national, cr\u00e9dit\u00e9e de 41,8% \u00e0 &hellip;<\/p>\n","protected":false},"author":2,"featured_media":4042,"comment_status":"closed","ping_status":"open","sticky":false,"template":"","format":"standard","meta":{"footnotes":""},"categories":[16,2],"tags":[81,787,786],"class_list":["post-4041","post","type-post","status-publish","format-standard","has-post-thumbnail","hentry","category-le-monde","category-news","tag-emmanuel-macron","tag-president","tag-reelu"],"yoast_head":"<!-- This site is optimized with the Yoast SEO plugin v26.3 - https:\/\/yoast.com\/wordpress\/plugins\/seo\/ -->\n<title>Emmanuel Macron r\u00e9\u00e9lu \u00e0 la pr\u00e9sidence de la R\u00e9publique - Magazine Shams Al Yaoum<\/title>\n<meta name=\"robots\" content=\"index, follow, max-snippet:-1, max-image-preview:large, max-video-preview:-1\" \/>\n<link rel=\"canonical\" href=\"https:\/\/shams-alyaoum.com\/fr\/emmanuel-macron-reelu-a-la-presidence-de-la-republique\/\" \/>\n<meta property=\"og:locale\" content=\"fr_FR\" \/>\n<meta property=\"og:type\" content=\"article\" \/>\n<meta property=\"og:title\" content=\"Emmanuel Macron r\u00e9\u00e9lu \u00e0 la pr\u00e9sidence de la R\u00e9publique - Magazine Shams Al Yaoum\" \/>\n<meta property=\"og:description\" content=\"Le pr\u00e9sident sortant de France, Emmanuel Macron, a \u00e9t\u00e9 r\u00e9\u00e9lu, ce dimanche 24 avril 2022, pour un deuxi\u00e8me mandat de cinq ans, avec 58% des voix, selon les premi\u00e8res estimations, face \u00e0 Marine Le Pen. Emmanuel Macron a remport\u00e9 entre 57,6% et 58,2% des voix, devant la candidate du Rassemblement national, cr\u00e9dit\u00e9e de 41,8% \u00e0 &hellip;\" \/>\n<meta property=\"og:url\" content=\"https:\/\/shams-alyaoum.com\/fr\/emmanuel-macron-reelu-a-la-presidence-de-la-republique\/\" \/>\n<meta property=\"og:site_name\" content=\"Magazine Shams Al Yaoum\" \/>\n<meta property=\"article:published_time\" content=\"2022-04-24T18:44:43+00:00\" \/>\n<meta property=\"article:modified_time\" content=\"2022-04-24T18:44:45+00:00\" \/>\n<meta property=\"og:image\" content=\"https:\/\/shams-alyaoum.com\/fr\/wp-content\/uploads\/2022\/04\/emmanuel-macron-24-avril-2022-presidentielle_6350268.png\" \/>\n\t<meta property=\"og:image:width\" content=\"640\" \/>\n\t<meta property=\"og:image:height\" content=\"358\" \/>\n\t<meta property=\"og:image:type\" content=\"image\/png\" \/>\n<meta name=\"author\" content=\"shamsalyaoum\" \/>\n<meta name=\"twitter:card\" content=\"summary_large_image\" \/>\n<meta name=\"twitter:label1\" content=\"\u00c9crit par\" \/>\n\t<meta name=\"twitter:data1\" content=\"shamsalyaoum\" \/>\n<script type=\"application\/ld+json\" class=\"yoast-schema-graph\">{\"@context\":\"https:\/\/schema.org\",\"@graph\":[{\"@type\":\"WebPage\",\"@id\":\"https:\/\/shams-alyaoum.com\/fr\/emmanuel-macron-reelu-a-la-presidence-de-la-republique\/\",\"url\":\"https:\/\/shams-alyaoum.com\/fr\/emmanuel-macron-reelu-a-la-presidence-de-la-republique\/\",\"name\":\"Emmanuel Macron r\u00e9\u00e9lu \u00e0 la pr\u00e9sidence de la R\u00e9publique - Magazine Shams Al Yaoum\",\"isPartOf\":{\"@id\":\"https:\/\/shams-alyaoum.com\/fr\/#website\"},\"primaryImageOfPage\":{\"@id\":\"https:\/\/shams-alyaoum.com\/fr\/emmanuel-macron-reelu-a-la-presidence-de-la-republique\/#primaryimage\"},\"image\":{\"@id\":\"https:\/\/shams-alyaoum.com\/fr\/emmanuel-macron-reelu-a-la-presidence-de-la-republique\/#primaryimage\"},\"thumbnailUrl\":\"https:\/\/shams-alyaoum.com\/fr\/wp-content\/uploads\/2022\/04\/emmanuel-macron-24-avril-2022-presidentielle_6350268.png\",\"datePublished\":\"2022-04-24T18:44:43+00:00\",\"dateModified\":\"2022-04-24T18:44:45+00:00\",\"author\":{\"@id\":\"https:\/\/shams-alyaoum.com\/fr\/#\/schema\/person\/7b572f8c370a521e35112e88da52dce5\"},\"breadcrumb\":{\"@id\":\"https:\/\/shams-alyaoum.com\/fr\/emmanuel-macron-reelu-a-la-presidence-de-la-republique\/#breadcrumb\"},\"inLanguage\":\"fr-FR\",\"potentialAction\":[{\"@type\":\"ReadAction\",\"target\":[\"https:\/\/shams-alyaoum.com\/fr\/emmanuel-macron-reelu-a-la-presidence-de-la-republique\/\"]}]},{\"@type\":\"ImageObject\",\"inLanguage\":\"fr-FR\",\"@id\":\"https:\/\/shams-alyaoum.com\/fr\/emmanuel-macron-reelu-a-la-presidence-de-la-republique\/#primaryimage\",\"url\":\"https:\/\/shams-alyaoum.com\/fr\/wp-content\/uploads\/2022\/04\/emmanuel-macron-24-avril-2022-presidentielle_6350268.png\",\"contentUrl\":\"https:\/\/shams-alyaoum.com\/fr\/wp-content\/uploads\/2022\/04\/emmanuel-macron-24-avril-2022-presidentielle_6350268.png\",\"width\":640,\"height\":358},{\"@type\":\"BreadcrumbList\",\"@id\":\"https:\/\/shams-alyaoum.com\/fr\/emmanuel-macron-reelu-a-la-presidence-de-la-republique\/#breadcrumb\",\"itemListElement\":[{\"@type\":\"ListItem\",\"position\":1,\"name\":\"Accueil\",\"item\":\"https:\/\/shams-alyaoum.com\/fr\/\"},{\"@type\":\"ListItem\",\"position\":2,\"name\":\"Emmanuel Macron r\u00e9\u00e9lu \u00e0 la pr\u00e9sidence de la R\u00e9publique\"}]},{\"@type\":\"WebSite\",\"@id\":\"https:\/\/shams-alyaoum.com\/fr\/#website\",\"url\":\"https:\/\/shams-alyaoum.com\/fr\/\",\"name\":\"Magazine Shams Al Yaoum\",\"description\":\"\",\"potentialAction\":[{\"@type\":\"SearchAction\",\"target\":{\"@type\":\"EntryPoint\",\"urlTemplate\":\"https:\/\/shams-alyaoum.com\/fr\/?s={search_term_string}\"},\"query-input\":{\"@type\":\"PropertyValueSpecification\",\"valueRequired\":true,\"valueName\":\"search_term_string\"}}],\"inLanguage\":\"fr-FR\"},{\"@type\":\"Person\",\"@id\":\"https:\/\/shams-alyaoum.com\/fr\/#\/schema\/person\/7b572f8c370a521e35112e88da52dce5\",\"name\":\"shamsalyaoum\",\"image\":{\"@type\":\"ImageObject\",\"inLanguage\":\"fr-FR\",\"@id\":\"https:\/\/shams-alyaoum.com\/fr\/#\/schema\/person\/image\/\",\"url\":\"https:\/\/secure.gravatar.com\/avatar\/11774fd6260846ea4d3230345b47c868eaffb0fe76386b1a8b3cc24c8dc91f3d?s=96&d=mm&r=g\",\"contentUrl\":\"https:\/\/secure.gravatar.com\/avatar\/11774fd6260846ea4d3230345b47c868eaffb0fe76386b1a8b3cc24c8dc91f3d?s=96&d=mm&r=g\",\"caption\":\"shamsalyaoum\"},\"url\":\"https:\/\/shams-alyaoum.com\/fr\/author\/shamsalyaoum\/\"}]}<\/script>\n<!-- \/ Yoast SEO plugin. -->","yoast_head_json":{"title":"Emmanuel Macron r\u00e9\u00e9lu \u00e0 la pr\u00e9sidence de la R\u00e9publique - Magazine Shams Al Yaoum","robots":{"index":"index","follow":"follow","max-snippet":"max-snippet:-1","max-image-preview":"max-image-preview:large","max-video-preview":"max-video-preview:-1"},"canonical":"https:\/\/shams-alyaoum.com\/fr\/emmanuel-macron-reelu-a-la-presidence-de-la-republique\/","og_locale":"fr_FR","og_type":"article","og_title":"Emmanuel Macron r\u00e9\u00e9lu \u00e0 la pr\u00e9sidence de la R\u00e9publique - Magazine Shams Al Yaoum","og_description":"Le pr\u00e9sident sortant de France, Emmanuel Macron, a \u00e9t\u00e9 r\u00e9\u00e9lu, ce dimanche 24 avril 2022, pour un deuxi\u00e8me mandat de cinq ans, avec 58% des voix, selon les premi\u00e8res estimations, face \u00e0 Marine Le Pen. Emmanuel Macron a remport\u00e9 entre 57,6% et 58,2% des voix, devant la candidate du Rassemblement national, cr\u00e9dit\u00e9e de 41,8% \u00e0 &hellip;","og_url":"https:\/\/shams-alyaoum.com\/fr\/emmanuel-macron-reelu-a-la-presidence-de-la-republique\/","og_site_name":"Magazine Shams Al Yaoum","article_published_time":"2022-04-24T18:44:43+00:00","article_modified_time":"2022-04-24T18:44:45+00:00","og_image":[{"width":640,"height":358,"url":"https:\/\/shams-alyaoum.com\/fr\/wp-content\/uploads\/2022\/04\/emmanuel-macron-24-avril-2022-presidentielle_6350268.png","type":"image\/png"}],"author":"shamsalyaoum","twitter_card":"summary_large_image","twitter_misc":{"\u00c9crit par":"shamsalyaoum"},"schema":{"@context":"https:\/\/schema.org","@graph":[{"@type":"WebPage","@id":"https:\/\/shams-alyaoum.com\/fr\/emmanuel-macron-reelu-a-la-presidence-de-la-republique\/","url":"https:\/\/shams-alyaoum.com\/fr\/emmanuel-macron-reelu-a-la-presidence-de-la-republique\/","name":"Emmanuel Macron r\u00e9\u00e9lu \u00e0 la pr\u00e9sidence de la R\u00e9publique - Magazine Shams Al Yaoum","isPartOf":{"@id":"https:\/\/shams-alyaoum.com\/fr\/#website"},"primaryImageOfPage":{"@id":"https:\/\/shams-alyaoum.com\/fr\/emmanuel-macron-reelu-a-la-presidence-de-la-republique\/#primaryimage"},"image":{"@id":"https:\/\/shams-alyaoum.com\/fr\/emmanuel-macron-reelu-a-la-presidence-de-la-republique\/#primaryimage"},"thumbnailUrl":"https:\/\/shams-alyaoum.com\/fr\/wp-content\/uploads\/2022\/04\/emmanuel-macron-24-avril-2022-presidentielle_6350268.png","datePublished":"2022-04-24T18:44:43+00:00","dateModified":"2022-04-24T18:44:45+00:00","author":{"@id":"https:\/\/shams-alyaoum.com\/fr\/#\/schema\/person\/7b572f8c370a521e35112e88da52dce5"},"breadcrumb":{"@id":"https:\/\/shams-alyaoum.com\/fr\/emmanuel-macron-reelu-a-la-presidence-de-la-republique\/#breadcrumb"},"inLanguage":"fr-FR","potentialAction":[{"@type":"ReadAction","target":["https:\/\/shams-alyaoum.com\/fr\/emmanuel-macron-reelu-a-la-presidence-de-la-republique\/"]}]},{"@type":"ImageObject","inLanguage":"fr-FR","@id":"https:\/\/shams-alyaoum.com\/fr\/emmanuel-macron-reelu-a-la-presidence-de-la-republique\/#primaryimage","url":"https:\/\/shams-alyaoum.com\/fr\/wp-content\/uploads\/2022\/04\/emmanuel-macron-24-avril-2022-presidentielle_6350268.png","contentUrl":"https:\/\/shams-alyaoum.com\/fr\/wp-content\/uploads\/2022\/04\/emmanuel-macron-24-avril-2022-presidentielle_6350268.png","width":640,"height":358},{"@type":"BreadcrumbList","@id":"https:\/\/shams-alyaoum.com\/fr\/emmanuel-macron-reelu-a-la-presidence-de-la-republique\/#breadcrumb","itemListElement":[{"@type":"ListItem","position":1,"name":"Accueil","item":"https:\/\/shams-alyaoum.com\/fr\/"},{"@type":"ListItem","position":2,"name":"Emmanuel Macron r\u00e9\u00e9lu \u00e0 la pr\u00e9sidence de la R\u00e9publique"}]},{"@type":"WebSite","@id":"https:\/\/shams-alyaoum.com\/fr\/#website","url":"https:\/\/shams-alyaoum.com\/fr\/","name":"Magazine Shams Al Yaoum","description":"","potentialAction":[{"@type":"SearchAction","target":{"@type":"EntryPoint","urlTemplate":"https:\/\/shams-alyaoum.com\/fr\/?s={search_term_string}"},"query-input":{"@type":"PropertyValueSpecification","valueRequired":true,"valueName":"search_term_string"}}],"inLanguage":"fr-FR"},{"@type":"Person","@id":"https:\/\/shams-alyaoum.com\/fr\/#\/schema\/person\/7b572f8c370a521e35112e88da52dce5","name":"shamsalyaoum","image":{"@type":"ImageObject","inLanguage":"fr-FR","@id":"https:\/\/shams-alyaoum.com\/fr\/#\/schema\/person\/image\/","url":"https:\/\/secure.gravatar.com\/avatar\/11774fd6260846ea4d3230345b47c868eaffb0fe76386b1a8b3cc24c8dc91f3d?s=96&d=mm&r=g","contentUrl":"https:\/\/secure.gravatar.com\/avatar\/11774fd6260846ea4d3230345b47c868eaffb0fe76386b1a8b3cc24c8dc91f3d?s=96&d=mm&r=g","caption":"shamsalyaoum"},"url":"https:\/\/shams-alyaoum.com\/fr\/author\/shamsalyaoum\/"}]}},"_links":{"self":[{"href":"https:\/\/shams-alyaoum.com\/fr\/wp-json\/wp\/v2\/posts\/4041","targetHints":{"allow":["GET"]}}],"collection":[{"href":"https:\/\/shams-alyaoum.com\/fr\/wp-json\/wp\/v2\/posts"}],"about":[{"href":"https:\/\/shams-alyaoum.com\/fr\/wp-json\/wp\/v2\/types\/post"}],"author":[{"embeddable":true,"href":"https:\/\/shams-alyaoum.com\/fr\/wp-json\/wp\/v2\/users\/2"}],"replies":[{"embeddable":true,"href":"https:\/\/shams-alyaoum.com\/fr\/wp-json\/wp\/v2\/comments?post=4041"}],"version-history":[{"count":1,"href":"https:\/\/shams-alyaoum.com\/fr\/wp-json\/wp\/v2\/posts\/4041\/revisions"}],"predecessor-version":[{"id":4043,"href":"https:\/\/shams-alyaoum.com\/fr\/wp-json\/wp\/v2\/posts\/4041\/revisions\/4043"}],"wp:featuredmedia":[{"embeddable":true,"href":"https:\/\/shams-alyaoum.com\/fr\/wp-json\/wp\/v2\/media\/4042"}],"wp:attachment":[{"href":"https:\/\/shams-alyaoum.com\/fr\/wp-json\/wp\/v2\/media?parent=4041"}],"wp:term":[{"taxonomy":"category","embeddable":true,"href":"https:\/\/shams-alyaoum.com\/fr\/wp-json\/wp\/v2\/categories?post=4041"},{"taxonomy":"post_tag","embeddable":true,"href":"https:\/\/shams-alyaoum.com\/fr\/wp-json\/wp\/v2\/tags?post=4041"}],"curies":[{"name":"wp","href":"https:\/\/api.w.org\/{rel}","templated":true}]}}