{"id":3690,"date":"2022-04-19T10:19:50","date_gmt":"2022-04-19T08:19:50","guid":{"rendered":"https:\/\/shams-alyaoum.com\/fr\/?p=3690"},"modified":"2022-04-19T10:25:59","modified_gmt":"2022-04-19T08:25:59","slug":"france-presidentielle-2022-demain-le-debat-macron-le-pen","status":"publish","type":"post","link":"https:\/\/shams-alyaoum.com\/fr\/france-presidentielle-2022-demain-le-debat-macron-le-pen\/","title":{"rendered":"France-Pr\u00e9sidentielle 2022: Demain le D\u00e9bat Macron-Le Pen"},"content":{"rendered":"\n<p>Le pr\u00e9sident sortant, Emmanuel Macron et la candidate du RN, Marine Le Pen s&rsquo;affronteront, demain, mercredi 20 Avril 2022 \u00e0 21H sur la chaine France 2, pendant un peu plus de deux heures. Les \u00e9changes seront anim\u00e9s par les journalistes L\u00e9a Salam\u00e9 et Gilles Bouleau.<\/p>\n\n\n\n<figure class=\"wp-block-embed is-type-rich is-provider-twitter wp-block-embed-twitter\"><div class=\"wp-block-embed__wrapper\">\n<blockquote class=\"twitter-tweet\" data-width=\"500\" data-dnt=\"true\"><p lang=\"fr\" dir=\"ltr\">\ud83d\udd34 [\u00c9V\u00c9NEMENT]<br>\ud83d\udcfa Mercredi 20 avril \u00e0 21h, @France2tv et <a href=\"https:\/\/twitter.com\/TF1?ref_src=twsrc%5Etfw\">@TF1<\/a> proposeront en direct le rendez-vous \u00e9v\u00e9nement de la <a href=\"https:\/\/twitter.com\/hashtag\/Pr%C3%A9sidentielle2022?src=hash&amp;ref_src=twsrc%5Etfw\">#Pr\u00e9sidentielle2022<\/a> : &quot;LE D\u00c9BAT&quot;<br><br>\u23f1 \u00c0 J-4 du second tour, Marine Le Pen et Emmanuel Macron r\u00e9pondront aux questions de <a href=\"https:\/\/twitter.com\/LeaSalame?ref_src=twsrc%5Etfw\">@LeaSalame<\/a> et <a href=\"https:\/\/twitter.com\/GillesBouleau?ref_src=twsrc%5Etfw\">@GillesBouleau<\/a> <a href=\"https:\/\/twitter.com\/hashtag\/2022LeD%C3%A9bat?src=hash&amp;ref_src=twsrc%5Etfw\">#2022LeD\u00e9bat<\/a> <a href=\"https:\/\/t.co\/VlGVlpRfyq\">pic.twitter.com\/VlGVlpRfyq<\/a><\/p>&mdash; Info France 2 (@infofrance2) <a href=\"https:\/\/twitter.com\/infofrance2\/status\/1514513841148903431?ref_src=twsrc%5Etfw\">April 14, 2022<\/a><\/blockquote><script async src=\"https:\/\/platform.twitter.com\/widgets.js\" charset=\"utf-8\"><\/script>\n<\/div><\/figure>\n","protected":false},"excerpt":{"rendered":"<p>Le pr\u00e9sident sortant, Emmanuel Macron et la candidate du RN, Marine Le Pen s&rsquo;affronteront, demain, mercredi 20 Avril 2022 \u00e0 21H sur la chaine France 2, pendant un peu plus de deux heures. Les \u00e9changes seront anim\u00e9s par les journalistes L\u00e9a Salam\u00e9 et Gilles Bouleau. \ud83d\udd34 [\u00c9V\u00c9NEMENT]\ud83d\udcfa Mercredi 20 avril \u00e0 21h, @France2tv et @TF1 &hellip;<\/p>\n","protected":false},"author":2,"featured_media":3695,"comment_status":"closed","ping_status":"open","sticky":false,"template":"","format":"standard","meta":{"footnotes":""},"categories":[16,2,24],"tags":[617,420,524,523,409],"class_list":["post-3690","post","type-post","status-publish","format-standard","has-post-thumbnail","hentry","category-le-monde","category-news","category-politique","tag-debat","tag-france","tag-le-pen","tag-macron-2","tag-presidentielle-2022"],"yoast_head":"<!-- This site is optimized with the Yoast SEO plugin v26.3 - https:\/\/yoast.com\/wordpress\/plugins\/seo\/ -->\n<title>France-Pr\u00e9sidentielle 2022: Demain le D\u00e9bat Macron-Le Pen - Magazine Shams Al Yaoum<\/title>\n<meta name=\"robots\" content=\"index, follow, max-snippet:-1, max-image-preview:large, max-video-preview:-1\" \/>\n<link rel=\"canonical\" href=\"https:\/\/shams-alyaoum.com\/fr\/france-presidentielle-2022-demain-le-debat-macron-le-pen\/\" \/>\n<meta property=\"og:locale\" content=\"fr_FR\" \/>\n<meta property=\"og:type\" content=\"article\" \/>\n<meta property=\"og:title\" content=\"France-Pr\u00e9sidentielle 2022: Demain le D\u00e9bat Macron-Le Pen - Magazine Shams Al Yaoum\" \/>\n<meta property=\"og:description\" content=\"Le pr\u00e9sident sortant, Emmanuel Macron et la candidate du RN, Marine Le Pen s&rsquo;affronteront, demain, mercredi 20 Avril 2022 \u00e0 21H sur la chaine France 2, pendant un peu plus de deux heures. Les \u00e9changes seront anim\u00e9s par les journalistes L\u00e9a Salam\u00e9 et Gilles Bouleau. \ud83d\udd34 [\u00c9V\u00c9NEMENT]\ud83d\udcfa Mercredi 20 avril \u00e0 21h, @France2tv et @TF1 &hellip;\" \/>\n<meta property=\"og:url\" content=\"https:\/\/shams-alyaoum.com\/fr\/france-presidentielle-2022-demain-le-debat-macron-le-pen\/\" \/>\n<meta property=\"og:site_name\" content=\"Magazine Shams Al Yaoum\" \/>\n<meta property=\"article:published_time\" content=\"2022-04-19T08:19:50+00:00\" \/>\n<meta property=\"article:modified_time\" content=\"2022-04-19T08:25:59+00:00\" \/>\n<meta property=\"og:image\" content=\"https:\/\/shams-alyaoum.com\/fr\/wp-content\/uploads\/2022\/04\/WBXVEAPKDFOKKKRYEK4OY6ZZSM.jpg\" \/>\n\t<meta property=\"og:image:width\" content=\"932\" \/>\n\t<meta property=\"og:image:height\" content=\"582\" \/>\n\t<meta property=\"og:image:type\" content=\"image\/jpeg\" \/>\n<meta name=\"author\" content=\"shamsalyaoum\" \/>\n<meta name=\"twitter:card\" content=\"summary_large_image\" \/>\n<meta name=\"twitter:label1\" content=\"\u00c9crit par\" \/>\n\t<meta name=\"twitter:data1\" content=\"shamsalyaoum\" \/>\n<script type=\"application\/ld+json\" class=\"yoast-schema-graph\">{\"@context\":\"https:\/\/schema.org\",\"@graph\":[{\"@type\":\"WebPage\",\"@id\":\"https:\/\/shams-alyaoum.com\/fr\/france-presidentielle-2022-demain-le-debat-macron-le-pen\/\",\"url\":\"https:\/\/shams-alyaoum.com\/fr\/france-presidentielle-2022-demain-le-debat-macron-le-pen\/\",\"name\":\"France-Pr\u00e9sidentielle 2022: Demain le D\u00e9bat Macron-Le Pen - Magazine Shams Al Yaoum\",\"isPartOf\":{\"@id\":\"https:\/\/shams-alyaoum.com\/fr\/#website\"},\"primaryImageOfPage\":{\"@id\":\"https:\/\/shams-alyaoum.com\/fr\/france-presidentielle-2022-demain-le-debat-macron-le-pen\/#primaryimage\"},\"image\":{\"@id\":\"https:\/\/shams-alyaoum.com\/fr\/france-presidentielle-2022-demain-le-debat-macron-le-pen\/#primaryimage\"},\"thumbnailUrl\":\"https:\/\/shams-alyaoum.com\/fr\/wp-content\/uploads\/2022\/04\/WBXVEAPKDFOKKKRYEK4OY6ZZSM.jpg\",\"datePublished\":\"2022-04-19T08:19:50+00:00\",\"dateModified\":\"2022-04-19T08:25:59+00:00\",\"author\":{\"@id\":\"https:\/\/shams-alyaoum.com\/fr\/#\/schema\/person\/7b572f8c370a521e35112e88da52dce5\"},\"breadcrumb\":{\"@id\":\"https:\/\/shams-alyaoum.com\/fr\/france-presidentielle-2022-demain-le-debat-macron-le-pen\/#breadcrumb\"},\"inLanguage\":\"fr-FR\",\"potentialAction\":[{\"@type\":\"ReadAction\",\"target\":[\"https:\/\/shams-alyaoum.com\/fr\/france-presidentielle-2022-demain-le-debat-macron-le-pen\/\"]}]},{\"@type\":\"ImageObject\",\"inLanguage\":\"fr-FR\",\"@id\":\"https:\/\/shams-alyaoum.com\/fr\/france-presidentielle-2022-demain-le-debat-macron-le-pen\/#primaryimage\",\"url\":\"https:\/\/shams-alyaoum.com\/fr\/wp-content\/uploads\/2022\/04\/WBXVEAPKDFOKKKRYEK4OY6ZZSM.jpg\",\"contentUrl\":\"https:\/\/shams-alyaoum.com\/fr\/wp-content\/uploads\/2022\/04\/WBXVEAPKDFOKKKRYEK4OY6ZZSM.jpg\",\"width\":932,\"height\":582},{\"@type\":\"BreadcrumbList\",\"@id\":\"https:\/\/shams-alyaoum.com\/fr\/france-presidentielle-2022-demain-le-debat-macron-le-pen\/#breadcrumb\",\"itemListElement\":[{\"@type\":\"ListItem\",\"position\":1,\"name\":\"Accueil\",\"item\":\"https:\/\/shams-alyaoum.com\/fr\/\"},{\"@type\":\"ListItem\",\"position\":2,\"name\":\"France-Pr\u00e9sidentielle 2022: Demain le D\u00e9bat Macron-Le Pen\"}]},{\"@type\":\"WebSite\",\"@id\":\"https:\/\/shams-alyaoum.com\/fr\/#website\",\"url\":\"https:\/\/shams-alyaoum.com\/fr\/\",\"name\":\"Magazine Shams Al Yaoum\",\"description\":\"\",\"potentialAction\":[{\"@type\":\"SearchAction\",\"target\":{\"@type\":\"EntryPoint\",\"urlTemplate\":\"https:\/\/shams-alyaoum.com\/fr\/?s={search_term_string}\"},\"query-input\":{\"@type\":\"PropertyValueSpecification\",\"valueRequired\":true,\"valueName\":\"search_term_string\"}}],\"inLanguage\":\"fr-FR\"},{\"@type\":\"Person\",\"@id\":\"https:\/\/shams-alyaoum.com\/fr\/#\/schema\/person\/7b572f8c370a521e35112e88da52dce5\",\"name\":\"shamsalyaoum\",\"image\":{\"@type\":\"ImageObject\",\"inLanguage\":\"fr-FR\",\"@id\":\"https:\/\/shams-alyaoum.com\/fr\/#\/schema\/person\/image\/\",\"url\":\"https:\/\/secure.gravatar.com\/avatar\/11774fd6260846ea4d3230345b47c868eaffb0fe76386b1a8b3cc24c8dc91f3d?s=96&d=mm&r=g\",\"contentUrl\":\"https:\/\/secure.gravatar.com\/avatar\/11774fd6260846ea4d3230345b47c868eaffb0fe76386b1a8b3cc24c8dc91f3d?s=96&d=mm&r=g\",\"caption\":\"shamsalyaoum\"},\"url\":\"https:\/\/shams-alyaoum.com\/fr\/author\/shamsalyaoum\/\"}]}<\/script>\n<!-- \/ Yoast SEO plugin. -->","yoast_head_json":{"title":"France-Pr\u00e9sidentielle 2022: Demain le D\u00e9bat Macron-Le Pen - Magazine Shams Al Yaoum","robots":{"index":"index","follow":"follow","max-snippet":"max-snippet:-1","max-image-preview":"max-image-preview:large","max-video-preview":"max-video-preview:-1"},"canonical":"https:\/\/shams-alyaoum.com\/fr\/france-presidentielle-2022-demain-le-debat-macron-le-pen\/","og_locale":"fr_FR","og_type":"article","og_title":"France-Pr\u00e9sidentielle 2022: Demain le D\u00e9bat Macron-Le Pen - Magazine Shams Al Yaoum","og_description":"Le pr\u00e9sident sortant, Emmanuel Macron et la candidate du RN, Marine Le Pen s&rsquo;affronteront, demain, mercredi 20 Avril 2022 \u00e0 21H sur la chaine France 2, pendant un peu plus de deux heures. Les \u00e9changes seront anim\u00e9s par les journalistes L\u00e9a Salam\u00e9 et Gilles Bouleau. \ud83d\udd34 [\u00c9V\u00c9NEMENT]\ud83d\udcfa Mercredi 20 avril \u00e0 21h, @France2tv et @TF1 &hellip;","og_url":"https:\/\/shams-alyaoum.com\/fr\/france-presidentielle-2022-demain-le-debat-macron-le-pen\/","og_site_name":"Magazine Shams Al Yaoum","article_published_time":"2022-04-19T08:19:50+00:00","article_modified_time":"2022-04-19T08:25:59+00:00","og_image":[{"width":932,"height":582,"url":"https:\/\/shams-alyaoum.com\/fr\/wp-content\/uploads\/2022\/04\/WBXVEAPKDFOKKKRYEK4OY6ZZSM.jpg","type":"image\/jpeg"}],"author":"shamsalyaoum","twitter_card":"summary_large_image","twitter_misc":{"\u00c9crit par":"shamsalyaoum"},"schema":{"@context":"https:\/\/schema.org","@graph":[{"@type":"WebPage","@id":"https:\/\/shams-alyaoum.com\/fr\/france-presidentielle-2022-demain-le-debat-macron-le-pen\/","url":"https:\/\/shams-alyaoum.com\/fr\/france-presidentielle-2022-demain-le-debat-macron-le-pen\/","name":"France-Pr\u00e9sidentielle 2022: Demain le D\u00e9bat Macron-Le Pen - Magazine Shams Al Yaoum","isPartOf":{"@id":"https:\/\/shams-alyaoum.com\/fr\/#website"},"primaryImageOfPage":{"@id":"https:\/\/shams-alyaoum.com\/fr\/france-presidentielle-2022-demain-le-debat-macron-le-pen\/#primaryimage"},"image":{"@id":"https:\/\/shams-alyaoum.com\/fr\/france-presidentielle-2022-demain-le-debat-macron-le-pen\/#primaryimage"},"thumbnailUrl":"https:\/\/shams-alyaoum.com\/fr\/wp-content\/uploads\/2022\/04\/WBXVEAPKDFOKKKRYEK4OY6ZZSM.jpg","datePublished":"2022-04-19T08:19:50+00:00","dateModified":"2022-04-19T08:25:59+00:00","author":{"@id":"https:\/\/shams-alyaoum.com\/fr\/#\/schema\/person\/7b572f8c370a521e35112e88da52dce5"},"breadcrumb":{"@id":"https:\/\/shams-alyaoum.com\/fr\/france-presidentielle-2022-demain-le-debat-macron-le-pen\/#breadcrumb"},"inLanguage":"fr-FR","potentialAction":[{"@type":"ReadAction","target":["https:\/\/shams-alyaoum.com\/fr\/france-presidentielle-2022-demain-le-debat-macron-le-pen\/"]}]},{"@type":"ImageObject","inLanguage":"fr-FR","@id":"https:\/\/shams-alyaoum.com\/fr\/france-presidentielle-2022-demain-le-debat-macron-le-pen\/#primaryimage","url":"https:\/\/shams-alyaoum.com\/fr\/wp-content\/uploads\/2022\/04\/WBXVEAPKDFOKKKRYEK4OY6ZZSM.jpg","contentUrl":"https:\/\/shams-alyaoum.com\/fr\/wp-content\/uploads\/2022\/04\/WBXVEAPKDFOKKKRYEK4OY6ZZSM.jpg","width":932,"height":582},{"@type":"BreadcrumbList","@id":"https:\/\/shams-alyaoum.com\/fr\/france-presidentielle-2022-demain-le-debat-macron-le-pen\/#breadcrumb","itemListElement":[{"@type":"ListItem","position":1,"name":"Accueil","item":"https:\/\/shams-alyaoum.com\/fr\/"},{"@type":"ListItem","position":2,"name":"France-Pr\u00e9sidentielle 2022: Demain le D\u00e9bat Macron-Le Pen"}]},{"@type":"WebSite","@id":"https:\/\/shams-alyaoum.com\/fr\/#website","url":"https:\/\/shams-alyaoum.com\/fr\/","name":"Magazine Shams Al Yaoum","description":"","potentialAction":[{"@type":"SearchAction","target":{"@type":"EntryPoint","urlTemplate":"https:\/\/shams-alyaoum.com\/fr\/?s={search_term_string}"},"query-input":{"@type":"PropertyValueSpecification","valueRequired":true,"valueName":"search_term_string"}}],"inLanguage":"fr-FR"},{"@type":"Person","@id":"https:\/\/shams-alyaoum.com\/fr\/#\/schema\/person\/7b572f8c370a521e35112e88da52dce5","name":"shamsalyaoum","image":{"@type":"ImageObject","inLanguage":"fr-FR","@id":"https:\/\/shams-alyaoum.com\/fr\/#\/schema\/person\/image\/","url":"https:\/\/secure.gravatar.com\/avatar\/11774fd6260846ea4d3230345b47c868eaffb0fe76386b1a8b3cc24c8dc91f3d?s=96&d=mm&r=g","contentUrl":"https:\/\/secure.gravatar.com\/avatar\/11774fd6260846ea4d3230345b47c868eaffb0fe76386b1a8b3cc24c8dc91f3d?s=96&d=mm&r=g","caption":"shamsalyaoum"},"url":"https:\/\/shams-alyaoum.com\/fr\/author\/shamsalyaoum\/"}]}},"_links":{"self":[{"href":"https:\/\/shams-alyaoum.com\/fr\/wp-json\/wp\/v2\/posts\/3690","targetHints":{"allow":["GET"]}}],"collection":[{"href":"https:\/\/shams-alyaoum.com\/fr\/wp-json\/wp\/v2\/posts"}],"about":[{"href":"https:\/\/shams-alyaoum.com\/fr\/wp-json\/wp\/v2\/types\/post"}],"author":[{"embeddable":true,"href":"https:\/\/shams-alyaoum.com\/fr\/wp-json\/wp\/v2\/users\/2"}],"replies":[{"embeddable":true,"href":"https:\/\/shams-alyaoum.com\/fr\/wp-json\/wp\/v2\/comments?post=3690"}],"version-history":[{"count":1,"href":"https:\/\/shams-alyaoum.com\/fr\/wp-json\/wp\/v2\/posts\/3690\/revisions"}],"predecessor-version":[{"id":3693,"href":"https:\/\/shams-alyaoum.com\/fr\/wp-json\/wp\/v2\/posts\/3690\/revisions\/3693"}],"wp:featuredmedia":[{"embeddable":true,"href":"https:\/\/shams-alyaoum.com\/fr\/wp-json\/wp\/v2\/media\/3695"}],"wp:attachment":[{"href":"https:\/\/shams-alyaoum.com\/fr\/wp-json\/wp\/v2\/media?parent=3690"}],"wp:term":[{"taxonomy":"category","embeddable":true,"href":"https:\/\/shams-alyaoum.com\/fr\/wp-json\/wp\/v2\/categories?post=3690"},{"taxonomy":"post_tag","embeddable":true,"href":"https:\/\/shams-alyaoum.com\/fr\/wp-json\/wp\/v2\/tags?post=3690"}],"curies":[{"name":"wp","href":"https:\/\/api.w.org\/{rel}","templated":true}]}}