{"id":3655,"date":"2022-04-18T15:25:15","date_gmt":"2022-04-18T13:25:15","guid":{"rendered":"https:\/\/shams-alyaoum.com\/fr\/?p=3655"},"modified":"2022-04-18T15:27:12","modified_gmt":"2022-04-18T13:27:12","slug":"covid-19-un-second-sommet-mondial-prevu-le-12-mai","status":"publish","type":"post","link":"https:\/\/shams-alyaoum.com\/fr\/covid-19-un-second-sommet-mondial-prevu-le-12-mai\/","title":{"rendered":"Covid-19 : un second sommet mondial pr\u00e9vu le 12 mai"},"content":{"rendered":"\n<p>Un sommet mondial pour mettre un terme \u00e0 l&rsquo;\u00e9pid\u00e9mie de Covid-19, et se pr\u00e9parer aux menaces futures li\u00e9es \u00e0 la sant\u00e9 aura lieu le 12 mai, a annonc\u00e9 la Maison Blanche ce lundi.<\/p>\n\n\n\n<p>Cette rencontre, qui aura lieu en virtuel, sera co-pr\u00e9sid\u00e9e par les Etats-Unis, l&rsquo;Allemagne, actuellement \u00e0 la t\u00eate du G7, l&rsquo;Indon\u00e9sie, \u00e0 la t\u00eate du G20, le S\u00e9n\u00e9gal, \u00e0 la t\u00eate de l&rsquo;Union africaine et le Belize, \u00e0 la t\u00eate de la Caricom (pays des Cara\u00efbes).<\/p>\n\n\n\n<p>Ce sera le second sommet mondial sur la pand\u00e9mie de coronavirus, qui a tu\u00e9 plus de six millions de personnes dans le monde et boulevers\u00e9 l&rsquo;\u00e9conomie mondiale, depuis qu&rsquo;elle a commenc\u00e9 \u00e0 se propager en d\u00e9cembre 2019.<\/p>\n\n\n\n<p>Le pr\u00e9sident am\u00e9ricain Joe Biden avait organis\u00e9 un sommet similaire le 22 septembre 2021 au cours duquel il avait plaid\u00e9 pour un renforcement de la vaccination dans le monde.<\/p>\n\n\n\n<p><strong>(AFP)<\/strong><\/p>\n","protected":false},"excerpt":{"rendered":"<p>Un sommet mondial pour mettre un terme \u00e0 l&rsquo;\u00e9pid\u00e9mie de Covid-19, et se pr\u00e9parer aux menaces futures li\u00e9es \u00e0 la sant\u00e9 aura lieu le 12 mai, a annonc\u00e9 la Maison Blanche ce lundi. Cette rencontre, qui aura lieu en virtuel, sera co-pr\u00e9sid\u00e9e par les Etats-Unis, l&rsquo;Allemagne, actuellement \u00e0 la t\u00eate du G7, l&rsquo;Indon\u00e9sie, \u00e0 la &hellip;<\/p>\n","protected":false},"author":2,"featured_media":3656,"comment_status":"closed","ping_status":"open","sticky":false,"template":"","format":"standard","meta":{"footnotes":""},"categories":[16,2,20],"tags":[602,603,604],"class_list":["post-3655","post","type-post","status-publish","format-standard","has-post-thumbnail","hentry","category-le-monde","category-news","category-sante","tag-covid-19-4","tag-sommet-mondial","tag-washington"],"yoast_head":"<!-- This site is optimized with the Yoast SEO plugin v26.3 - https:\/\/yoast.com\/wordpress\/plugins\/seo\/ -->\n<title>Covid-19 : un second sommet mondial pr\u00e9vu le 12 mai - Magazine Shams Al Yaoum<\/title>\n<meta name=\"robots\" content=\"index, follow, max-snippet:-1, max-image-preview:large, max-video-preview:-1\" \/>\n<link rel=\"canonical\" href=\"https:\/\/shams-alyaoum.com\/fr\/covid-19-un-second-sommet-mondial-prevu-le-12-mai\/\" \/>\n<meta property=\"og:locale\" content=\"fr_FR\" \/>\n<meta property=\"og:type\" content=\"article\" \/>\n<meta property=\"og:title\" content=\"Covid-19 : un second sommet mondial pr\u00e9vu le 12 mai - Magazine Shams Al Yaoum\" \/>\n<meta property=\"og:description\" content=\"Un sommet mondial pour mettre un terme \u00e0 l&rsquo;\u00e9pid\u00e9mie de Covid-19, et se pr\u00e9parer aux menaces futures li\u00e9es \u00e0 la sant\u00e9 aura lieu le 12 mai, a annonc\u00e9 la Maison Blanche ce lundi. Cette rencontre, qui aura lieu en virtuel, sera co-pr\u00e9sid\u00e9e par les Etats-Unis, l&rsquo;Allemagne, actuellement \u00e0 la t\u00eate du G7, l&rsquo;Indon\u00e9sie, \u00e0 la &hellip;\" \/>\n<meta property=\"og:url\" content=\"https:\/\/shams-alyaoum.com\/fr\/covid-19-un-second-sommet-mondial-prevu-le-12-mai\/\" \/>\n<meta property=\"og:site_name\" content=\"Magazine Shams Al Yaoum\" \/>\n<meta property=\"article:published_time\" content=\"2022-04-18T13:25:15+00:00\" \/>\n<meta property=\"article:modified_time\" content=\"2022-04-18T13:27:12+00:00\" \/>\n<meta property=\"og:image\" content=\"https:\/\/shams-alyaoum.com\/fr\/wp-content\/uploads\/2022\/04\/B9730633955Z.1_20220418143617_000GK0KAS1G7.2-0.jpg\" \/>\n\t<meta property=\"og:image:width\" content=\"1190\" \/>\n\t<meta property=\"og:image:height\" content=\"669\" \/>\n\t<meta property=\"og:image:type\" content=\"image\/jpeg\" \/>\n<meta name=\"author\" content=\"shamsalyaoum\" \/>\n<meta name=\"twitter:card\" content=\"summary_large_image\" \/>\n<meta name=\"twitter:label1\" content=\"\u00c9crit par\" \/>\n\t<meta name=\"twitter:data1\" content=\"shamsalyaoum\" \/>\n\t<meta name=\"twitter:label2\" content=\"Dur\u00e9e de lecture estim\u00e9e\" \/>\n\t<meta name=\"twitter:data2\" content=\"1 minute\" \/>\n<script type=\"application\/ld+json\" class=\"yoast-schema-graph\">{\"@context\":\"https:\/\/schema.org\",\"@graph\":[{\"@type\":\"WebPage\",\"@id\":\"https:\/\/shams-alyaoum.com\/fr\/covid-19-un-second-sommet-mondial-prevu-le-12-mai\/\",\"url\":\"https:\/\/shams-alyaoum.com\/fr\/covid-19-un-second-sommet-mondial-prevu-le-12-mai\/\",\"name\":\"Covid-19 : un second sommet mondial pr\u00e9vu le 12 mai - Magazine Shams Al Yaoum\",\"isPartOf\":{\"@id\":\"https:\/\/shams-alyaoum.com\/fr\/#website\"},\"primaryImageOfPage\":{\"@id\":\"https:\/\/shams-alyaoum.com\/fr\/covid-19-un-second-sommet-mondial-prevu-le-12-mai\/#primaryimage\"},\"image\":{\"@id\":\"https:\/\/shams-alyaoum.com\/fr\/covid-19-un-second-sommet-mondial-prevu-le-12-mai\/#primaryimage\"},\"thumbnailUrl\":\"https:\/\/shams-alyaoum.com\/fr\/wp-content\/uploads\/2022\/04\/B9730633955Z.1_20220418143617_000GK0KAS1G7.2-0.jpg\",\"datePublished\":\"2022-04-18T13:25:15+00:00\",\"dateModified\":\"2022-04-18T13:27:12+00:00\",\"author\":{\"@id\":\"https:\/\/shams-alyaoum.com\/fr\/#\/schema\/person\/7b572f8c370a521e35112e88da52dce5\"},\"breadcrumb\":{\"@id\":\"https:\/\/shams-alyaoum.com\/fr\/covid-19-un-second-sommet-mondial-prevu-le-12-mai\/#breadcrumb\"},\"inLanguage\":\"fr-FR\",\"potentialAction\":[{\"@type\":\"ReadAction\",\"target\":[\"https:\/\/shams-alyaoum.com\/fr\/covid-19-un-second-sommet-mondial-prevu-le-12-mai\/\"]}]},{\"@type\":\"ImageObject\",\"inLanguage\":\"fr-FR\",\"@id\":\"https:\/\/shams-alyaoum.com\/fr\/covid-19-un-second-sommet-mondial-prevu-le-12-mai\/#primaryimage\",\"url\":\"https:\/\/shams-alyaoum.com\/fr\/wp-content\/uploads\/2022\/04\/B9730633955Z.1_20220418143617_000GK0KAS1G7.2-0.jpg\",\"contentUrl\":\"https:\/\/shams-alyaoum.com\/fr\/wp-content\/uploads\/2022\/04\/B9730633955Z.1_20220418143617_000GK0KAS1G7.2-0.jpg\",\"width\":1190,\"height\":669},{\"@type\":\"BreadcrumbList\",\"@id\":\"https:\/\/shams-alyaoum.com\/fr\/covid-19-un-second-sommet-mondial-prevu-le-12-mai\/#breadcrumb\",\"itemListElement\":[{\"@type\":\"ListItem\",\"position\":1,\"name\":\"Accueil\",\"item\":\"https:\/\/shams-alyaoum.com\/fr\/\"},{\"@type\":\"ListItem\",\"position\":2,\"name\":\"Covid-19 : un second sommet mondial pr\u00e9vu le 12 mai\"}]},{\"@type\":\"WebSite\",\"@id\":\"https:\/\/shams-alyaoum.com\/fr\/#website\",\"url\":\"https:\/\/shams-alyaoum.com\/fr\/\",\"name\":\"Magazine Shams Al Yaoum\",\"description\":\"\",\"potentialAction\":[{\"@type\":\"SearchAction\",\"target\":{\"@type\":\"EntryPoint\",\"urlTemplate\":\"https:\/\/shams-alyaoum.com\/fr\/?s={search_term_string}\"},\"query-input\":{\"@type\":\"PropertyValueSpecification\",\"valueRequired\":true,\"valueName\":\"search_term_string\"}}],\"inLanguage\":\"fr-FR\"},{\"@type\":\"Person\",\"@id\":\"https:\/\/shams-alyaoum.com\/fr\/#\/schema\/person\/7b572f8c370a521e35112e88da52dce5\",\"name\":\"shamsalyaoum\",\"image\":{\"@type\":\"ImageObject\",\"inLanguage\":\"fr-FR\",\"@id\":\"https:\/\/shams-alyaoum.com\/fr\/#\/schema\/person\/image\/\",\"url\":\"https:\/\/secure.gravatar.com\/avatar\/11774fd6260846ea4d3230345b47c868eaffb0fe76386b1a8b3cc24c8dc91f3d?s=96&d=mm&r=g\",\"contentUrl\":\"https:\/\/secure.gravatar.com\/avatar\/11774fd6260846ea4d3230345b47c868eaffb0fe76386b1a8b3cc24c8dc91f3d?s=96&d=mm&r=g\",\"caption\":\"shamsalyaoum\"},\"url\":\"https:\/\/shams-alyaoum.com\/fr\/author\/shamsalyaoum\/\"}]}<\/script>\n<!-- \/ Yoast SEO plugin. -->","yoast_head_json":{"title":"Covid-19 : un second sommet mondial pr\u00e9vu le 12 mai - Magazine Shams Al Yaoum","robots":{"index":"index","follow":"follow","max-snippet":"max-snippet:-1","max-image-preview":"max-image-preview:large","max-video-preview":"max-video-preview:-1"},"canonical":"https:\/\/shams-alyaoum.com\/fr\/covid-19-un-second-sommet-mondial-prevu-le-12-mai\/","og_locale":"fr_FR","og_type":"article","og_title":"Covid-19 : un second sommet mondial pr\u00e9vu le 12 mai - Magazine Shams Al Yaoum","og_description":"Un sommet mondial pour mettre un terme \u00e0 l&rsquo;\u00e9pid\u00e9mie de Covid-19, et se pr\u00e9parer aux menaces futures li\u00e9es \u00e0 la sant\u00e9 aura lieu le 12 mai, a annonc\u00e9 la Maison Blanche ce lundi. Cette rencontre, qui aura lieu en virtuel, sera co-pr\u00e9sid\u00e9e par les Etats-Unis, l&rsquo;Allemagne, actuellement \u00e0 la t\u00eate du G7, l&rsquo;Indon\u00e9sie, \u00e0 la &hellip;","og_url":"https:\/\/shams-alyaoum.com\/fr\/covid-19-un-second-sommet-mondial-prevu-le-12-mai\/","og_site_name":"Magazine Shams Al Yaoum","article_published_time":"2022-04-18T13:25:15+00:00","article_modified_time":"2022-04-18T13:27:12+00:00","og_image":[{"width":1190,"height":669,"url":"https:\/\/shams-alyaoum.com\/fr\/wp-content\/uploads\/2022\/04\/B9730633955Z.1_20220418143617_000GK0KAS1G7.2-0.jpg","type":"image\/jpeg"}],"author":"shamsalyaoum","twitter_card":"summary_large_image","twitter_misc":{"\u00c9crit par":"shamsalyaoum","Dur\u00e9e de lecture estim\u00e9e":"1 minute"},"schema":{"@context":"https:\/\/schema.org","@graph":[{"@type":"WebPage","@id":"https:\/\/shams-alyaoum.com\/fr\/covid-19-un-second-sommet-mondial-prevu-le-12-mai\/","url":"https:\/\/shams-alyaoum.com\/fr\/covid-19-un-second-sommet-mondial-prevu-le-12-mai\/","name":"Covid-19 : un second sommet mondial pr\u00e9vu le 12 mai - Magazine Shams Al Yaoum","isPartOf":{"@id":"https:\/\/shams-alyaoum.com\/fr\/#website"},"primaryImageOfPage":{"@id":"https:\/\/shams-alyaoum.com\/fr\/covid-19-un-second-sommet-mondial-prevu-le-12-mai\/#primaryimage"},"image":{"@id":"https:\/\/shams-alyaoum.com\/fr\/covid-19-un-second-sommet-mondial-prevu-le-12-mai\/#primaryimage"},"thumbnailUrl":"https:\/\/shams-alyaoum.com\/fr\/wp-content\/uploads\/2022\/04\/B9730633955Z.1_20220418143617_000GK0KAS1G7.2-0.jpg","datePublished":"2022-04-18T13:25:15+00:00","dateModified":"2022-04-18T13:27:12+00:00","author":{"@id":"https:\/\/shams-alyaoum.com\/fr\/#\/schema\/person\/7b572f8c370a521e35112e88da52dce5"},"breadcrumb":{"@id":"https:\/\/shams-alyaoum.com\/fr\/covid-19-un-second-sommet-mondial-prevu-le-12-mai\/#breadcrumb"},"inLanguage":"fr-FR","potentialAction":[{"@type":"ReadAction","target":["https:\/\/shams-alyaoum.com\/fr\/covid-19-un-second-sommet-mondial-prevu-le-12-mai\/"]}]},{"@type":"ImageObject","inLanguage":"fr-FR","@id":"https:\/\/shams-alyaoum.com\/fr\/covid-19-un-second-sommet-mondial-prevu-le-12-mai\/#primaryimage","url":"https:\/\/shams-alyaoum.com\/fr\/wp-content\/uploads\/2022\/04\/B9730633955Z.1_20220418143617_000GK0KAS1G7.2-0.jpg","contentUrl":"https:\/\/shams-alyaoum.com\/fr\/wp-content\/uploads\/2022\/04\/B9730633955Z.1_20220418143617_000GK0KAS1G7.2-0.jpg","width":1190,"height":669},{"@type":"BreadcrumbList","@id":"https:\/\/shams-alyaoum.com\/fr\/covid-19-un-second-sommet-mondial-prevu-le-12-mai\/#breadcrumb","itemListElement":[{"@type":"ListItem","position":1,"name":"Accueil","item":"https:\/\/shams-alyaoum.com\/fr\/"},{"@type":"ListItem","position":2,"name":"Covid-19 : un second sommet mondial pr\u00e9vu le 12 mai"}]},{"@type":"WebSite","@id":"https:\/\/shams-alyaoum.com\/fr\/#website","url":"https:\/\/shams-alyaoum.com\/fr\/","name":"Magazine Shams Al Yaoum","description":"","potentialAction":[{"@type":"SearchAction","target":{"@type":"EntryPoint","urlTemplate":"https:\/\/shams-alyaoum.com\/fr\/?s={search_term_string}"},"query-input":{"@type":"PropertyValueSpecification","valueRequired":true,"valueName":"search_term_string"}}],"inLanguage":"fr-FR"},{"@type":"Person","@id":"https:\/\/shams-alyaoum.com\/fr\/#\/schema\/person\/7b572f8c370a521e35112e88da52dce5","name":"shamsalyaoum","image":{"@type":"ImageObject","inLanguage":"fr-FR","@id":"https:\/\/shams-alyaoum.com\/fr\/#\/schema\/person\/image\/","url":"https:\/\/secure.gravatar.com\/avatar\/11774fd6260846ea4d3230345b47c868eaffb0fe76386b1a8b3cc24c8dc91f3d?s=96&d=mm&r=g","contentUrl":"https:\/\/secure.gravatar.com\/avatar\/11774fd6260846ea4d3230345b47c868eaffb0fe76386b1a8b3cc24c8dc91f3d?s=96&d=mm&r=g","caption":"shamsalyaoum"},"url":"https:\/\/shams-alyaoum.com\/fr\/author\/shamsalyaoum\/"}]}},"_links":{"self":[{"href":"https:\/\/shams-alyaoum.com\/fr\/wp-json\/wp\/v2\/posts\/3655","targetHints":{"allow":["GET"]}}],"collection":[{"href":"https:\/\/shams-alyaoum.com\/fr\/wp-json\/wp\/v2\/posts"}],"about":[{"href":"https:\/\/shams-alyaoum.com\/fr\/wp-json\/wp\/v2\/types\/post"}],"author":[{"embeddable":true,"href":"https:\/\/shams-alyaoum.com\/fr\/wp-json\/wp\/v2\/users\/2"}],"replies":[{"embeddable":true,"href":"https:\/\/shams-alyaoum.com\/fr\/wp-json\/wp\/v2\/comments?post=3655"}],"version-history":[{"count":2,"href":"https:\/\/shams-alyaoum.com\/fr\/wp-json\/wp\/v2\/posts\/3655\/revisions"}],"predecessor-version":[{"id":3658,"href":"https:\/\/shams-alyaoum.com\/fr\/wp-json\/wp\/v2\/posts\/3655\/revisions\/3658"}],"wp:featuredmedia":[{"embeddable":true,"href":"https:\/\/shams-alyaoum.com\/fr\/wp-json\/wp\/v2\/media\/3656"}],"wp:attachment":[{"href":"https:\/\/shams-alyaoum.com\/fr\/wp-json\/wp\/v2\/media?parent=3655"}],"wp:term":[{"taxonomy":"category","embeddable":true,"href":"https:\/\/shams-alyaoum.com\/fr\/wp-json\/wp\/v2\/categories?post=3655"},{"taxonomy":"post_tag","embeddable":true,"href":"https:\/\/shams-alyaoum.com\/fr\/wp-json\/wp\/v2\/tags?post=3655"}],"curies":[{"name":"wp","href":"https:\/\/api.w.org\/{rel}","templated":true}]}}