{"id":3461,"date":"2022-04-14T09:58:24","date_gmt":"2022-04-14T07:58:24","guid":{"rendered":"https:\/\/shams-alyaoum.com\/fr\/?p=3461"},"modified":"2022-04-14T09:58:29","modified_gmt":"2022-04-14T07:58:29","slug":"bouden-recoit-un-delegation-de-lunion-africaine","status":"publish","type":"post","link":"https:\/\/shams-alyaoum.com\/fr\/bouden-recoit-un-delegation-de-lunion-africaine\/","title":{"rendered":"Bouden re\u00e7oit un d\u00e9l\u00e9gation de l&rsquo;union Africaine"},"content":{"rendered":"\n<p>La candidature de la Tunisie pour abriter le si\u00e8ge de l&rsquo;Agence africaine du m\u00e9dicament a \u00e9t\u00e9 au centre de la rencontre qui a eu , ce mercredi, au Palais du gouvernement \u00e0 la Kasbah, entre la cheffe du gouvernement, Najla Bouden et des repr\u00e9sentants de la Commission de l&rsquo;Union africaine (UA) conduite par Aggrey John Douglas Ambali.<\/p>\n\n\n\n<p>La rencontre s&rsquo;est d\u00e9roul\u00e9e en pr\u00e9sence de Margaret Agama Nyetei, directrice de la Division sant\u00e9, nutrition et population de la Commission de l&rsquo;Union africaine.<\/p>\n\n\n\n<p>A cette occasion, Bouden a r\u00e9affirm\u00e9 la disponibilit\u00e9 de la Tunisie \u00e0 apporter tout le soutien n\u00e9cessaire \u00e0 cette agence qui sera implant\u00e9e en Tunisie, de mani\u00e8re \u00e0 contribuer \u00e0 son rayonnement dans les domaines sanitaire et m\u00e9dical au double plan continental et international.<\/p>\n\n\n\n<p>\u00ab\u00a0La Tunisie dispose d&rsquo;un potentiel important et d&rsquo;exp\u00e9riences r\u00e9ussies dans ces domaines \u00ab\u00a0, a-t-elle assur\u00e9, cit\u00e9e dans un communiqu\u00e9 de la pr\u00e9sidence du gouvernement.<\/p>\n\n\n\n<p>Elle a \u00e9galement affirm\u00e9 la volont\u00e9 de la Tunisie de soutenir les institutions de l&rsquo;Union africaine, d&rsquo;\u0153uvrer \u00e0 d\u00e9velopper davantage la coop\u00e9ration avec elles dans divers domaines et de soutenir l&rsquo;initiative de l&rsquo;Union de cr\u00e9er l&rsquo;Agence africaine du m\u00e9dicament.<\/p>\n\n\n\n<p>La Tunisie a d\u00e9pos\u00e9 son dossier de candidature aupr\u00e8s de la Commission de l&rsquo;Union africaine (UA) pour abriter le si\u00e8ge de l&rsquo;Agence africaine de m\u00e9dicaments (AMA).<\/p>\n\n\n\n<p>Le dossier a \u00e9t\u00e9 pr\u00e9sent\u00e9 par le ministre de la Sant\u00e9, Ali Mrabet, qui avait re\u00e7u la d\u00e9l\u00e9gation de l&rsquo;UA pr\u00e9sid\u00e9e par Aggrey John Douglas Ambali et ce, en pr\u00e9sence des cadres du d\u00e9partement ainsi que des repr\u00e9sentants des structures gouvernementales concern\u00e9es.<\/p>\n\n\n\n<p>L&rsquo;Agence africaine de m\u00e9dicaments est la deuxi\u00e8me agence de sant\u00e9 au niveau continental, apr\u00e8s les Centres africains de Contr\u00f4le et de Pr\u00e9vention des maladies (CDC-Afrique), qui sera charg\u00e9e de renforcer les capacit\u00e9s des Etats parties et des Communaut\u00e9s \u00e9conomiques r\u00e9gionales (CER) dans la r\u00e9glementation des produits m\u00e9dicaux afin de faciliter l&rsquo;acc\u00e8s \u00e0 des produits m\u00e9dicaux de qualit\u00e9, s\u00fbrs et efficaces sur le continent.<\/p>\n\n\n\n<p>L&rsquo;Agence africaine de m\u00e9dicament devra \u00e9galement promouvoir l&rsquo;adoption et l&rsquo;harmonisation des politiques et des normes de r\u00e9glementation des produits m\u00e9dicaux, donner les directives scientifiques n\u00e9cessaires et coordonner les efforts en mati\u00e8re d&rsquo;harmonisation r\u00e9glementaire existants dans les CER et les organisations r\u00e9gionales de sant\u00e9 (ORS) reconnues par l&rsquo;Union africaine.<\/p>\n\n\n\n<p>TAP<\/p>\n","protected":false},"excerpt":{"rendered":"<p>La candidature de la Tunisie pour abriter le si\u00e8ge de l&rsquo;Agence africaine du m\u00e9dicament a \u00e9t\u00e9 au centre de la rencontre qui a eu , ce mercredi, au Palais du gouvernement \u00e0 la Kasbah, entre la cheffe du gouvernement, Najla Bouden et des repr\u00e9sentants de la Commission de l&rsquo;Union africaine (UA) conduite par Aggrey John &hellip;<\/p>\n","protected":false},"author":2,"featured_media":3462,"comment_status":"closed","ping_status":"open","sticky":false,"template":"","format":"standard","meta":{"footnotes":""},"categories":[20,14],"tags":[499,147,429,148],"class_list":["post-3461","post","type-post","status-publish","format-standard","has-post-thumbnail","hentry","category-sante","category-tunisie","tag-lagence-africaine-du-medicament","tag-la-cheffe-du-gouvernement","tag-ministre-de-la-sante","tag-najla-bouden"],"yoast_head":"<!-- This site is optimized with the Yoast SEO plugin v26.3 - https:\/\/yoast.com\/wordpress\/plugins\/seo\/ -->\n<title>Bouden re\u00e7oit un d\u00e9l\u00e9gation de l&#039;union Africaine - Magazine Shams Al Yaoum<\/title>\n<meta name=\"robots\" content=\"index, follow, max-snippet:-1, max-image-preview:large, max-video-preview:-1\" \/>\n<link rel=\"canonical\" href=\"https:\/\/shams-alyaoum.com\/fr\/bouden-recoit-un-delegation-de-lunion-africaine\/\" \/>\n<meta property=\"og:locale\" content=\"fr_FR\" \/>\n<meta property=\"og:type\" content=\"article\" \/>\n<meta property=\"og:title\" content=\"Bouden re\u00e7oit un d\u00e9l\u00e9gation de l&#039;union Africaine - Magazine Shams Al Yaoum\" \/>\n<meta property=\"og:description\" content=\"La candidature de la Tunisie pour abriter le si\u00e8ge de l&rsquo;Agence africaine du m\u00e9dicament a \u00e9t\u00e9 au centre de la rencontre qui a eu , ce mercredi, au Palais du gouvernement \u00e0 la Kasbah, entre la cheffe du gouvernement, Najla Bouden et des repr\u00e9sentants de la Commission de l&rsquo;Union africaine (UA) conduite par Aggrey John &hellip;\" \/>\n<meta property=\"og:url\" content=\"https:\/\/shams-alyaoum.com\/fr\/bouden-recoit-un-delegation-de-lunion-africaine\/\" \/>\n<meta property=\"og:site_name\" content=\"Magazine Shams Al Yaoum\" \/>\n<meta property=\"article:published_time\" content=\"2022-04-14T07:58:24+00:00\" \/>\n<meta property=\"article:modified_time\" content=\"2022-04-14T07:58:29+00:00\" \/>\n<meta property=\"og:image\" content=\"https:\/\/shams-alyaoum.com\/fr\/wp-content\/uploads\/2022\/04\/bouden_1649887885.jpg\" \/>\n\t<meta property=\"og:image:width\" content=\"900\" \/>\n\t<meta property=\"og:image:height\" content=\"505\" \/>\n\t<meta property=\"og:image:type\" content=\"image\/jpeg\" \/>\n<meta name=\"author\" content=\"shamsalyaoum\" \/>\n<meta name=\"twitter:card\" content=\"summary_large_image\" \/>\n<meta name=\"twitter:label1\" content=\"\u00c9crit par\" \/>\n\t<meta name=\"twitter:data1\" content=\"shamsalyaoum\" \/>\n\t<meta name=\"twitter:label2\" content=\"Dur\u00e9e de lecture estim\u00e9e\" \/>\n\t<meta name=\"twitter:data2\" content=\"2 minutes\" \/>\n<script type=\"application\/ld+json\" class=\"yoast-schema-graph\">{\"@context\":\"https:\/\/schema.org\",\"@graph\":[{\"@type\":\"WebPage\",\"@id\":\"https:\/\/shams-alyaoum.com\/fr\/bouden-recoit-un-delegation-de-lunion-africaine\/\",\"url\":\"https:\/\/shams-alyaoum.com\/fr\/bouden-recoit-un-delegation-de-lunion-africaine\/\",\"name\":\"Bouden re\u00e7oit un d\u00e9l\u00e9gation de l'union Africaine - Magazine Shams Al Yaoum\",\"isPartOf\":{\"@id\":\"https:\/\/shams-alyaoum.com\/fr\/#website\"},\"primaryImageOfPage\":{\"@id\":\"https:\/\/shams-alyaoum.com\/fr\/bouden-recoit-un-delegation-de-lunion-africaine\/#primaryimage\"},\"image\":{\"@id\":\"https:\/\/shams-alyaoum.com\/fr\/bouden-recoit-un-delegation-de-lunion-africaine\/#primaryimage\"},\"thumbnailUrl\":\"https:\/\/shams-alyaoum.com\/fr\/wp-content\/uploads\/2022\/04\/bouden_1649887885.jpg\",\"datePublished\":\"2022-04-14T07:58:24+00:00\",\"dateModified\":\"2022-04-14T07:58:29+00:00\",\"author\":{\"@id\":\"https:\/\/shams-alyaoum.com\/fr\/#\/schema\/person\/7b572f8c370a521e35112e88da52dce5\"},\"breadcrumb\":{\"@id\":\"https:\/\/shams-alyaoum.com\/fr\/bouden-recoit-un-delegation-de-lunion-africaine\/#breadcrumb\"},\"inLanguage\":\"fr-FR\",\"potentialAction\":[{\"@type\":\"ReadAction\",\"target\":[\"https:\/\/shams-alyaoum.com\/fr\/bouden-recoit-un-delegation-de-lunion-africaine\/\"]}]},{\"@type\":\"ImageObject\",\"inLanguage\":\"fr-FR\",\"@id\":\"https:\/\/shams-alyaoum.com\/fr\/bouden-recoit-un-delegation-de-lunion-africaine\/#primaryimage\",\"url\":\"https:\/\/shams-alyaoum.com\/fr\/wp-content\/uploads\/2022\/04\/bouden_1649887885.jpg\",\"contentUrl\":\"https:\/\/shams-alyaoum.com\/fr\/wp-content\/uploads\/2022\/04\/bouden_1649887885.jpg\",\"width\":900,\"height\":505},{\"@type\":\"BreadcrumbList\",\"@id\":\"https:\/\/shams-alyaoum.com\/fr\/bouden-recoit-un-delegation-de-lunion-africaine\/#breadcrumb\",\"itemListElement\":[{\"@type\":\"ListItem\",\"position\":1,\"name\":\"Accueil\",\"item\":\"https:\/\/shams-alyaoum.com\/fr\/\"},{\"@type\":\"ListItem\",\"position\":2,\"name\":\"Bouden re\u00e7oit un d\u00e9l\u00e9gation de l&rsquo;union Africaine\"}]},{\"@type\":\"WebSite\",\"@id\":\"https:\/\/shams-alyaoum.com\/fr\/#website\",\"url\":\"https:\/\/shams-alyaoum.com\/fr\/\",\"name\":\"Magazine Shams Al Yaoum\",\"description\":\"\",\"potentialAction\":[{\"@type\":\"SearchAction\",\"target\":{\"@type\":\"EntryPoint\",\"urlTemplate\":\"https:\/\/shams-alyaoum.com\/fr\/?s={search_term_string}\"},\"query-input\":{\"@type\":\"PropertyValueSpecification\",\"valueRequired\":true,\"valueName\":\"search_term_string\"}}],\"inLanguage\":\"fr-FR\"},{\"@type\":\"Person\",\"@id\":\"https:\/\/shams-alyaoum.com\/fr\/#\/schema\/person\/7b572f8c370a521e35112e88da52dce5\",\"name\":\"shamsalyaoum\",\"image\":{\"@type\":\"ImageObject\",\"inLanguage\":\"fr-FR\",\"@id\":\"https:\/\/shams-alyaoum.com\/fr\/#\/schema\/person\/image\/\",\"url\":\"https:\/\/secure.gravatar.com\/avatar\/11774fd6260846ea4d3230345b47c868eaffb0fe76386b1a8b3cc24c8dc91f3d?s=96&d=mm&r=g\",\"contentUrl\":\"https:\/\/secure.gravatar.com\/avatar\/11774fd6260846ea4d3230345b47c868eaffb0fe76386b1a8b3cc24c8dc91f3d?s=96&d=mm&r=g\",\"caption\":\"shamsalyaoum\"},\"url\":\"https:\/\/shams-alyaoum.com\/fr\/author\/shamsalyaoum\/\"}]}<\/script>\n<!-- \/ Yoast SEO plugin. -->","yoast_head_json":{"title":"Bouden re\u00e7oit un d\u00e9l\u00e9gation de l'union Africaine - Magazine Shams Al Yaoum","robots":{"index":"index","follow":"follow","max-snippet":"max-snippet:-1","max-image-preview":"max-image-preview:large","max-video-preview":"max-video-preview:-1"},"canonical":"https:\/\/shams-alyaoum.com\/fr\/bouden-recoit-un-delegation-de-lunion-africaine\/","og_locale":"fr_FR","og_type":"article","og_title":"Bouden re\u00e7oit un d\u00e9l\u00e9gation de l'union Africaine - Magazine Shams Al Yaoum","og_description":"La candidature de la Tunisie pour abriter le si\u00e8ge de l&rsquo;Agence africaine du m\u00e9dicament a \u00e9t\u00e9 au centre de la rencontre qui a eu , ce mercredi, au Palais du gouvernement \u00e0 la Kasbah, entre la cheffe du gouvernement, Najla Bouden et des repr\u00e9sentants de la Commission de l&rsquo;Union africaine (UA) conduite par Aggrey John &hellip;","og_url":"https:\/\/shams-alyaoum.com\/fr\/bouden-recoit-un-delegation-de-lunion-africaine\/","og_site_name":"Magazine Shams Al Yaoum","article_published_time":"2022-04-14T07:58:24+00:00","article_modified_time":"2022-04-14T07:58:29+00:00","og_image":[{"width":900,"height":505,"url":"https:\/\/shams-alyaoum.com\/fr\/wp-content\/uploads\/2022\/04\/bouden_1649887885.jpg","type":"image\/jpeg"}],"author":"shamsalyaoum","twitter_card":"summary_large_image","twitter_misc":{"\u00c9crit par":"shamsalyaoum","Dur\u00e9e de lecture estim\u00e9e":"2 minutes"},"schema":{"@context":"https:\/\/schema.org","@graph":[{"@type":"WebPage","@id":"https:\/\/shams-alyaoum.com\/fr\/bouden-recoit-un-delegation-de-lunion-africaine\/","url":"https:\/\/shams-alyaoum.com\/fr\/bouden-recoit-un-delegation-de-lunion-africaine\/","name":"Bouden re\u00e7oit un d\u00e9l\u00e9gation de l'union Africaine - Magazine Shams Al Yaoum","isPartOf":{"@id":"https:\/\/shams-alyaoum.com\/fr\/#website"},"primaryImageOfPage":{"@id":"https:\/\/shams-alyaoum.com\/fr\/bouden-recoit-un-delegation-de-lunion-africaine\/#primaryimage"},"image":{"@id":"https:\/\/shams-alyaoum.com\/fr\/bouden-recoit-un-delegation-de-lunion-africaine\/#primaryimage"},"thumbnailUrl":"https:\/\/shams-alyaoum.com\/fr\/wp-content\/uploads\/2022\/04\/bouden_1649887885.jpg","datePublished":"2022-04-14T07:58:24+00:00","dateModified":"2022-04-14T07:58:29+00:00","author":{"@id":"https:\/\/shams-alyaoum.com\/fr\/#\/schema\/person\/7b572f8c370a521e35112e88da52dce5"},"breadcrumb":{"@id":"https:\/\/shams-alyaoum.com\/fr\/bouden-recoit-un-delegation-de-lunion-africaine\/#breadcrumb"},"inLanguage":"fr-FR","potentialAction":[{"@type":"ReadAction","target":["https:\/\/shams-alyaoum.com\/fr\/bouden-recoit-un-delegation-de-lunion-africaine\/"]}]},{"@type":"ImageObject","inLanguage":"fr-FR","@id":"https:\/\/shams-alyaoum.com\/fr\/bouden-recoit-un-delegation-de-lunion-africaine\/#primaryimage","url":"https:\/\/shams-alyaoum.com\/fr\/wp-content\/uploads\/2022\/04\/bouden_1649887885.jpg","contentUrl":"https:\/\/shams-alyaoum.com\/fr\/wp-content\/uploads\/2022\/04\/bouden_1649887885.jpg","width":900,"height":505},{"@type":"BreadcrumbList","@id":"https:\/\/shams-alyaoum.com\/fr\/bouden-recoit-un-delegation-de-lunion-africaine\/#breadcrumb","itemListElement":[{"@type":"ListItem","position":1,"name":"Accueil","item":"https:\/\/shams-alyaoum.com\/fr\/"},{"@type":"ListItem","position":2,"name":"Bouden re\u00e7oit un d\u00e9l\u00e9gation de l&rsquo;union Africaine"}]},{"@type":"WebSite","@id":"https:\/\/shams-alyaoum.com\/fr\/#website","url":"https:\/\/shams-alyaoum.com\/fr\/","name":"Magazine Shams Al Yaoum","description":"","potentialAction":[{"@type":"SearchAction","target":{"@type":"EntryPoint","urlTemplate":"https:\/\/shams-alyaoum.com\/fr\/?s={search_term_string}"},"query-input":{"@type":"PropertyValueSpecification","valueRequired":true,"valueName":"search_term_string"}}],"inLanguage":"fr-FR"},{"@type":"Person","@id":"https:\/\/shams-alyaoum.com\/fr\/#\/schema\/person\/7b572f8c370a521e35112e88da52dce5","name":"shamsalyaoum","image":{"@type":"ImageObject","inLanguage":"fr-FR","@id":"https:\/\/shams-alyaoum.com\/fr\/#\/schema\/person\/image\/","url":"https:\/\/secure.gravatar.com\/avatar\/11774fd6260846ea4d3230345b47c868eaffb0fe76386b1a8b3cc24c8dc91f3d?s=96&d=mm&r=g","contentUrl":"https:\/\/secure.gravatar.com\/avatar\/11774fd6260846ea4d3230345b47c868eaffb0fe76386b1a8b3cc24c8dc91f3d?s=96&d=mm&r=g","caption":"shamsalyaoum"},"url":"https:\/\/shams-alyaoum.com\/fr\/author\/shamsalyaoum\/"}]}},"_links":{"self":[{"href":"https:\/\/shams-alyaoum.com\/fr\/wp-json\/wp\/v2\/posts\/3461","targetHints":{"allow":["GET"]}}],"collection":[{"href":"https:\/\/shams-alyaoum.com\/fr\/wp-json\/wp\/v2\/posts"}],"about":[{"href":"https:\/\/shams-alyaoum.com\/fr\/wp-json\/wp\/v2\/types\/post"}],"author":[{"embeddable":true,"href":"https:\/\/shams-alyaoum.com\/fr\/wp-json\/wp\/v2\/users\/2"}],"replies":[{"embeddable":true,"href":"https:\/\/shams-alyaoum.com\/fr\/wp-json\/wp\/v2\/comments?post=3461"}],"version-history":[{"count":1,"href":"https:\/\/shams-alyaoum.com\/fr\/wp-json\/wp\/v2\/posts\/3461\/revisions"}],"predecessor-version":[{"id":3463,"href":"https:\/\/shams-alyaoum.com\/fr\/wp-json\/wp\/v2\/posts\/3461\/revisions\/3463"}],"wp:featuredmedia":[{"embeddable":true,"href":"https:\/\/shams-alyaoum.com\/fr\/wp-json\/wp\/v2\/media\/3462"}],"wp:attachment":[{"href":"https:\/\/shams-alyaoum.com\/fr\/wp-json\/wp\/v2\/media?parent=3461"}],"wp:term":[{"taxonomy":"category","embeddable":true,"href":"https:\/\/shams-alyaoum.com\/fr\/wp-json\/wp\/v2\/categories?post=3461"},{"taxonomy":"post_tag","embeddable":true,"href":"https:\/\/shams-alyaoum.com\/fr\/wp-json\/wp\/v2\/tags?post=3461"}],"curies":[{"name":"wp","href":"https:\/\/api.w.org\/{rel}","templated":true}]}}