{"id":3406,"date":"2022-04-13T09:23:17","date_gmt":"2022-04-13T07:23:17","guid":{"rendered":"https:\/\/shams-alyaoum.com\/fr\/?p=3406"},"modified":"2022-04-13T09:23:19","modified_gmt":"2022-04-13T07:23:19","slug":"le-decret-presidentiel-relatif-au-teletravail-paru-au-jort","status":"publish","type":"post","link":"https:\/\/shams-alyaoum.com\/fr\/le-decret-presidentiel-relatif-au-teletravail-paru-au-jort\/","title":{"rendered":"Le d\u00e9cret pr\u00e9sidentiel relatif au t\u00e9l\u00e9travail paru au JORT"},"content":{"rendered":"\n<p>Le d\u00e9cret pr\u00e9sidentiel n\u00b0310 portant organisation du t\u00e9l\u00e9travail pour les agents de l\u2019\u00c9tat, les collectivit\u00e9s locales, les institutions, les \u00e9tablissements et les organismes publics est paru, ce mardi, au Journal Officiel de la R\u00e9publique Tunisienne (JORT).<\/p>\n\n\n\n<p>Le d\u00e9cret comporte 25 articles r\u00e9partis sur 4 chapitres \u00e0 savoir ; dispositions g\u00e9n\u00e9rales, organisation du travail r\u00e9gulier \u00e0 distance, organisation du travail circonstanciel \u00e0 distance et enfin, m\u00e9canismes de suivi et d\u2019\u00e9valuation.<\/p>\n\n\n\n<p>L\u2019\u00e9tablissement de ce syst\u00e8me de travail vise principalement \u00e0 soutenir la continuit\u00e9 du travail administratif et \u00e0 \u00e9largir la gamme de services fournis, en plus de contribuer aux efforts et aux initiatives li\u00e9s \u00e0 la rationalisation des d\u00e9penses publiques et \u00e0 l\u2019am\u00e9lioration de la productivit\u00e9.<\/p>\n\n\n\n<p>Il a aussi pour objectif de soutenir la capacit\u00e9 \u00e0 encourager et \u00e0 motiver les comp\u00e9tences.<\/p>\n\n\n\n<p>\u00c0 rappeler que le t\u00e9l\u00e9travail a \u00e9t\u00e9 adopt\u00e9 en Tunisie dans le cadre d\u2019un ensemble de proc\u00e9dures et mesures prises pour lutter contre le coronavirus et pr\u00e9venir sa propagation.<br>Le 23 mars 2020, un d\u00e9cret a \u00e9t\u00e9 \u00e9mis stipulant (dans son chapitre VII) qu\u2019il est possible pour les chefs de structures administratives d\u2019autoriser le travail \u00e0 distance pour certains agents dont le travail ne n\u00e9cessite pas la pr\u00e9sence effective au si\u00e8ge de travail.<\/p>\n\n\n\n<p><\/p>\n","protected":false},"excerpt":{"rendered":"<p>Le d\u00e9cret pr\u00e9sidentiel n\u00b0310 portant organisation du t\u00e9l\u00e9travail pour les agents de l\u2019\u00c9tat, les collectivit\u00e9s locales, les institutions, les \u00e9tablissements et les organismes publics est paru, ce mardi, au Journal Officiel de la R\u00e9publique Tunisienne (JORT). Le d\u00e9cret comporte 25 articles r\u00e9partis sur 4 chapitres \u00e0 savoir ; dispositions g\u00e9n\u00e9rales, organisation du travail r\u00e9gulier \u00e0 &hellip;<\/p>\n","protected":false},"author":2,"featured_media":3407,"comment_status":"closed","ping_status":"open","sticky":false,"template":"","format":"standard","meta":{"footnotes":""},"categories":[17,2,28,14],"tags":[204,395,314,449,36],"class_list":["post-3406","post","type-post","status-publish","format-standard","has-post-thumbnail","hentry","category-economie","category-news","category-societe","category-tunisie","tag-decret","tag-decret-presidentiel","tag-jort","tag-teletravail","tag-tunisie"],"yoast_head":"<!-- This site is optimized with the Yoast SEO plugin v26.3 - https:\/\/yoast.com\/wordpress\/plugins\/seo\/ -->\n<title>Le d\u00e9cret pr\u00e9sidentiel relatif au t\u00e9l\u00e9travail paru au JORT - Magazine Shams Al Yaoum<\/title>\n<meta name=\"robots\" content=\"index, follow, max-snippet:-1, max-image-preview:large, max-video-preview:-1\" \/>\n<link rel=\"canonical\" href=\"https:\/\/shams-alyaoum.com\/fr\/le-decret-presidentiel-relatif-au-teletravail-paru-au-jort\/\" \/>\n<meta property=\"og:locale\" content=\"fr_FR\" \/>\n<meta property=\"og:type\" content=\"article\" \/>\n<meta property=\"og:title\" content=\"Le d\u00e9cret pr\u00e9sidentiel relatif au t\u00e9l\u00e9travail paru au JORT - Magazine Shams Al Yaoum\" \/>\n<meta property=\"og:description\" content=\"Le d\u00e9cret pr\u00e9sidentiel n\u00b0310 portant organisation du t\u00e9l\u00e9travail pour les agents de l\u2019\u00c9tat, les collectivit\u00e9s locales, les institutions, les \u00e9tablissements et les organismes publics est paru, ce mardi, au Journal Officiel de la R\u00e9publique Tunisienne (JORT). Le d\u00e9cret comporte 25 articles r\u00e9partis sur 4 chapitres \u00e0 savoir ; dispositions g\u00e9n\u00e9rales, organisation du travail r\u00e9gulier \u00e0 &hellip;\" \/>\n<meta property=\"og:url\" content=\"https:\/\/shams-alyaoum.com\/fr\/le-decret-presidentiel-relatif-au-teletravail-paru-au-jort\/\" \/>\n<meta property=\"og:site_name\" content=\"Magazine Shams Al Yaoum\" \/>\n<meta property=\"article:published_time\" content=\"2022-04-13T07:23:17+00:00\" \/>\n<meta property=\"article:modified_time\" content=\"2022-04-13T07:23:19+00:00\" \/>\n<meta property=\"og:image\" content=\"https:\/\/shams-alyaoum.com\/fr\/wp-content\/uploads\/2022\/04\/jort_1548961502.jpg\" \/>\n\t<meta property=\"og:image:width\" content=\"800\" \/>\n\t<meta property=\"og:image:height\" content=\"449\" \/>\n\t<meta property=\"og:image:type\" content=\"image\/jpeg\" \/>\n<meta name=\"author\" content=\"shamsalyaoum\" \/>\n<meta name=\"twitter:card\" content=\"summary_large_image\" \/>\n<meta name=\"twitter:label1\" content=\"\u00c9crit par\" \/>\n\t<meta name=\"twitter:data1\" content=\"shamsalyaoum\" \/>\n\t<meta name=\"twitter:label2\" content=\"Dur\u00e9e de lecture estim\u00e9e\" \/>\n\t<meta name=\"twitter:data2\" content=\"1 minute\" \/>\n<script type=\"application\/ld+json\" class=\"yoast-schema-graph\">{\"@context\":\"https:\/\/schema.org\",\"@graph\":[{\"@type\":\"WebPage\",\"@id\":\"https:\/\/shams-alyaoum.com\/fr\/le-decret-presidentiel-relatif-au-teletravail-paru-au-jort\/\",\"url\":\"https:\/\/shams-alyaoum.com\/fr\/le-decret-presidentiel-relatif-au-teletravail-paru-au-jort\/\",\"name\":\"Le d\u00e9cret pr\u00e9sidentiel relatif au t\u00e9l\u00e9travail paru au JORT - Magazine Shams Al Yaoum\",\"isPartOf\":{\"@id\":\"https:\/\/shams-alyaoum.com\/fr\/#website\"},\"primaryImageOfPage\":{\"@id\":\"https:\/\/shams-alyaoum.com\/fr\/le-decret-presidentiel-relatif-au-teletravail-paru-au-jort\/#primaryimage\"},\"image\":{\"@id\":\"https:\/\/shams-alyaoum.com\/fr\/le-decret-presidentiel-relatif-au-teletravail-paru-au-jort\/#primaryimage\"},\"thumbnailUrl\":\"https:\/\/shams-alyaoum.com\/fr\/wp-content\/uploads\/2022\/04\/jort_1548961502.jpg\",\"datePublished\":\"2022-04-13T07:23:17+00:00\",\"dateModified\":\"2022-04-13T07:23:19+00:00\",\"author\":{\"@id\":\"https:\/\/shams-alyaoum.com\/fr\/#\/schema\/person\/7b572f8c370a521e35112e88da52dce5\"},\"breadcrumb\":{\"@id\":\"https:\/\/shams-alyaoum.com\/fr\/le-decret-presidentiel-relatif-au-teletravail-paru-au-jort\/#breadcrumb\"},\"inLanguage\":\"fr-FR\",\"potentialAction\":[{\"@type\":\"ReadAction\",\"target\":[\"https:\/\/shams-alyaoum.com\/fr\/le-decret-presidentiel-relatif-au-teletravail-paru-au-jort\/\"]}]},{\"@type\":\"ImageObject\",\"inLanguage\":\"fr-FR\",\"@id\":\"https:\/\/shams-alyaoum.com\/fr\/le-decret-presidentiel-relatif-au-teletravail-paru-au-jort\/#primaryimage\",\"url\":\"https:\/\/shams-alyaoum.com\/fr\/wp-content\/uploads\/2022\/04\/jort_1548961502.jpg\",\"contentUrl\":\"https:\/\/shams-alyaoum.com\/fr\/wp-content\/uploads\/2022\/04\/jort_1548961502.jpg\",\"width\":800,\"height\":449},{\"@type\":\"BreadcrumbList\",\"@id\":\"https:\/\/shams-alyaoum.com\/fr\/le-decret-presidentiel-relatif-au-teletravail-paru-au-jort\/#breadcrumb\",\"itemListElement\":[{\"@type\":\"ListItem\",\"position\":1,\"name\":\"Accueil\",\"item\":\"https:\/\/shams-alyaoum.com\/fr\/\"},{\"@type\":\"ListItem\",\"position\":2,\"name\":\"Le d\u00e9cret pr\u00e9sidentiel relatif au t\u00e9l\u00e9travail paru au JORT\"}]},{\"@type\":\"WebSite\",\"@id\":\"https:\/\/shams-alyaoum.com\/fr\/#website\",\"url\":\"https:\/\/shams-alyaoum.com\/fr\/\",\"name\":\"Magazine Shams Al Yaoum\",\"description\":\"\",\"potentialAction\":[{\"@type\":\"SearchAction\",\"target\":{\"@type\":\"EntryPoint\",\"urlTemplate\":\"https:\/\/shams-alyaoum.com\/fr\/?s={search_term_string}\"},\"query-input\":{\"@type\":\"PropertyValueSpecification\",\"valueRequired\":true,\"valueName\":\"search_term_string\"}}],\"inLanguage\":\"fr-FR\"},{\"@type\":\"Person\",\"@id\":\"https:\/\/shams-alyaoum.com\/fr\/#\/schema\/person\/7b572f8c370a521e35112e88da52dce5\",\"name\":\"shamsalyaoum\",\"image\":{\"@type\":\"ImageObject\",\"inLanguage\":\"fr-FR\",\"@id\":\"https:\/\/shams-alyaoum.com\/fr\/#\/schema\/person\/image\/\",\"url\":\"https:\/\/secure.gravatar.com\/avatar\/11774fd6260846ea4d3230345b47c868eaffb0fe76386b1a8b3cc24c8dc91f3d?s=96&d=mm&r=g\",\"contentUrl\":\"https:\/\/secure.gravatar.com\/avatar\/11774fd6260846ea4d3230345b47c868eaffb0fe76386b1a8b3cc24c8dc91f3d?s=96&d=mm&r=g\",\"caption\":\"shamsalyaoum\"},\"url\":\"https:\/\/shams-alyaoum.com\/fr\/author\/shamsalyaoum\/\"}]}<\/script>\n<!-- \/ Yoast SEO plugin. -->","yoast_head_json":{"title":"Le d\u00e9cret pr\u00e9sidentiel relatif au t\u00e9l\u00e9travail paru au JORT - Magazine Shams Al Yaoum","robots":{"index":"index","follow":"follow","max-snippet":"max-snippet:-1","max-image-preview":"max-image-preview:large","max-video-preview":"max-video-preview:-1"},"canonical":"https:\/\/shams-alyaoum.com\/fr\/le-decret-presidentiel-relatif-au-teletravail-paru-au-jort\/","og_locale":"fr_FR","og_type":"article","og_title":"Le d\u00e9cret pr\u00e9sidentiel relatif au t\u00e9l\u00e9travail paru au JORT - Magazine Shams Al Yaoum","og_description":"Le d\u00e9cret pr\u00e9sidentiel n\u00b0310 portant organisation du t\u00e9l\u00e9travail pour les agents de l\u2019\u00c9tat, les collectivit\u00e9s locales, les institutions, les \u00e9tablissements et les organismes publics est paru, ce mardi, au Journal Officiel de la R\u00e9publique Tunisienne (JORT). Le d\u00e9cret comporte 25 articles r\u00e9partis sur 4 chapitres \u00e0 savoir ; dispositions g\u00e9n\u00e9rales, organisation du travail r\u00e9gulier \u00e0 &hellip;","og_url":"https:\/\/shams-alyaoum.com\/fr\/le-decret-presidentiel-relatif-au-teletravail-paru-au-jort\/","og_site_name":"Magazine Shams Al Yaoum","article_published_time":"2022-04-13T07:23:17+00:00","article_modified_time":"2022-04-13T07:23:19+00:00","og_image":[{"width":800,"height":449,"url":"https:\/\/shams-alyaoum.com\/fr\/wp-content\/uploads\/2022\/04\/jort_1548961502.jpg","type":"image\/jpeg"}],"author":"shamsalyaoum","twitter_card":"summary_large_image","twitter_misc":{"\u00c9crit par":"shamsalyaoum","Dur\u00e9e de lecture estim\u00e9e":"1 minute"},"schema":{"@context":"https:\/\/schema.org","@graph":[{"@type":"WebPage","@id":"https:\/\/shams-alyaoum.com\/fr\/le-decret-presidentiel-relatif-au-teletravail-paru-au-jort\/","url":"https:\/\/shams-alyaoum.com\/fr\/le-decret-presidentiel-relatif-au-teletravail-paru-au-jort\/","name":"Le d\u00e9cret pr\u00e9sidentiel relatif au t\u00e9l\u00e9travail paru au JORT - Magazine Shams Al Yaoum","isPartOf":{"@id":"https:\/\/shams-alyaoum.com\/fr\/#website"},"primaryImageOfPage":{"@id":"https:\/\/shams-alyaoum.com\/fr\/le-decret-presidentiel-relatif-au-teletravail-paru-au-jort\/#primaryimage"},"image":{"@id":"https:\/\/shams-alyaoum.com\/fr\/le-decret-presidentiel-relatif-au-teletravail-paru-au-jort\/#primaryimage"},"thumbnailUrl":"https:\/\/shams-alyaoum.com\/fr\/wp-content\/uploads\/2022\/04\/jort_1548961502.jpg","datePublished":"2022-04-13T07:23:17+00:00","dateModified":"2022-04-13T07:23:19+00:00","author":{"@id":"https:\/\/shams-alyaoum.com\/fr\/#\/schema\/person\/7b572f8c370a521e35112e88da52dce5"},"breadcrumb":{"@id":"https:\/\/shams-alyaoum.com\/fr\/le-decret-presidentiel-relatif-au-teletravail-paru-au-jort\/#breadcrumb"},"inLanguage":"fr-FR","potentialAction":[{"@type":"ReadAction","target":["https:\/\/shams-alyaoum.com\/fr\/le-decret-presidentiel-relatif-au-teletravail-paru-au-jort\/"]}]},{"@type":"ImageObject","inLanguage":"fr-FR","@id":"https:\/\/shams-alyaoum.com\/fr\/le-decret-presidentiel-relatif-au-teletravail-paru-au-jort\/#primaryimage","url":"https:\/\/shams-alyaoum.com\/fr\/wp-content\/uploads\/2022\/04\/jort_1548961502.jpg","contentUrl":"https:\/\/shams-alyaoum.com\/fr\/wp-content\/uploads\/2022\/04\/jort_1548961502.jpg","width":800,"height":449},{"@type":"BreadcrumbList","@id":"https:\/\/shams-alyaoum.com\/fr\/le-decret-presidentiel-relatif-au-teletravail-paru-au-jort\/#breadcrumb","itemListElement":[{"@type":"ListItem","position":1,"name":"Accueil","item":"https:\/\/shams-alyaoum.com\/fr\/"},{"@type":"ListItem","position":2,"name":"Le d\u00e9cret pr\u00e9sidentiel relatif au t\u00e9l\u00e9travail paru au JORT"}]},{"@type":"WebSite","@id":"https:\/\/shams-alyaoum.com\/fr\/#website","url":"https:\/\/shams-alyaoum.com\/fr\/","name":"Magazine Shams Al Yaoum","description":"","potentialAction":[{"@type":"SearchAction","target":{"@type":"EntryPoint","urlTemplate":"https:\/\/shams-alyaoum.com\/fr\/?s={search_term_string}"},"query-input":{"@type":"PropertyValueSpecification","valueRequired":true,"valueName":"search_term_string"}}],"inLanguage":"fr-FR"},{"@type":"Person","@id":"https:\/\/shams-alyaoum.com\/fr\/#\/schema\/person\/7b572f8c370a521e35112e88da52dce5","name":"shamsalyaoum","image":{"@type":"ImageObject","inLanguage":"fr-FR","@id":"https:\/\/shams-alyaoum.com\/fr\/#\/schema\/person\/image\/","url":"https:\/\/secure.gravatar.com\/avatar\/11774fd6260846ea4d3230345b47c868eaffb0fe76386b1a8b3cc24c8dc91f3d?s=96&d=mm&r=g","contentUrl":"https:\/\/secure.gravatar.com\/avatar\/11774fd6260846ea4d3230345b47c868eaffb0fe76386b1a8b3cc24c8dc91f3d?s=96&d=mm&r=g","caption":"shamsalyaoum"},"url":"https:\/\/shams-alyaoum.com\/fr\/author\/shamsalyaoum\/"}]}},"_links":{"self":[{"href":"https:\/\/shams-alyaoum.com\/fr\/wp-json\/wp\/v2\/posts\/3406","targetHints":{"allow":["GET"]}}],"collection":[{"href":"https:\/\/shams-alyaoum.com\/fr\/wp-json\/wp\/v2\/posts"}],"about":[{"href":"https:\/\/shams-alyaoum.com\/fr\/wp-json\/wp\/v2\/types\/post"}],"author":[{"embeddable":true,"href":"https:\/\/shams-alyaoum.com\/fr\/wp-json\/wp\/v2\/users\/2"}],"replies":[{"embeddable":true,"href":"https:\/\/shams-alyaoum.com\/fr\/wp-json\/wp\/v2\/comments?post=3406"}],"version-history":[{"count":1,"href":"https:\/\/shams-alyaoum.com\/fr\/wp-json\/wp\/v2\/posts\/3406\/revisions"}],"predecessor-version":[{"id":3408,"href":"https:\/\/shams-alyaoum.com\/fr\/wp-json\/wp\/v2\/posts\/3406\/revisions\/3408"}],"wp:featuredmedia":[{"embeddable":true,"href":"https:\/\/shams-alyaoum.com\/fr\/wp-json\/wp\/v2\/media\/3407"}],"wp:attachment":[{"href":"https:\/\/shams-alyaoum.com\/fr\/wp-json\/wp\/v2\/media?parent=3406"}],"wp:term":[{"taxonomy":"category","embeddable":true,"href":"https:\/\/shams-alyaoum.com\/fr\/wp-json\/wp\/v2\/categories?post=3406"},{"taxonomy":"post_tag","embeddable":true,"href":"https:\/\/shams-alyaoum.com\/fr\/wp-json\/wp\/v2\/tags?post=3406"}],"curies":[{"name":"wp","href":"https:\/\/api.w.org\/{rel}","templated":true}]}}