{"id":3346,"date":"2022-04-12T12:10:18","date_gmt":"2022-04-12T10:10:18","guid":{"rendered":"https:\/\/shams-alyaoum.com\/fr\/?p=3346"},"modified":"2022-04-12T12:10:20","modified_gmt":"2022-04-12T10:10:20","slug":"bouden-recoit-gilles-kepel-lenvoye-special-du-president-francais","status":"publish","type":"post","link":"https:\/\/shams-alyaoum.com\/fr\/bouden-recoit-gilles-kepel-lenvoye-special-du-president-francais\/","title":{"rendered":"Bouden re\u00e7oit Gilles Kepel, l&rsquo;envoy\u00e9 sp\u00e9cial du pr\u00e9sident fran\u00e7ais"},"content":{"rendered":"\n<p>La cheffe du gouvernement Najla Bouden a re\u00e7u lundi au palais de la Kasbah, l\u2019envoy\u00e9 sp\u00e9cial du pr\u00e9sident fran\u00e7ais Emmanuel Macron, Gilles Kepel.<\/p>\n\n\n\n<p>Acad\u00e9micien, sp\u00e9cialiste en sciences politiques et affaires du Monde arabo musulman et directeur de la Chaire Moyen Orient M\u00e9diterran\u00e9e \u00e0 l\u2019Institut d\u2019\u00e9tudes politiques de Paris, Kepel est charg\u00e9, depuis janvier dernier, de l\u2019\u00e9laboration d\u2019un rapport sur l\u2019impact des changements que connait les rives sud-est de la M\u00e9diterran\u00e9e ainsi que la r\u00e9gion du Sahel et du Sahara en Afrique sur la soci\u00e9t\u00e9 fran\u00e7aise en rapport avec, notamment, l\u2019Islam en France.<\/p>\n\n\n\n<p>La rencontre qui s\u2019est d\u00e9roul\u00e9e en pr\u00e9sence de l\u2019ambassadeur de France \u00e0 Tunis, Andr\u00e9 Parant, a \u00e9t\u00e9 l\u2019occasion de passer en revue la coop\u00e9ration bilat\u00e9rale dans le domaine de la protection de la jeunesse contre l\u2019extr\u00e9misme violent.<\/p>\n\n\n\n<p>La cheffe du gouvernement a mis en avant l\u2019engagement de l\u2019Etat tunisien \u00e0 lutter contre les disparit\u00e9s r\u00e9gionales et sociales \u00e0 traves des r\u00e9formes structurelles des institutions et le d\u00e9veloppement des syst\u00e8mes \u00e9ducatif et universitaire. Elle a insist\u00e9 dans le m\u00eame sens, sur la n\u00e9cessit\u00e9 de fournir un encadrement optimal aux jeunes et \u00e0 faciliter leur int\u00e9gration professionnelle et sociale une formation ad\u00e9quate afin de les dissuader contre la migration clandestine, mettant l\u2019accent sur le besoin de les pr\u00e9munir contre les dangers de l\u2019extr\u00e9misme violent.<\/p>\n\n\n\n<p>Cit\u00e9 dans un communiqu\u00e9 de la pr\u00e9sidence du gouvernement, Gilles Kepel a, de son c\u00f4t\u00e9, mis en \u00e9vidence, l\u2019importance d\u2019\u00e9changer les exp\u00e9riences et les vues entre les pays des deux rives de la M\u00e9diterran\u00e9e, en particulier entre la Tunisie, la France et l\u2019Italie afin d\u2019identifier et d\u2019analyser les causes de l\u2019extr\u00e9misme violent dans nos soci\u00e9t\u00e9s et les moyens de le traiter.<\/p>\n","protected":false},"excerpt":{"rendered":"<p>La cheffe du gouvernement Najla Bouden a re\u00e7u lundi au palais de la Kasbah, l\u2019envoy\u00e9 sp\u00e9cial du pr\u00e9sident fran\u00e7ais Emmanuel Macron, Gilles Kepel. Acad\u00e9micien, sp\u00e9cialiste en sciences politiques et affaires du Monde arabo musulman et directeur de la Chaire Moyen Orient M\u00e9diterran\u00e9e \u00e0 l\u2019Institut d\u2019\u00e9tudes politiques de Paris, Kepel est charg\u00e9, depuis janvier dernier, de &hellip;<\/p>\n","protected":false},"author":2,"featured_media":3350,"comment_status":"closed","ping_status":"open","sticky":false,"template":"","format":"standard","meta":{"footnotes":""},"categories":[2,24,14],"tags":[81,422,148],"class_list":["post-3346","post","type-post","status-publish","format-standard","has-post-thumbnail","hentry","category-news","category-politique","category-tunisie","tag-emmanuel-macron","tag-gilles-kepel","tag-najla-bouden"],"yoast_head":"<!-- This site is optimized with the Yoast SEO plugin v26.3 - https:\/\/yoast.com\/wordpress\/plugins\/seo\/ -->\n<title>Bouden re\u00e7oit Gilles Kepel, l&#039;envoy\u00e9 sp\u00e9cial du pr\u00e9sident fran\u00e7ais - Magazine Shams Al Yaoum<\/title>\n<meta name=\"robots\" content=\"index, follow, max-snippet:-1, max-image-preview:large, max-video-preview:-1\" \/>\n<link rel=\"canonical\" href=\"https:\/\/shams-alyaoum.com\/fr\/bouden-recoit-gilles-kepel-lenvoye-special-du-president-francais\/\" \/>\n<meta property=\"og:locale\" content=\"fr_FR\" \/>\n<meta property=\"og:type\" content=\"article\" \/>\n<meta property=\"og:title\" content=\"Bouden re\u00e7oit Gilles Kepel, l&#039;envoy\u00e9 sp\u00e9cial du pr\u00e9sident fran\u00e7ais - Magazine Shams Al Yaoum\" \/>\n<meta property=\"og:description\" content=\"La cheffe du gouvernement Najla Bouden a re\u00e7u lundi au palais de la Kasbah, l\u2019envoy\u00e9 sp\u00e9cial du pr\u00e9sident fran\u00e7ais Emmanuel Macron, Gilles Kepel. Acad\u00e9micien, sp\u00e9cialiste en sciences politiques et affaires du Monde arabo musulman et directeur de la Chaire Moyen Orient M\u00e9diterran\u00e9e \u00e0 l\u2019Institut d\u2019\u00e9tudes politiques de Paris, Kepel est charg\u00e9, depuis janvier dernier, de &hellip;\" \/>\n<meta property=\"og:url\" content=\"https:\/\/shams-alyaoum.com\/fr\/bouden-recoit-gilles-kepel-lenvoye-special-du-president-francais\/\" \/>\n<meta property=\"og:site_name\" content=\"Magazine Shams Al Yaoum\" \/>\n<meta property=\"article:published_time\" content=\"2022-04-12T10:10:18+00:00\" \/>\n<meta property=\"article:modified_time\" content=\"2022-04-12T10:10:20+00:00\" \/>\n<meta property=\"og:image\" content=\"https:\/\/shams-alyaoum.com\/fr\/wp-content\/uploads\/2022\/04\/diug-696x464-1.jpg\" \/>\n\t<meta property=\"og:image:width\" content=\"696\" \/>\n\t<meta property=\"og:image:height\" content=\"464\" \/>\n\t<meta property=\"og:image:type\" content=\"image\/jpeg\" \/>\n<meta name=\"author\" content=\"shamsalyaoum\" \/>\n<meta name=\"twitter:card\" content=\"summary_large_image\" \/>\n<meta name=\"twitter:label1\" content=\"\u00c9crit par\" \/>\n\t<meta name=\"twitter:data1\" content=\"shamsalyaoum\" \/>\n\t<meta name=\"twitter:label2\" content=\"Dur\u00e9e de lecture estim\u00e9e\" \/>\n\t<meta name=\"twitter:data2\" content=\"2 minutes\" \/>\n<script type=\"application\/ld+json\" class=\"yoast-schema-graph\">{\"@context\":\"https:\/\/schema.org\",\"@graph\":[{\"@type\":\"WebPage\",\"@id\":\"https:\/\/shams-alyaoum.com\/fr\/bouden-recoit-gilles-kepel-lenvoye-special-du-president-francais\/\",\"url\":\"https:\/\/shams-alyaoum.com\/fr\/bouden-recoit-gilles-kepel-lenvoye-special-du-president-francais\/\",\"name\":\"Bouden re\u00e7oit Gilles Kepel, l'envoy\u00e9 sp\u00e9cial du pr\u00e9sident fran\u00e7ais - Magazine Shams Al Yaoum\",\"isPartOf\":{\"@id\":\"https:\/\/shams-alyaoum.com\/fr\/#website\"},\"primaryImageOfPage\":{\"@id\":\"https:\/\/shams-alyaoum.com\/fr\/bouden-recoit-gilles-kepel-lenvoye-special-du-president-francais\/#primaryimage\"},\"image\":{\"@id\":\"https:\/\/shams-alyaoum.com\/fr\/bouden-recoit-gilles-kepel-lenvoye-special-du-president-francais\/#primaryimage\"},\"thumbnailUrl\":\"https:\/\/shams-alyaoum.com\/fr\/wp-content\/uploads\/2022\/04\/diug-696x464-1.jpg\",\"datePublished\":\"2022-04-12T10:10:18+00:00\",\"dateModified\":\"2022-04-12T10:10:20+00:00\",\"author\":{\"@id\":\"https:\/\/shams-alyaoum.com\/fr\/#\/schema\/person\/7b572f8c370a521e35112e88da52dce5\"},\"breadcrumb\":{\"@id\":\"https:\/\/shams-alyaoum.com\/fr\/bouden-recoit-gilles-kepel-lenvoye-special-du-president-francais\/#breadcrumb\"},\"inLanguage\":\"fr-FR\",\"potentialAction\":[{\"@type\":\"ReadAction\",\"target\":[\"https:\/\/shams-alyaoum.com\/fr\/bouden-recoit-gilles-kepel-lenvoye-special-du-president-francais\/\"]}]},{\"@type\":\"ImageObject\",\"inLanguage\":\"fr-FR\",\"@id\":\"https:\/\/shams-alyaoum.com\/fr\/bouden-recoit-gilles-kepel-lenvoye-special-du-president-francais\/#primaryimage\",\"url\":\"https:\/\/shams-alyaoum.com\/fr\/wp-content\/uploads\/2022\/04\/diug-696x464-1.jpg\",\"contentUrl\":\"https:\/\/shams-alyaoum.com\/fr\/wp-content\/uploads\/2022\/04\/diug-696x464-1.jpg\",\"width\":696,\"height\":464},{\"@type\":\"BreadcrumbList\",\"@id\":\"https:\/\/shams-alyaoum.com\/fr\/bouden-recoit-gilles-kepel-lenvoye-special-du-president-francais\/#breadcrumb\",\"itemListElement\":[{\"@type\":\"ListItem\",\"position\":1,\"name\":\"Accueil\",\"item\":\"https:\/\/shams-alyaoum.com\/fr\/\"},{\"@type\":\"ListItem\",\"position\":2,\"name\":\"Bouden re\u00e7oit Gilles Kepel, l&rsquo;envoy\u00e9 sp\u00e9cial du pr\u00e9sident fran\u00e7ais\"}]},{\"@type\":\"WebSite\",\"@id\":\"https:\/\/shams-alyaoum.com\/fr\/#website\",\"url\":\"https:\/\/shams-alyaoum.com\/fr\/\",\"name\":\"Magazine Shams Al Yaoum\",\"description\":\"\",\"potentialAction\":[{\"@type\":\"SearchAction\",\"target\":{\"@type\":\"EntryPoint\",\"urlTemplate\":\"https:\/\/shams-alyaoum.com\/fr\/?s={search_term_string}\"},\"query-input\":{\"@type\":\"PropertyValueSpecification\",\"valueRequired\":true,\"valueName\":\"search_term_string\"}}],\"inLanguage\":\"fr-FR\"},{\"@type\":\"Person\",\"@id\":\"https:\/\/shams-alyaoum.com\/fr\/#\/schema\/person\/7b572f8c370a521e35112e88da52dce5\",\"name\":\"shamsalyaoum\",\"image\":{\"@type\":\"ImageObject\",\"inLanguage\":\"fr-FR\",\"@id\":\"https:\/\/shams-alyaoum.com\/fr\/#\/schema\/person\/image\/\",\"url\":\"https:\/\/secure.gravatar.com\/avatar\/11774fd6260846ea4d3230345b47c868eaffb0fe76386b1a8b3cc24c8dc91f3d?s=96&d=mm&r=g\",\"contentUrl\":\"https:\/\/secure.gravatar.com\/avatar\/11774fd6260846ea4d3230345b47c868eaffb0fe76386b1a8b3cc24c8dc91f3d?s=96&d=mm&r=g\",\"caption\":\"shamsalyaoum\"},\"url\":\"https:\/\/shams-alyaoum.com\/fr\/author\/shamsalyaoum\/\"}]}<\/script>\n<!-- \/ Yoast SEO plugin. -->","yoast_head_json":{"title":"Bouden re\u00e7oit Gilles Kepel, l'envoy\u00e9 sp\u00e9cial du pr\u00e9sident fran\u00e7ais - Magazine Shams Al Yaoum","robots":{"index":"index","follow":"follow","max-snippet":"max-snippet:-1","max-image-preview":"max-image-preview:large","max-video-preview":"max-video-preview:-1"},"canonical":"https:\/\/shams-alyaoum.com\/fr\/bouden-recoit-gilles-kepel-lenvoye-special-du-president-francais\/","og_locale":"fr_FR","og_type":"article","og_title":"Bouden re\u00e7oit Gilles Kepel, l'envoy\u00e9 sp\u00e9cial du pr\u00e9sident fran\u00e7ais - Magazine Shams Al Yaoum","og_description":"La cheffe du gouvernement Najla Bouden a re\u00e7u lundi au palais de la Kasbah, l\u2019envoy\u00e9 sp\u00e9cial du pr\u00e9sident fran\u00e7ais Emmanuel Macron, Gilles Kepel. Acad\u00e9micien, sp\u00e9cialiste en sciences politiques et affaires du Monde arabo musulman et directeur de la Chaire Moyen Orient M\u00e9diterran\u00e9e \u00e0 l\u2019Institut d\u2019\u00e9tudes politiques de Paris, Kepel est charg\u00e9, depuis janvier dernier, de &hellip;","og_url":"https:\/\/shams-alyaoum.com\/fr\/bouden-recoit-gilles-kepel-lenvoye-special-du-president-francais\/","og_site_name":"Magazine Shams Al Yaoum","article_published_time":"2022-04-12T10:10:18+00:00","article_modified_time":"2022-04-12T10:10:20+00:00","og_image":[{"width":696,"height":464,"url":"https:\/\/shams-alyaoum.com\/fr\/wp-content\/uploads\/2022\/04\/diug-696x464-1.jpg","type":"image\/jpeg"}],"author":"shamsalyaoum","twitter_card":"summary_large_image","twitter_misc":{"\u00c9crit par":"shamsalyaoum","Dur\u00e9e de lecture estim\u00e9e":"2 minutes"},"schema":{"@context":"https:\/\/schema.org","@graph":[{"@type":"WebPage","@id":"https:\/\/shams-alyaoum.com\/fr\/bouden-recoit-gilles-kepel-lenvoye-special-du-president-francais\/","url":"https:\/\/shams-alyaoum.com\/fr\/bouden-recoit-gilles-kepel-lenvoye-special-du-president-francais\/","name":"Bouden re\u00e7oit Gilles Kepel, l'envoy\u00e9 sp\u00e9cial du pr\u00e9sident fran\u00e7ais - Magazine Shams Al Yaoum","isPartOf":{"@id":"https:\/\/shams-alyaoum.com\/fr\/#website"},"primaryImageOfPage":{"@id":"https:\/\/shams-alyaoum.com\/fr\/bouden-recoit-gilles-kepel-lenvoye-special-du-president-francais\/#primaryimage"},"image":{"@id":"https:\/\/shams-alyaoum.com\/fr\/bouden-recoit-gilles-kepel-lenvoye-special-du-president-francais\/#primaryimage"},"thumbnailUrl":"https:\/\/shams-alyaoum.com\/fr\/wp-content\/uploads\/2022\/04\/diug-696x464-1.jpg","datePublished":"2022-04-12T10:10:18+00:00","dateModified":"2022-04-12T10:10:20+00:00","author":{"@id":"https:\/\/shams-alyaoum.com\/fr\/#\/schema\/person\/7b572f8c370a521e35112e88da52dce5"},"breadcrumb":{"@id":"https:\/\/shams-alyaoum.com\/fr\/bouden-recoit-gilles-kepel-lenvoye-special-du-president-francais\/#breadcrumb"},"inLanguage":"fr-FR","potentialAction":[{"@type":"ReadAction","target":["https:\/\/shams-alyaoum.com\/fr\/bouden-recoit-gilles-kepel-lenvoye-special-du-president-francais\/"]}]},{"@type":"ImageObject","inLanguage":"fr-FR","@id":"https:\/\/shams-alyaoum.com\/fr\/bouden-recoit-gilles-kepel-lenvoye-special-du-president-francais\/#primaryimage","url":"https:\/\/shams-alyaoum.com\/fr\/wp-content\/uploads\/2022\/04\/diug-696x464-1.jpg","contentUrl":"https:\/\/shams-alyaoum.com\/fr\/wp-content\/uploads\/2022\/04\/diug-696x464-1.jpg","width":696,"height":464},{"@type":"BreadcrumbList","@id":"https:\/\/shams-alyaoum.com\/fr\/bouden-recoit-gilles-kepel-lenvoye-special-du-president-francais\/#breadcrumb","itemListElement":[{"@type":"ListItem","position":1,"name":"Accueil","item":"https:\/\/shams-alyaoum.com\/fr\/"},{"@type":"ListItem","position":2,"name":"Bouden re\u00e7oit Gilles Kepel, l&rsquo;envoy\u00e9 sp\u00e9cial du pr\u00e9sident fran\u00e7ais"}]},{"@type":"WebSite","@id":"https:\/\/shams-alyaoum.com\/fr\/#website","url":"https:\/\/shams-alyaoum.com\/fr\/","name":"Magazine Shams Al Yaoum","description":"","potentialAction":[{"@type":"SearchAction","target":{"@type":"EntryPoint","urlTemplate":"https:\/\/shams-alyaoum.com\/fr\/?s={search_term_string}"},"query-input":{"@type":"PropertyValueSpecification","valueRequired":true,"valueName":"search_term_string"}}],"inLanguage":"fr-FR"},{"@type":"Person","@id":"https:\/\/shams-alyaoum.com\/fr\/#\/schema\/person\/7b572f8c370a521e35112e88da52dce5","name":"shamsalyaoum","image":{"@type":"ImageObject","inLanguage":"fr-FR","@id":"https:\/\/shams-alyaoum.com\/fr\/#\/schema\/person\/image\/","url":"https:\/\/secure.gravatar.com\/avatar\/11774fd6260846ea4d3230345b47c868eaffb0fe76386b1a8b3cc24c8dc91f3d?s=96&d=mm&r=g","contentUrl":"https:\/\/secure.gravatar.com\/avatar\/11774fd6260846ea4d3230345b47c868eaffb0fe76386b1a8b3cc24c8dc91f3d?s=96&d=mm&r=g","caption":"shamsalyaoum"},"url":"https:\/\/shams-alyaoum.com\/fr\/author\/shamsalyaoum\/"}]}},"_links":{"self":[{"href":"https:\/\/shams-alyaoum.com\/fr\/wp-json\/wp\/v2\/posts\/3346","targetHints":{"allow":["GET"]}}],"collection":[{"href":"https:\/\/shams-alyaoum.com\/fr\/wp-json\/wp\/v2\/posts"}],"about":[{"href":"https:\/\/shams-alyaoum.com\/fr\/wp-json\/wp\/v2\/types\/post"}],"author":[{"embeddable":true,"href":"https:\/\/shams-alyaoum.com\/fr\/wp-json\/wp\/v2\/users\/2"}],"replies":[{"embeddable":true,"href":"https:\/\/shams-alyaoum.com\/fr\/wp-json\/wp\/v2\/comments?post=3346"}],"version-history":[{"count":1,"href":"https:\/\/shams-alyaoum.com\/fr\/wp-json\/wp\/v2\/posts\/3346\/revisions"}],"predecessor-version":[{"id":3351,"href":"https:\/\/shams-alyaoum.com\/fr\/wp-json\/wp\/v2\/posts\/3346\/revisions\/3351"}],"wp:featuredmedia":[{"embeddable":true,"href":"https:\/\/shams-alyaoum.com\/fr\/wp-json\/wp\/v2\/media\/3350"}],"wp:attachment":[{"href":"https:\/\/shams-alyaoum.com\/fr\/wp-json\/wp\/v2\/media?parent=3346"}],"wp:term":[{"taxonomy":"category","embeddable":true,"href":"https:\/\/shams-alyaoum.com\/fr\/wp-json\/wp\/v2\/categories?post=3346"},{"taxonomy":"post_tag","embeddable":true,"href":"https:\/\/shams-alyaoum.com\/fr\/wp-json\/wp\/v2\/tags?post=3346"}],"curies":[{"name":"wp","href":"https:\/\/api.w.org\/{rel}","templated":true}]}}