{"id":3318,"date":"2022-04-11T14:04:05","date_gmt":"2022-04-11T12:04:05","guid":{"rendered":"https:\/\/shams-alyaoum.com\/fr\/?p=3318"},"modified":"2022-04-11T14:04:06","modified_gmt":"2022-04-11T12:04:06","slug":"france-presidentielle-2022-quand-est-prevu-le-second-tour","status":"publish","type":"post","link":"https:\/\/shams-alyaoum.com\/fr\/france-presidentielle-2022-quand-est-prevu-le-second-tour\/","title":{"rendered":"France-pr\u00e9sidentielle 2022: quand est pr\u00e9vu le second tour?"},"content":{"rendered":"\n<p>Le deuxi\u00e8me tour des \u00e9lections pr\u00e9sidentielles se d\u00e9roulera le dimanche 24\u00a0avril 2022\u00a0et permettra de d\u00e9signer le prochain pr\u00e9sident de la R\u00e9publique Fran\u00e7aise.<\/p>\n\n\n\n<p>Rappelons que Emmanuel Macron et Marine Le Pen sont les deux candidats qualifi\u00e9s pour le second tour de l&rsquo;\u00e9lection pr\u00e9sidentielle \u00e0 l&rsquo;issue du premier tour tenu dimanche 10 avril.\u00a0<\/p>\n","protected":false},"excerpt":{"rendered":"<p>Le deuxi\u00e8me tour des \u00e9lections pr\u00e9sidentielles se d\u00e9roulera le dimanche 24\u00a0avril 2022\u00a0et permettra de d\u00e9signer le prochain pr\u00e9sident de la R\u00e9publique Fran\u00e7aise. Rappelons que Emmanuel Macron et Marine Le Pen sont les deux candidats qualifi\u00e9s pour le second tour de l&rsquo;\u00e9lection pr\u00e9sidentielle \u00e0 l&rsquo;issue du premier tour tenu dimanche 10 avril.\u00a0<\/p>\n","protected":false},"author":2,"featured_media":3319,"comment_status":"closed","ping_status":"open","sticky":false,"template":"","format":"standard","meta":{"footnotes":""},"categories":[16,2],"tags":[81,420,408,409,421],"class_list":["post-3318","post","type-post","status-publish","format-standard","has-post-thumbnail","hentry","category-le-monde","category-news","tag-emmanuel-macron","tag-france","tag-marine-le-pen","tag-presidentielle-2022","tag-second-tour"],"yoast_head":"<!-- This site is optimized with the Yoast SEO plugin v26.3 - https:\/\/yoast.com\/wordpress\/plugins\/seo\/ -->\n<title>France-pr\u00e9sidentielle 2022: quand est pr\u00e9vu le second tour? - Magazine Shams Al Yaoum<\/title>\n<meta name=\"robots\" content=\"index, follow, max-snippet:-1, max-image-preview:large, max-video-preview:-1\" \/>\n<link rel=\"canonical\" href=\"https:\/\/shams-alyaoum.com\/fr\/france-presidentielle-2022-quand-est-prevu-le-second-tour\/\" \/>\n<meta property=\"og:locale\" content=\"fr_FR\" \/>\n<meta property=\"og:type\" content=\"article\" \/>\n<meta property=\"og:title\" content=\"France-pr\u00e9sidentielle 2022: quand est pr\u00e9vu le second tour? - Magazine Shams Al Yaoum\" \/>\n<meta property=\"og:description\" content=\"Le deuxi\u00e8me tour des \u00e9lections pr\u00e9sidentielles se d\u00e9roulera le dimanche 24\u00a0avril 2022\u00a0et permettra de d\u00e9signer le prochain pr\u00e9sident de la R\u00e9publique Fran\u00e7aise. Rappelons que Emmanuel Macron et Marine Le Pen sont les deux candidats qualifi\u00e9s pour le second tour de l&rsquo;\u00e9lection pr\u00e9sidentielle \u00e0 l&rsquo;issue du premier tour tenu dimanche 10 avril.\u00a0\" \/>\n<meta property=\"og:url\" content=\"https:\/\/shams-alyaoum.com\/fr\/france-presidentielle-2022-quand-est-prevu-le-second-tour\/\" \/>\n<meta property=\"og:site_name\" content=\"Magazine Shams Al Yaoum\" \/>\n<meta property=\"article:published_time\" content=\"2022-04-11T12:04:05+00:00\" \/>\n<meta property=\"article:modified_time\" content=\"2022-04-11T12:04:06+00:00\" \/>\n<meta property=\"og:image\" content=\"https:\/\/shams-alyaoum.com\/fr\/wp-content\/uploads\/2022\/04\/23050248-23050928-article-jpg_8686131_660x287.jpg\" \/>\n\t<meta property=\"og:image:width\" content=\"660\" \/>\n\t<meta property=\"og:image:height\" content=\"287\" \/>\n\t<meta property=\"og:image:type\" content=\"image\/jpeg\" \/>\n<meta name=\"author\" content=\"shamsalyaoum\" \/>\n<meta name=\"twitter:card\" content=\"summary_large_image\" \/>\n<meta name=\"twitter:label1\" content=\"\u00c9crit par\" \/>\n\t<meta name=\"twitter:data1\" content=\"shamsalyaoum\" \/>\n<script type=\"application\/ld+json\" class=\"yoast-schema-graph\">{\"@context\":\"https:\/\/schema.org\",\"@graph\":[{\"@type\":\"WebPage\",\"@id\":\"https:\/\/shams-alyaoum.com\/fr\/france-presidentielle-2022-quand-est-prevu-le-second-tour\/\",\"url\":\"https:\/\/shams-alyaoum.com\/fr\/france-presidentielle-2022-quand-est-prevu-le-second-tour\/\",\"name\":\"France-pr\u00e9sidentielle 2022: quand est pr\u00e9vu le second tour? - Magazine Shams Al Yaoum\",\"isPartOf\":{\"@id\":\"https:\/\/shams-alyaoum.com\/fr\/#website\"},\"primaryImageOfPage\":{\"@id\":\"https:\/\/shams-alyaoum.com\/fr\/france-presidentielle-2022-quand-est-prevu-le-second-tour\/#primaryimage\"},\"image\":{\"@id\":\"https:\/\/shams-alyaoum.com\/fr\/france-presidentielle-2022-quand-est-prevu-le-second-tour\/#primaryimage\"},\"thumbnailUrl\":\"https:\/\/shams-alyaoum.com\/fr\/wp-content\/uploads\/2022\/04\/23050248-23050928-article-jpg_8686131_660x287.jpg\",\"datePublished\":\"2022-04-11T12:04:05+00:00\",\"dateModified\":\"2022-04-11T12:04:06+00:00\",\"author\":{\"@id\":\"https:\/\/shams-alyaoum.com\/fr\/#\/schema\/person\/7b572f8c370a521e35112e88da52dce5\"},\"breadcrumb\":{\"@id\":\"https:\/\/shams-alyaoum.com\/fr\/france-presidentielle-2022-quand-est-prevu-le-second-tour\/#breadcrumb\"},\"inLanguage\":\"fr-FR\",\"potentialAction\":[{\"@type\":\"ReadAction\",\"target\":[\"https:\/\/shams-alyaoum.com\/fr\/france-presidentielle-2022-quand-est-prevu-le-second-tour\/\"]}]},{\"@type\":\"ImageObject\",\"inLanguage\":\"fr-FR\",\"@id\":\"https:\/\/shams-alyaoum.com\/fr\/france-presidentielle-2022-quand-est-prevu-le-second-tour\/#primaryimage\",\"url\":\"https:\/\/shams-alyaoum.com\/fr\/wp-content\/uploads\/2022\/04\/23050248-23050928-article-jpg_8686131_660x287.jpg\",\"contentUrl\":\"https:\/\/shams-alyaoum.com\/fr\/wp-content\/uploads\/2022\/04\/23050248-23050928-article-jpg_8686131_660x287.jpg\",\"width\":660,\"height\":287},{\"@type\":\"BreadcrumbList\",\"@id\":\"https:\/\/shams-alyaoum.com\/fr\/france-presidentielle-2022-quand-est-prevu-le-second-tour\/#breadcrumb\",\"itemListElement\":[{\"@type\":\"ListItem\",\"position\":1,\"name\":\"Accueil\",\"item\":\"https:\/\/shams-alyaoum.com\/fr\/\"},{\"@type\":\"ListItem\",\"position\":2,\"name\":\"France-pr\u00e9sidentielle 2022: quand est pr\u00e9vu le second tour?\"}]},{\"@type\":\"WebSite\",\"@id\":\"https:\/\/shams-alyaoum.com\/fr\/#website\",\"url\":\"https:\/\/shams-alyaoum.com\/fr\/\",\"name\":\"Magazine Shams Al Yaoum\",\"description\":\"\",\"potentialAction\":[{\"@type\":\"SearchAction\",\"target\":{\"@type\":\"EntryPoint\",\"urlTemplate\":\"https:\/\/shams-alyaoum.com\/fr\/?s={search_term_string}\"},\"query-input\":{\"@type\":\"PropertyValueSpecification\",\"valueRequired\":true,\"valueName\":\"search_term_string\"}}],\"inLanguage\":\"fr-FR\"},{\"@type\":\"Person\",\"@id\":\"https:\/\/shams-alyaoum.com\/fr\/#\/schema\/person\/7b572f8c370a521e35112e88da52dce5\",\"name\":\"shamsalyaoum\",\"image\":{\"@type\":\"ImageObject\",\"inLanguage\":\"fr-FR\",\"@id\":\"https:\/\/shams-alyaoum.com\/fr\/#\/schema\/person\/image\/\",\"url\":\"https:\/\/secure.gravatar.com\/avatar\/11774fd6260846ea4d3230345b47c868eaffb0fe76386b1a8b3cc24c8dc91f3d?s=96&d=mm&r=g\",\"contentUrl\":\"https:\/\/secure.gravatar.com\/avatar\/11774fd6260846ea4d3230345b47c868eaffb0fe76386b1a8b3cc24c8dc91f3d?s=96&d=mm&r=g\",\"caption\":\"shamsalyaoum\"},\"url\":\"https:\/\/shams-alyaoum.com\/fr\/author\/shamsalyaoum\/\"}]}<\/script>\n<!-- \/ Yoast SEO plugin. -->","yoast_head_json":{"title":"France-pr\u00e9sidentielle 2022: quand est pr\u00e9vu le second tour? - Magazine Shams Al Yaoum","robots":{"index":"index","follow":"follow","max-snippet":"max-snippet:-1","max-image-preview":"max-image-preview:large","max-video-preview":"max-video-preview:-1"},"canonical":"https:\/\/shams-alyaoum.com\/fr\/france-presidentielle-2022-quand-est-prevu-le-second-tour\/","og_locale":"fr_FR","og_type":"article","og_title":"France-pr\u00e9sidentielle 2022: quand est pr\u00e9vu le second tour? - Magazine Shams Al Yaoum","og_description":"Le deuxi\u00e8me tour des \u00e9lections pr\u00e9sidentielles se d\u00e9roulera le dimanche 24\u00a0avril 2022\u00a0et permettra de d\u00e9signer le prochain pr\u00e9sident de la R\u00e9publique Fran\u00e7aise. Rappelons que Emmanuel Macron et Marine Le Pen sont les deux candidats qualifi\u00e9s pour le second tour de l&rsquo;\u00e9lection pr\u00e9sidentielle \u00e0 l&rsquo;issue du premier tour tenu dimanche 10 avril.\u00a0","og_url":"https:\/\/shams-alyaoum.com\/fr\/france-presidentielle-2022-quand-est-prevu-le-second-tour\/","og_site_name":"Magazine Shams Al Yaoum","article_published_time":"2022-04-11T12:04:05+00:00","article_modified_time":"2022-04-11T12:04:06+00:00","og_image":[{"width":660,"height":287,"url":"https:\/\/shams-alyaoum.com\/fr\/wp-content\/uploads\/2022\/04\/23050248-23050928-article-jpg_8686131_660x287.jpg","type":"image\/jpeg"}],"author":"shamsalyaoum","twitter_card":"summary_large_image","twitter_misc":{"\u00c9crit par":"shamsalyaoum"},"schema":{"@context":"https:\/\/schema.org","@graph":[{"@type":"WebPage","@id":"https:\/\/shams-alyaoum.com\/fr\/france-presidentielle-2022-quand-est-prevu-le-second-tour\/","url":"https:\/\/shams-alyaoum.com\/fr\/france-presidentielle-2022-quand-est-prevu-le-second-tour\/","name":"France-pr\u00e9sidentielle 2022: quand est pr\u00e9vu le second tour? - Magazine Shams Al Yaoum","isPartOf":{"@id":"https:\/\/shams-alyaoum.com\/fr\/#website"},"primaryImageOfPage":{"@id":"https:\/\/shams-alyaoum.com\/fr\/france-presidentielle-2022-quand-est-prevu-le-second-tour\/#primaryimage"},"image":{"@id":"https:\/\/shams-alyaoum.com\/fr\/france-presidentielle-2022-quand-est-prevu-le-second-tour\/#primaryimage"},"thumbnailUrl":"https:\/\/shams-alyaoum.com\/fr\/wp-content\/uploads\/2022\/04\/23050248-23050928-article-jpg_8686131_660x287.jpg","datePublished":"2022-04-11T12:04:05+00:00","dateModified":"2022-04-11T12:04:06+00:00","author":{"@id":"https:\/\/shams-alyaoum.com\/fr\/#\/schema\/person\/7b572f8c370a521e35112e88da52dce5"},"breadcrumb":{"@id":"https:\/\/shams-alyaoum.com\/fr\/france-presidentielle-2022-quand-est-prevu-le-second-tour\/#breadcrumb"},"inLanguage":"fr-FR","potentialAction":[{"@type":"ReadAction","target":["https:\/\/shams-alyaoum.com\/fr\/france-presidentielle-2022-quand-est-prevu-le-second-tour\/"]}]},{"@type":"ImageObject","inLanguage":"fr-FR","@id":"https:\/\/shams-alyaoum.com\/fr\/france-presidentielle-2022-quand-est-prevu-le-second-tour\/#primaryimage","url":"https:\/\/shams-alyaoum.com\/fr\/wp-content\/uploads\/2022\/04\/23050248-23050928-article-jpg_8686131_660x287.jpg","contentUrl":"https:\/\/shams-alyaoum.com\/fr\/wp-content\/uploads\/2022\/04\/23050248-23050928-article-jpg_8686131_660x287.jpg","width":660,"height":287},{"@type":"BreadcrumbList","@id":"https:\/\/shams-alyaoum.com\/fr\/france-presidentielle-2022-quand-est-prevu-le-second-tour\/#breadcrumb","itemListElement":[{"@type":"ListItem","position":1,"name":"Accueil","item":"https:\/\/shams-alyaoum.com\/fr\/"},{"@type":"ListItem","position":2,"name":"France-pr\u00e9sidentielle 2022: quand est pr\u00e9vu le second tour?"}]},{"@type":"WebSite","@id":"https:\/\/shams-alyaoum.com\/fr\/#website","url":"https:\/\/shams-alyaoum.com\/fr\/","name":"Magazine Shams Al Yaoum","description":"","potentialAction":[{"@type":"SearchAction","target":{"@type":"EntryPoint","urlTemplate":"https:\/\/shams-alyaoum.com\/fr\/?s={search_term_string}"},"query-input":{"@type":"PropertyValueSpecification","valueRequired":true,"valueName":"search_term_string"}}],"inLanguage":"fr-FR"},{"@type":"Person","@id":"https:\/\/shams-alyaoum.com\/fr\/#\/schema\/person\/7b572f8c370a521e35112e88da52dce5","name":"shamsalyaoum","image":{"@type":"ImageObject","inLanguage":"fr-FR","@id":"https:\/\/shams-alyaoum.com\/fr\/#\/schema\/person\/image\/","url":"https:\/\/secure.gravatar.com\/avatar\/11774fd6260846ea4d3230345b47c868eaffb0fe76386b1a8b3cc24c8dc91f3d?s=96&d=mm&r=g","contentUrl":"https:\/\/secure.gravatar.com\/avatar\/11774fd6260846ea4d3230345b47c868eaffb0fe76386b1a8b3cc24c8dc91f3d?s=96&d=mm&r=g","caption":"shamsalyaoum"},"url":"https:\/\/shams-alyaoum.com\/fr\/author\/shamsalyaoum\/"}]}},"_links":{"self":[{"href":"https:\/\/shams-alyaoum.com\/fr\/wp-json\/wp\/v2\/posts\/3318","targetHints":{"allow":["GET"]}}],"collection":[{"href":"https:\/\/shams-alyaoum.com\/fr\/wp-json\/wp\/v2\/posts"}],"about":[{"href":"https:\/\/shams-alyaoum.com\/fr\/wp-json\/wp\/v2\/types\/post"}],"author":[{"embeddable":true,"href":"https:\/\/shams-alyaoum.com\/fr\/wp-json\/wp\/v2\/users\/2"}],"replies":[{"embeddable":true,"href":"https:\/\/shams-alyaoum.com\/fr\/wp-json\/wp\/v2\/comments?post=3318"}],"version-history":[{"count":1,"href":"https:\/\/shams-alyaoum.com\/fr\/wp-json\/wp\/v2\/posts\/3318\/revisions"}],"predecessor-version":[{"id":3320,"href":"https:\/\/shams-alyaoum.com\/fr\/wp-json\/wp\/v2\/posts\/3318\/revisions\/3320"}],"wp:featuredmedia":[{"embeddable":true,"href":"https:\/\/shams-alyaoum.com\/fr\/wp-json\/wp\/v2\/media\/3319"}],"wp:attachment":[{"href":"https:\/\/shams-alyaoum.com\/fr\/wp-json\/wp\/v2\/media?parent=3318"}],"wp:term":[{"taxonomy":"category","embeddable":true,"href":"https:\/\/shams-alyaoum.com\/fr\/wp-json\/wp\/v2\/categories?post=3318"},{"taxonomy":"post_tag","embeddable":true,"href":"https:\/\/shams-alyaoum.com\/fr\/wp-json\/wp\/v2\/tags?post=3318"}],"curies":[{"name":"wp","href":"https:\/\/api.w.org\/{rel}","templated":true}]}}