{"id":3292,"date":"2022-04-11T11:26:06","date_gmt":"2022-04-11T09:26:06","guid":{"rendered":"https:\/\/shams-alyaoum.com\/fr\/?p=3292"},"modified":"2022-04-11T11:44:03","modified_gmt":"2022-04-11T09:44:03","slug":"participation-des-francais-residents-en-tunisie-au-premier-tour-des-elections-presidentielles-francaises","status":"publish","type":"post","link":"https:\/\/shams-alyaoum.com\/fr\/participation-des-francais-residents-en-tunisie-au-premier-tour-des-elections-presidentielles-francaises\/","title":{"rendered":"Participation des fran\u00e7ais r\u00e9sidents en Tunisie au premier tour des \u00e9lections pr\u00e9sidentielles fran\u00e7aises"},"content":{"rendered":"\n<p>Les fran\u00e7ais r\u00e9sidents en Tunisie ont particip\u00e9 au premier tour des \u00e9lections pr\u00e9sidentielles fran\u00e7aises.<\/p>\n\n\n\n<p>Pr\u00e8s de 13 bureaux de vote ont \u00e9t\u00e9 ouverts, de 8h \u00e0 19h, \u00e0 Bizerte, la Marsa, Nabeul, Tunis, Djerba, Sousse et Sfax, selon l\u2019Ambassade de France \u00e0 Tunis.<\/p>\n\n\n\n<p>Un bureau de vote a \u00e9t\u00e9 r\u00e9serv\u00e9 au Consulat g\u00e9n\u00e9ral de France \u00e0 Tunis, pour les Fran\u00e7ais r\u00e9sidents en Libye.<\/p>\n\n\n\n<p>Les bureaux de vote de Sousse et du Lyc\u00e9e Pierre Mend\u00e8s France \u00e0 Tunis ont enregistr\u00e9 une forte affluence tout au long de la journ\u00e9e, a-t-on ajout\u00e9 de m\u00eame source.<br>A noter que 12 candidats participent \u00e0 la course pr\u00e9sidentielle (4 femmes et 8 hommes), dont le pr\u00e9sident sortant Emmanuel Macron.<br>Le premier tour des \u00e9lections pr\u00e9sidentielles a lieu le dimanche 10 avril. Un second tour est pr\u00e9vu le dimanche 24 avril.<\/p>\n","protected":false},"excerpt":{"rendered":"<p>Les fran\u00e7ais r\u00e9sidents en Tunisie ont particip\u00e9 au premier tour des \u00e9lections pr\u00e9sidentielles fran\u00e7aises. Pr\u00e8s de 13 bureaux de vote ont \u00e9t\u00e9 ouverts, de 8h \u00e0 19h, \u00e0 Bizerte, la Marsa, Nabeul, Tunis, Djerba, Sousse et Sfax, selon l\u2019Ambassade de France \u00e0 Tunis. Un bureau de vote a \u00e9t\u00e9 r\u00e9serv\u00e9 au Consulat g\u00e9n\u00e9ral de France &hellip;<\/p>\n","protected":false},"author":2,"featured_media":3294,"comment_status":"closed","ping_status":"open","sticky":false,"template":"","format":"standard","meta":{"footnotes":""},"categories":[16,2,14],"tags":[413,32,36],"class_list":["post-3292","post","type-post","status-publish","format-standard","has-post-thumbnail","hentry","category-le-monde","category-news","category-tunisie","tag-elections-presidentielles","tag-la-france","tag-tunisie"],"yoast_head":"<!-- This site is optimized with the Yoast SEO plugin v26.3 - https:\/\/yoast.com\/wordpress\/plugins\/seo\/ -->\n<title>Participation des fran\u00e7ais r\u00e9sidents en Tunisie au premier tour des \u00e9lections pr\u00e9sidentielles fran\u00e7aises - Magazine Shams Al Yaoum<\/title>\n<meta name=\"robots\" content=\"index, follow, max-snippet:-1, max-image-preview:large, max-video-preview:-1\" \/>\n<link rel=\"canonical\" href=\"https:\/\/shams-alyaoum.com\/fr\/participation-des-francais-residents-en-tunisie-au-premier-tour-des-elections-presidentielles-francaises\/\" \/>\n<meta property=\"og:locale\" content=\"fr_FR\" \/>\n<meta property=\"og:type\" content=\"article\" \/>\n<meta property=\"og:title\" content=\"Participation des fran\u00e7ais r\u00e9sidents en Tunisie au premier tour des \u00e9lections pr\u00e9sidentielles fran\u00e7aises - Magazine Shams Al Yaoum\" \/>\n<meta property=\"og:description\" content=\"Les fran\u00e7ais r\u00e9sidents en Tunisie ont particip\u00e9 au premier tour des \u00e9lections pr\u00e9sidentielles fran\u00e7aises. Pr\u00e8s de 13 bureaux de vote ont \u00e9t\u00e9 ouverts, de 8h \u00e0 19h, \u00e0 Bizerte, la Marsa, Nabeul, Tunis, Djerba, Sousse et Sfax, selon l\u2019Ambassade de France \u00e0 Tunis. Un bureau de vote a \u00e9t\u00e9 r\u00e9serv\u00e9 au Consulat g\u00e9n\u00e9ral de France &hellip;\" \/>\n<meta property=\"og:url\" content=\"https:\/\/shams-alyaoum.com\/fr\/participation-des-francais-residents-en-tunisie-au-premier-tour-des-elections-presidentielles-francaises\/\" \/>\n<meta property=\"og:site_name\" content=\"Magazine Shams Al Yaoum\" \/>\n<meta property=\"article:published_time\" content=\"2022-04-11T09:26:06+00:00\" \/>\n<meta property=\"article:modified_time\" content=\"2022-04-11T09:44:03+00:00\" \/>\n<meta property=\"og:image\" content=\"https:\/\/shams-alyaoum.com\/fr\/wp-content\/uploads\/2022\/04\/cache_660x660_Analog_medium_15085150_133168_10042022.jpg\" \/>\n\t<meta property=\"og:image:width\" content=\"660\" \/>\n\t<meta property=\"og:image:height\" content=\"493\" \/>\n\t<meta property=\"og:image:type\" content=\"image\/jpeg\" \/>\n<meta name=\"author\" content=\"shamsalyaoum\" \/>\n<meta name=\"twitter:card\" content=\"summary_large_image\" \/>\n<meta name=\"twitter:label1\" content=\"\u00c9crit par\" \/>\n\t<meta name=\"twitter:data1\" content=\"shamsalyaoum\" \/>\n\t<meta name=\"twitter:label2\" content=\"Dur\u00e9e de lecture estim\u00e9e\" \/>\n\t<meta name=\"twitter:data2\" content=\"1 minute\" \/>\n<script type=\"application\/ld+json\" class=\"yoast-schema-graph\">{\"@context\":\"https:\/\/schema.org\",\"@graph\":[{\"@type\":\"WebPage\",\"@id\":\"https:\/\/shams-alyaoum.com\/fr\/participation-des-francais-residents-en-tunisie-au-premier-tour-des-elections-presidentielles-francaises\/\",\"url\":\"https:\/\/shams-alyaoum.com\/fr\/participation-des-francais-residents-en-tunisie-au-premier-tour-des-elections-presidentielles-francaises\/\",\"name\":\"Participation des fran\u00e7ais r\u00e9sidents en Tunisie au premier tour des \u00e9lections pr\u00e9sidentielles fran\u00e7aises - Magazine Shams Al Yaoum\",\"isPartOf\":{\"@id\":\"https:\/\/shams-alyaoum.com\/fr\/#website\"},\"primaryImageOfPage\":{\"@id\":\"https:\/\/shams-alyaoum.com\/fr\/participation-des-francais-residents-en-tunisie-au-premier-tour-des-elections-presidentielles-francaises\/#primaryimage\"},\"image\":{\"@id\":\"https:\/\/shams-alyaoum.com\/fr\/participation-des-francais-residents-en-tunisie-au-premier-tour-des-elections-presidentielles-francaises\/#primaryimage\"},\"thumbnailUrl\":\"https:\/\/shams-alyaoum.com\/fr\/wp-content\/uploads\/2022\/04\/cache_660x660_Analog_medium_15085150_133168_10042022.jpg\",\"datePublished\":\"2022-04-11T09:26:06+00:00\",\"dateModified\":\"2022-04-11T09:44:03+00:00\",\"author\":{\"@id\":\"https:\/\/shams-alyaoum.com\/fr\/#\/schema\/person\/7b572f8c370a521e35112e88da52dce5\"},\"breadcrumb\":{\"@id\":\"https:\/\/shams-alyaoum.com\/fr\/participation-des-francais-residents-en-tunisie-au-premier-tour-des-elections-presidentielles-francaises\/#breadcrumb\"},\"inLanguage\":\"fr-FR\",\"potentialAction\":[{\"@type\":\"ReadAction\",\"target\":[\"https:\/\/shams-alyaoum.com\/fr\/participation-des-francais-residents-en-tunisie-au-premier-tour-des-elections-presidentielles-francaises\/\"]}]},{\"@type\":\"ImageObject\",\"inLanguage\":\"fr-FR\",\"@id\":\"https:\/\/shams-alyaoum.com\/fr\/participation-des-francais-residents-en-tunisie-au-premier-tour-des-elections-presidentielles-francaises\/#primaryimage\",\"url\":\"https:\/\/shams-alyaoum.com\/fr\/wp-content\/uploads\/2022\/04\/cache_660x660_Analog_medium_15085150_133168_10042022.jpg\",\"contentUrl\":\"https:\/\/shams-alyaoum.com\/fr\/wp-content\/uploads\/2022\/04\/cache_660x660_Analog_medium_15085150_133168_10042022.jpg\",\"width\":660,\"height\":493},{\"@type\":\"BreadcrumbList\",\"@id\":\"https:\/\/shams-alyaoum.com\/fr\/participation-des-francais-residents-en-tunisie-au-premier-tour-des-elections-presidentielles-francaises\/#breadcrumb\",\"itemListElement\":[{\"@type\":\"ListItem\",\"position\":1,\"name\":\"Accueil\",\"item\":\"https:\/\/shams-alyaoum.com\/fr\/\"},{\"@type\":\"ListItem\",\"position\":2,\"name\":\"Participation des fran\u00e7ais r\u00e9sidents en Tunisie au premier tour des \u00e9lections pr\u00e9sidentielles fran\u00e7aises\"}]},{\"@type\":\"WebSite\",\"@id\":\"https:\/\/shams-alyaoum.com\/fr\/#website\",\"url\":\"https:\/\/shams-alyaoum.com\/fr\/\",\"name\":\"Magazine Shams Al Yaoum\",\"description\":\"\",\"potentialAction\":[{\"@type\":\"SearchAction\",\"target\":{\"@type\":\"EntryPoint\",\"urlTemplate\":\"https:\/\/shams-alyaoum.com\/fr\/?s={search_term_string}\"},\"query-input\":{\"@type\":\"PropertyValueSpecification\",\"valueRequired\":true,\"valueName\":\"search_term_string\"}}],\"inLanguage\":\"fr-FR\"},{\"@type\":\"Person\",\"@id\":\"https:\/\/shams-alyaoum.com\/fr\/#\/schema\/person\/7b572f8c370a521e35112e88da52dce5\",\"name\":\"shamsalyaoum\",\"image\":{\"@type\":\"ImageObject\",\"inLanguage\":\"fr-FR\",\"@id\":\"https:\/\/shams-alyaoum.com\/fr\/#\/schema\/person\/image\/\",\"url\":\"https:\/\/secure.gravatar.com\/avatar\/11774fd6260846ea4d3230345b47c868eaffb0fe76386b1a8b3cc24c8dc91f3d?s=96&d=mm&r=g\",\"contentUrl\":\"https:\/\/secure.gravatar.com\/avatar\/11774fd6260846ea4d3230345b47c868eaffb0fe76386b1a8b3cc24c8dc91f3d?s=96&d=mm&r=g\",\"caption\":\"shamsalyaoum\"},\"url\":\"https:\/\/shams-alyaoum.com\/fr\/author\/shamsalyaoum\/\"}]}<\/script>\n<!-- \/ Yoast SEO plugin. -->","yoast_head_json":{"title":"Participation des fran\u00e7ais r\u00e9sidents en Tunisie au premier tour des \u00e9lections pr\u00e9sidentielles fran\u00e7aises - Magazine Shams Al Yaoum","robots":{"index":"index","follow":"follow","max-snippet":"max-snippet:-1","max-image-preview":"max-image-preview:large","max-video-preview":"max-video-preview:-1"},"canonical":"https:\/\/shams-alyaoum.com\/fr\/participation-des-francais-residents-en-tunisie-au-premier-tour-des-elections-presidentielles-francaises\/","og_locale":"fr_FR","og_type":"article","og_title":"Participation des fran\u00e7ais r\u00e9sidents en Tunisie au premier tour des \u00e9lections pr\u00e9sidentielles fran\u00e7aises - Magazine Shams Al Yaoum","og_description":"Les fran\u00e7ais r\u00e9sidents en Tunisie ont particip\u00e9 au premier tour des \u00e9lections pr\u00e9sidentielles fran\u00e7aises. Pr\u00e8s de 13 bureaux de vote ont \u00e9t\u00e9 ouverts, de 8h \u00e0 19h, \u00e0 Bizerte, la Marsa, Nabeul, Tunis, Djerba, Sousse et Sfax, selon l\u2019Ambassade de France \u00e0 Tunis. Un bureau de vote a \u00e9t\u00e9 r\u00e9serv\u00e9 au Consulat g\u00e9n\u00e9ral de France &hellip;","og_url":"https:\/\/shams-alyaoum.com\/fr\/participation-des-francais-residents-en-tunisie-au-premier-tour-des-elections-presidentielles-francaises\/","og_site_name":"Magazine Shams Al Yaoum","article_published_time":"2022-04-11T09:26:06+00:00","article_modified_time":"2022-04-11T09:44:03+00:00","og_image":[{"width":660,"height":493,"url":"https:\/\/shams-alyaoum.com\/fr\/wp-content\/uploads\/2022\/04\/cache_660x660_Analog_medium_15085150_133168_10042022.jpg","type":"image\/jpeg"}],"author":"shamsalyaoum","twitter_card":"summary_large_image","twitter_misc":{"\u00c9crit par":"shamsalyaoum","Dur\u00e9e de lecture estim\u00e9e":"1 minute"},"schema":{"@context":"https:\/\/schema.org","@graph":[{"@type":"WebPage","@id":"https:\/\/shams-alyaoum.com\/fr\/participation-des-francais-residents-en-tunisie-au-premier-tour-des-elections-presidentielles-francaises\/","url":"https:\/\/shams-alyaoum.com\/fr\/participation-des-francais-residents-en-tunisie-au-premier-tour-des-elections-presidentielles-francaises\/","name":"Participation des fran\u00e7ais r\u00e9sidents en Tunisie au premier tour des \u00e9lections pr\u00e9sidentielles fran\u00e7aises - Magazine Shams Al Yaoum","isPartOf":{"@id":"https:\/\/shams-alyaoum.com\/fr\/#website"},"primaryImageOfPage":{"@id":"https:\/\/shams-alyaoum.com\/fr\/participation-des-francais-residents-en-tunisie-au-premier-tour-des-elections-presidentielles-francaises\/#primaryimage"},"image":{"@id":"https:\/\/shams-alyaoum.com\/fr\/participation-des-francais-residents-en-tunisie-au-premier-tour-des-elections-presidentielles-francaises\/#primaryimage"},"thumbnailUrl":"https:\/\/shams-alyaoum.com\/fr\/wp-content\/uploads\/2022\/04\/cache_660x660_Analog_medium_15085150_133168_10042022.jpg","datePublished":"2022-04-11T09:26:06+00:00","dateModified":"2022-04-11T09:44:03+00:00","author":{"@id":"https:\/\/shams-alyaoum.com\/fr\/#\/schema\/person\/7b572f8c370a521e35112e88da52dce5"},"breadcrumb":{"@id":"https:\/\/shams-alyaoum.com\/fr\/participation-des-francais-residents-en-tunisie-au-premier-tour-des-elections-presidentielles-francaises\/#breadcrumb"},"inLanguage":"fr-FR","potentialAction":[{"@type":"ReadAction","target":["https:\/\/shams-alyaoum.com\/fr\/participation-des-francais-residents-en-tunisie-au-premier-tour-des-elections-presidentielles-francaises\/"]}]},{"@type":"ImageObject","inLanguage":"fr-FR","@id":"https:\/\/shams-alyaoum.com\/fr\/participation-des-francais-residents-en-tunisie-au-premier-tour-des-elections-presidentielles-francaises\/#primaryimage","url":"https:\/\/shams-alyaoum.com\/fr\/wp-content\/uploads\/2022\/04\/cache_660x660_Analog_medium_15085150_133168_10042022.jpg","contentUrl":"https:\/\/shams-alyaoum.com\/fr\/wp-content\/uploads\/2022\/04\/cache_660x660_Analog_medium_15085150_133168_10042022.jpg","width":660,"height":493},{"@type":"BreadcrumbList","@id":"https:\/\/shams-alyaoum.com\/fr\/participation-des-francais-residents-en-tunisie-au-premier-tour-des-elections-presidentielles-francaises\/#breadcrumb","itemListElement":[{"@type":"ListItem","position":1,"name":"Accueil","item":"https:\/\/shams-alyaoum.com\/fr\/"},{"@type":"ListItem","position":2,"name":"Participation des fran\u00e7ais r\u00e9sidents en Tunisie au premier tour des \u00e9lections pr\u00e9sidentielles fran\u00e7aises"}]},{"@type":"WebSite","@id":"https:\/\/shams-alyaoum.com\/fr\/#website","url":"https:\/\/shams-alyaoum.com\/fr\/","name":"Magazine Shams Al Yaoum","description":"","potentialAction":[{"@type":"SearchAction","target":{"@type":"EntryPoint","urlTemplate":"https:\/\/shams-alyaoum.com\/fr\/?s={search_term_string}"},"query-input":{"@type":"PropertyValueSpecification","valueRequired":true,"valueName":"search_term_string"}}],"inLanguage":"fr-FR"},{"@type":"Person","@id":"https:\/\/shams-alyaoum.com\/fr\/#\/schema\/person\/7b572f8c370a521e35112e88da52dce5","name":"shamsalyaoum","image":{"@type":"ImageObject","inLanguage":"fr-FR","@id":"https:\/\/shams-alyaoum.com\/fr\/#\/schema\/person\/image\/","url":"https:\/\/secure.gravatar.com\/avatar\/11774fd6260846ea4d3230345b47c868eaffb0fe76386b1a8b3cc24c8dc91f3d?s=96&d=mm&r=g","contentUrl":"https:\/\/secure.gravatar.com\/avatar\/11774fd6260846ea4d3230345b47c868eaffb0fe76386b1a8b3cc24c8dc91f3d?s=96&d=mm&r=g","caption":"shamsalyaoum"},"url":"https:\/\/shams-alyaoum.com\/fr\/author\/shamsalyaoum\/"}]}},"_links":{"self":[{"href":"https:\/\/shams-alyaoum.com\/fr\/wp-json\/wp\/v2\/posts\/3292","targetHints":{"allow":["GET"]}}],"collection":[{"href":"https:\/\/shams-alyaoum.com\/fr\/wp-json\/wp\/v2\/posts"}],"about":[{"href":"https:\/\/shams-alyaoum.com\/fr\/wp-json\/wp\/v2\/types\/post"}],"author":[{"embeddable":true,"href":"https:\/\/shams-alyaoum.com\/fr\/wp-json\/wp\/v2\/users\/2"}],"replies":[{"embeddable":true,"href":"https:\/\/shams-alyaoum.com\/fr\/wp-json\/wp\/v2\/comments?post=3292"}],"version-history":[{"count":1,"href":"https:\/\/shams-alyaoum.com\/fr\/wp-json\/wp\/v2\/posts\/3292\/revisions"}],"predecessor-version":[{"id":3293,"href":"https:\/\/shams-alyaoum.com\/fr\/wp-json\/wp\/v2\/posts\/3292\/revisions\/3293"}],"wp:featuredmedia":[{"embeddable":true,"href":"https:\/\/shams-alyaoum.com\/fr\/wp-json\/wp\/v2\/media\/3294"}],"wp:attachment":[{"href":"https:\/\/shams-alyaoum.com\/fr\/wp-json\/wp\/v2\/media?parent=3292"}],"wp:term":[{"taxonomy":"category","embeddable":true,"href":"https:\/\/shams-alyaoum.com\/fr\/wp-json\/wp\/v2\/categories?post=3292"},{"taxonomy":"post_tag","embeddable":true,"href":"https:\/\/shams-alyaoum.com\/fr\/wp-json\/wp\/v2\/tags?post=3292"}],"curies":[{"name":"wp","href":"https:\/\/api.w.org\/{rel}","templated":true}]}}