{"id":3160,"date":"2022-04-09T10:41:15","date_gmt":"2022-04-09T08:41:15","guid":{"rendered":"https:\/\/shams-alyaoum.com\/fr\/?p=3160"},"modified":"2022-04-09T10:41:16","modified_gmt":"2022-04-09T08:41:16","slug":"othmen-jerandi-rencontre-les-ambassadeurs-des-pays-g7","status":"publish","type":"post","link":"https:\/\/shams-alyaoum.com\/fr\/othmen-jerandi-rencontre-les-ambassadeurs-des-pays-g7\/","title":{"rendered":"Othmen Jerandi rencontre les ambassadeurs des pays G7"},"content":{"rendered":"\n<p>\u00ab\u00a0La d\u00e9mocratie en Tunisie est une question r\u00e9gl\u00e9e et les prochaines \u00e9ch\u00e9ances politiques annonc\u00e9es par le pr\u00e9sident de la R\u00e9publique repr\u00e9sentent une \u00e9tape vers la consolidation d&rsquo;un syst\u00e8me d\u00e9mocratique solide et durable qui r\u00e9pond aux aspirations du peuple tunisien et garantit ses droits et libert\u00e9s\u00a0\u00bb, a affirm\u00e9 le ministre des Affaires \u00e9trang\u00e8res, de la Migration et des Tunisiens \u00e0 l&rsquo;\u00e9tranger, Othman Jerandi, \u00e0 l&rsquo;issue d&rsquo;une rencontre tenue, jeudi, avec les ambassadeurs des pays du G7 ainsi que l&rsquo;ambassadeur de l&rsquo;Union europ\u00e9enne.<\/p>\n\n\n\n<p>Et de pr\u00e9ciser que les prochaines \u00e9lections seront organis\u00e9es \u00e0 temps, sous la supervision de l&rsquo;Instance sup\u00e9rieure ind\u00e9pendante pour les \u00e9lections (ISIE) et seront pr\u00e9c\u00e9d\u00e9es par un dialogue national sur la base des r\u00e9sultats de la consultation nationale, selon un communiqu\u00e9 publi\u00e9 par le minist\u00e8re des Affaires \u00e9trang\u00e8res.<\/p>\n\n\n\n<p>Jerandi a pass\u00e9 en revue, \u00e0 cette occasion, les plus importants efforts pour relancer l&rsquo;\u00e9conomie et fonder les bases d&rsquo;un nouveau mod\u00e8le de d\u00e9veloppement qui r\u00e9pond aux d\u00e9fis actuels et assure une vie digne aux tunisiens.<\/p>\n\n\n\n<p>Il s&rsquo;agit, selon lui, de pr\u00e9parer un plan de d\u00e9veloppement 2023-2025 et une vision de la Tunisie \u00e0 l&rsquo;horizon 2035. Sur un autre volet, le chef de la diplomatie tunisienne a \u00e9voqu\u00e9 l&rsquo;\u00e9tat d&rsquo;avancement des n\u00e9gociations avec le Fonds mon\u00e9taire international(FMI), faisant savoir que la Tunisie ambitionne de b\u00e9n\u00e9ficier de l&rsquo;appui de ses partenaires pour parvenir \u00e0 un accord avec cette institution financi\u00e8re.<\/p>\n\n\n\n<p>Le ministre a affirm\u00e9 lors de l&rsquo;entrevue qualifi\u00e9e de \u00a0\u00bb transparente et de sinc\u00e8re\u00a0\u00bb, que les relations de la Tunisie avec les pays du G7 sont des relations strat\u00e9giques bas\u00e9es sur la confiance et le respect mutuels, et que la Tunisie a montr\u00e9 son ouverture \u00e0 tous ses partenaires r\u00e9gionaux et internationaux.<\/p>\n\n\n\n<p>De leur c\u00f4t\u00e9, les ambassadeurs du G7(Etats-Unis, Japon, Allemagne, France, Italie, Canada et Royaume-Uni), ont soulign\u00e9 l&rsquo;importance de poursuivre le dialogue avec les diff\u00e9rents acteurs et composantes de la soci\u00e9t\u00e9 tunisienne sur les questions politiques et \u00e9conomiques afin d&rsquo;assurer un consensus sur les solutions propos\u00e9es et leur p\u00e9rennit\u00e9.<\/p>\n\n\n\n<p>Ils ont renouvel\u00e9, \u00e0 cette occasion, l&rsquo;engagement de leurs pays \u00e0 accompagner la Tunisie dans ses n\u00e9gociations avec le FMI, soulignant l&rsquo;importance de tirer profit des prochaines rencontres avec le Fonds afin d&rsquo;annoncer un programme de r\u00e9formes global, durable et viable que la Tunisie entend entreprendre.<\/p>\n\n\n\n<p>La r\u00e9union a \u00e9t\u00e9, l&rsquo;occasion, d&rsquo;\u00e9changer sur un certain nombre de questions d&rsquo;int\u00e9r\u00eat commun aux niveaux r\u00e9gional et international outre le d\u00e9veloppement du conflit russo-ukrainien. Jerandi a indiqu\u00e9 que la stabilit\u00e9 de la Libye est une responsabilit\u00e9 collective.<\/p>\n\n\n\n<p>TAP<\/p>\n","protected":false},"excerpt":{"rendered":"<p>\u00ab\u00a0La d\u00e9mocratie en Tunisie est une question r\u00e9gl\u00e9e et les prochaines \u00e9ch\u00e9ances politiques annonc\u00e9es par le pr\u00e9sident de la R\u00e9publique repr\u00e9sentent une \u00e9tape vers la consolidation d&rsquo;un syst\u00e8me d\u00e9mocratique solide et durable qui r\u00e9pond aux aspirations du peuple tunisien et garantit ses droits et libert\u00e9s\u00a0\u00bb, a affirm\u00e9 le ministre des Affaires \u00e9trang\u00e8res, de la Migration &hellip;<\/p>\n","protected":false},"author":2,"featured_media":3162,"comment_status":"closed","ping_status":"open","sticky":false,"template":"","format":"standard","meta":{"footnotes":""},"categories":[2,14],"tags":[352,161,344],"class_list":["post-3160","post","type-post","status-publish","format-standard","has-post-thumbnail","hentry","category-news","category-tunisie","tag-g7","tag-ministre-des-affaires-etrangeres","tag-othmen-jerandi"],"yoast_head":"<!-- This site is optimized with the Yoast SEO plugin v26.3 - https:\/\/yoast.com\/wordpress\/plugins\/seo\/ -->\n<title>Othmen Jerandi rencontre les ambassadeurs des pays G7 - Magazine Shams Al Yaoum<\/title>\n<meta name=\"robots\" content=\"index, follow, max-snippet:-1, max-image-preview:large, max-video-preview:-1\" \/>\n<link rel=\"canonical\" href=\"https:\/\/shams-alyaoum.com\/fr\/othmen-jerandi-rencontre-les-ambassadeurs-des-pays-g7\/\" \/>\n<meta property=\"og:locale\" content=\"fr_FR\" \/>\n<meta property=\"og:type\" content=\"article\" \/>\n<meta property=\"og:title\" content=\"Othmen Jerandi rencontre les ambassadeurs des pays G7 - Magazine Shams Al Yaoum\" \/>\n<meta property=\"og:description\" content=\"\u00ab\u00a0La d\u00e9mocratie en Tunisie est une question r\u00e9gl\u00e9e et les prochaines \u00e9ch\u00e9ances politiques annonc\u00e9es par le pr\u00e9sident de la R\u00e9publique repr\u00e9sentent une \u00e9tape vers la consolidation d&rsquo;un syst\u00e8me d\u00e9mocratique solide et durable qui r\u00e9pond aux aspirations du peuple tunisien et garantit ses droits et libert\u00e9s\u00a0\u00bb, a affirm\u00e9 le ministre des Affaires \u00e9trang\u00e8res, de la Migration &hellip;\" \/>\n<meta property=\"og:url\" content=\"https:\/\/shams-alyaoum.com\/fr\/othmen-jerandi-rencontre-les-ambassadeurs-des-pays-g7\/\" \/>\n<meta property=\"og:site_name\" content=\"Magazine Shams Al Yaoum\" \/>\n<meta property=\"article:published_time\" content=\"2022-04-09T08:41:15+00:00\" \/>\n<meta property=\"article:modified_time\" content=\"2022-04-09T08:41:16+00:00\" \/>\n<meta property=\"og:image\" content=\"https:\/\/shams-alyaoum.com\/fr\/wp-content\/uploads\/2022\/04\/jerandi_1649452148.jpg\" \/>\n\t<meta property=\"og:image:width\" content=\"900\" \/>\n\t<meta property=\"og:image:height\" content=\"506\" \/>\n\t<meta property=\"og:image:type\" content=\"image\/jpeg\" \/>\n<meta name=\"author\" content=\"shamsalyaoum\" \/>\n<meta name=\"twitter:card\" content=\"summary_large_image\" \/>\n<meta name=\"twitter:label1\" content=\"\u00c9crit par\" \/>\n\t<meta name=\"twitter:data1\" content=\"shamsalyaoum\" \/>\n\t<meta name=\"twitter:label2\" content=\"Dur\u00e9e de lecture estim\u00e9e\" \/>\n\t<meta name=\"twitter:data2\" content=\"2 minutes\" \/>\n<script type=\"application\/ld+json\" class=\"yoast-schema-graph\">{\"@context\":\"https:\/\/schema.org\",\"@graph\":[{\"@type\":\"WebPage\",\"@id\":\"https:\/\/shams-alyaoum.com\/fr\/othmen-jerandi-rencontre-les-ambassadeurs-des-pays-g7\/\",\"url\":\"https:\/\/shams-alyaoum.com\/fr\/othmen-jerandi-rencontre-les-ambassadeurs-des-pays-g7\/\",\"name\":\"Othmen Jerandi rencontre les ambassadeurs des pays G7 - Magazine Shams Al Yaoum\",\"isPartOf\":{\"@id\":\"https:\/\/shams-alyaoum.com\/fr\/#website\"},\"primaryImageOfPage\":{\"@id\":\"https:\/\/shams-alyaoum.com\/fr\/othmen-jerandi-rencontre-les-ambassadeurs-des-pays-g7\/#primaryimage\"},\"image\":{\"@id\":\"https:\/\/shams-alyaoum.com\/fr\/othmen-jerandi-rencontre-les-ambassadeurs-des-pays-g7\/#primaryimage\"},\"thumbnailUrl\":\"https:\/\/shams-alyaoum.com\/fr\/wp-content\/uploads\/2022\/04\/jerandi_1649452148.jpg\",\"datePublished\":\"2022-04-09T08:41:15+00:00\",\"dateModified\":\"2022-04-09T08:41:16+00:00\",\"author\":{\"@id\":\"https:\/\/shams-alyaoum.com\/fr\/#\/schema\/person\/7b572f8c370a521e35112e88da52dce5\"},\"breadcrumb\":{\"@id\":\"https:\/\/shams-alyaoum.com\/fr\/othmen-jerandi-rencontre-les-ambassadeurs-des-pays-g7\/#breadcrumb\"},\"inLanguage\":\"fr-FR\",\"potentialAction\":[{\"@type\":\"ReadAction\",\"target\":[\"https:\/\/shams-alyaoum.com\/fr\/othmen-jerandi-rencontre-les-ambassadeurs-des-pays-g7\/\"]}]},{\"@type\":\"ImageObject\",\"inLanguage\":\"fr-FR\",\"@id\":\"https:\/\/shams-alyaoum.com\/fr\/othmen-jerandi-rencontre-les-ambassadeurs-des-pays-g7\/#primaryimage\",\"url\":\"https:\/\/shams-alyaoum.com\/fr\/wp-content\/uploads\/2022\/04\/jerandi_1649452148.jpg\",\"contentUrl\":\"https:\/\/shams-alyaoum.com\/fr\/wp-content\/uploads\/2022\/04\/jerandi_1649452148.jpg\",\"width\":900,\"height\":506},{\"@type\":\"BreadcrumbList\",\"@id\":\"https:\/\/shams-alyaoum.com\/fr\/othmen-jerandi-rencontre-les-ambassadeurs-des-pays-g7\/#breadcrumb\",\"itemListElement\":[{\"@type\":\"ListItem\",\"position\":1,\"name\":\"Accueil\",\"item\":\"https:\/\/shams-alyaoum.com\/fr\/\"},{\"@type\":\"ListItem\",\"position\":2,\"name\":\"Othmen Jerandi rencontre les ambassadeurs des pays G7\"}]},{\"@type\":\"WebSite\",\"@id\":\"https:\/\/shams-alyaoum.com\/fr\/#website\",\"url\":\"https:\/\/shams-alyaoum.com\/fr\/\",\"name\":\"Magazine Shams Al Yaoum\",\"description\":\"\",\"potentialAction\":[{\"@type\":\"SearchAction\",\"target\":{\"@type\":\"EntryPoint\",\"urlTemplate\":\"https:\/\/shams-alyaoum.com\/fr\/?s={search_term_string}\"},\"query-input\":{\"@type\":\"PropertyValueSpecification\",\"valueRequired\":true,\"valueName\":\"search_term_string\"}}],\"inLanguage\":\"fr-FR\"},{\"@type\":\"Person\",\"@id\":\"https:\/\/shams-alyaoum.com\/fr\/#\/schema\/person\/7b572f8c370a521e35112e88da52dce5\",\"name\":\"shamsalyaoum\",\"image\":{\"@type\":\"ImageObject\",\"inLanguage\":\"fr-FR\",\"@id\":\"https:\/\/shams-alyaoum.com\/fr\/#\/schema\/person\/image\/\",\"url\":\"https:\/\/secure.gravatar.com\/avatar\/11774fd6260846ea4d3230345b47c868eaffb0fe76386b1a8b3cc24c8dc91f3d?s=96&d=mm&r=g\",\"contentUrl\":\"https:\/\/secure.gravatar.com\/avatar\/11774fd6260846ea4d3230345b47c868eaffb0fe76386b1a8b3cc24c8dc91f3d?s=96&d=mm&r=g\",\"caption\":\"shamsalyaoum\"},\"url\":\"https:\/\/shams-alyaoum.com\/fr\/author\/shamsalyaoum\/\"}]}<\/script>\n<!-- \/ Yoast SEO plugin. -->","yoast_head_json":{"title":"Othmen Jerandi rencontre les ambassadeurs des pays G7 - Magazine Shams Al Yaoum","robots":{"index":"index","follow":"follow","max-snippet":"max-snippet:-1","max-image-preview":"max-image-preview:large","max-video-preview":"max-video-preview:-1"},"canonical":"https:\/\/shams-alyaoum.com\/fr\/othmen-jerandi-rencontre-les-ambassadeurs-des-pays-g7\/","og_locale":"fr_FR","og_type":"article","og_title":"Othmen Jerandi rencontre les ambassadeurs des pays G7 - Magazine Shams Al Yaoum","og_description":"\u00ab\u00a0La d\u00e9mocratie en Tunisie est une question r\u00e9gl\u00e9e et les prochaines \u00e9ch\u00e9ances politiques annonc\u00e9es par le pr\u00e9sident de la R\u00e9publique repr\u00e9sentent une \u00e9tape vers la consolidation d&rsquo;un syst\u00e8me d\u00e9mocratique solide et durable qui r\u00e9pond aux aspirations du peuple tunisien et garantit ses droits et libert\u00e9s\u00a0\u00bb, a affirm\u00e9 le ministre des Affaires \u00e9trang\u00e8res, de la Migration &hellip;","og_url":"https:\/\/shams-alyaoum.com\/fr\/othmen-jerandi-rencontre-les-ambassadeurs-des-pays-g7\/","og_site_name":"Magazine Shams Al Yaoum","article_published_time":"2022-04-09T08:41:15+00:00","article_modified_time":"2022-04-09T08:41:16+00:00","og_image":[{"width":900,"height":506,"url":"https:\/\/shams-alyaoum.com\/fr\/wp-content\/uploads\/2022\/04\/jerandi_1649452148.jpg","type":"image\/jpeg"}],"author":"shamsalyaoum","twitter_card":"summary_large_image","twitter_misc":{"\u00c9crit par":"shamsalyaoum","Dur\u00e9e de lecture estim\u00e9e":"2 minutes"},"schema":{"@context":"https:\/\/schema.org","@graph":[{"@type":"WebPage","@id":"https:\/\/shams-alyaoum.com\/fr\/othmen-jerandi-rencontre-les-ambassadeurs-des-pays-g7\/","url":"https:\/\/shams-alyaoum.com\/fr\/othmen-jerandi-rencontre-les-ambassadeurs-des-pays-g7\/","name":"Othmen Jerandi rencontre les ambassadeurs des pays G7 - Magazine Shams Al Yaoum","isPartOf":{"@id":"https:\/\/shams-alyaoum.com\/fr\/#website"},"primaryImageOfPage":{"@id":"https:\/\/shams-alyaoum.com\/fr\/othmen-jerandi-rencontre-les-ambassadeurs-des-pays-g7\/#primaryimage"},"image":{"@id":"https:\/\/shams-alyaoum.com\/fr\/othmen-jerandi-rencontre-les-ambassadeurs-des-pays-g7\/#primaryimage"},"thumbnailUrl":"https:\/\/shams-alyaoum.com\/fr\/wp-content\/uploads\/2022\/04\/jerandi_1649452148.jpg","datePublished":"2022-04-09T08:41:15+00:00","dateModified":"2022-04-09T08:41:16+00:00","author":{"@id":"https:\/\/shams-alyaoum.com\/fr\/#\/schema\/person\/7b572f8c370a521e35112e88da52dce5"},"breadcrumb":{"@id":"https:\/\/shams-alyaoum.com\/fr\/othmen-jerandi-rencontre-les-ambassadeurs-des-pays-g7\/#breadcrumb"},"inLanguage":"fr-FR","potentialAction":[{"@type":"ReadAction","target":["https:\/\/shams-alyaoum.com\/fr\/othmen-jerandi-rencontre-les-ambassadeurs-des-pays-g7\/"]}]},{"@type":"ImageObject","inLanguage":"fr-FR","@id":"https:\/\/shams-alyaoum.com\/fr\/othmen-jerandi-rencontre-les-ambassadeurs-des-pays-g7\/#primaryimage","url":"https:\/\/shams-alyaoum.com\/fr\/wp-content\/uploads\/2022\/04\/jerandi_1649452148.jpg","contentUrl":"https:\/\/shams-alyaoum.com\/fr\/wp-content\/uploads\/2022\/04\/jerandi_1649452148.jpg","width":900,"height":506},{"@type":"BreadcrumbList","@id":"https:\/\/shams-alyaoum.com\/fr\/othmen-jerandi-rencontre-les-ambassadeurs-des-pays-g7\/#breadcrumb","itemListElement":[{"@type":"ListItem","position":1,"name":"Accueil","item":"https:\/\/shams-alyaoum.com\/fr\/"},{"@type":"ListItem","position":2,"name":"Othmen Jerandi rencontre les ambassadeurs des pays G7"}]},{"@type":"WebSite","@id":"https:\/\/shams-alyaoum.com\/fr\/#website","url":"https:\/\/shams-alyaoum.com\/fr\/","name":"Magazine Shams Al Yaoum","description":"","potentialAction":[{"@type":"SearchAction","target":{"@type":"EntryPoint","urlTemplate":"https:\/\/shams-alyaoum.com\/fr\/?s={search_term_string}"},"query-input":{"@type":"PropertyValueSpecification","valueRequired":true,"valueName":"search_term_string"}}],"inLanguage":"fr-FR"},{"@type":"Person","@id":"https:\/\/shams-alyaoum.com\/fr\/#\/schema\/person\/7b572f8c370a521e35112e88da52dce5","name":"shamsalyaoum","image":{"@type":"ImageObject","inLanguage":"fr-FR","@id":"https:\/\/shams-alyaoum.com\/fr\/#\/schema\/person\/image\/","url":"https:\/\/secure.gravatar.com\/avatar\/11774fd6260846ea4d3230345b47c868eaffb0fe76386b1a8b3cc24c8dc91f3d?s=96&d=mm&r=g","contentUrl":"https:\/\/secure.gravatar.com\/avatar\/11774fd6260846ea4d3230345b47c868eaffb0fe76386b1a8b3cc24c8dc91f3d?s=96&d=mm&r=g","caption":"shamsalyaoum"},"url":"https:\/\/shams-alyaoum.com\/fr\/author\/shamsalyaoum\/"}]}},"_links":{"self":[{"href":"https:\/\/shams-alyaoum.com\/fr\/wp-json\/wp\/v2\/posts\/3160","targetHints":{"allow":["GET"]}}],"collection":[{"href":"https:\/\/shams-alyaoum.com\/fr\/wp-json\/wp\/v2\/posts"}],"about":[{"href":"https:\/\/shams-alyaoum.com\/fr\/wp-json\/wp\/v2\/types\/post"}],"author":[{"embeddable":true,"href":"https:\/\/shams-alyaoum.com\/fr\/wp-json\/wp\/v2\/users\/2"}],"replies":[{"embeddable":true,"href":"https:\/\/shams-alyaoum.com\/fr\/wp-json\/wp\/v2\/comments?post=3160"}],"version-history":[{"count":1,"href":"https:\/\/shams-alyaoum.com\/fr\/wp-json\/wp\/v2\/posts\/3160\/revisions"}],"predecessor-version":[{"id":3163,"href":"https:\/\/shams-alyaoum.com\/fr\/wp-json\/wp\/v2\/posts\/3160\/revisions\/3163"}],"wp:featuredmedia":[{"embeddable":true,"href":"https:\/\/shams-alyaoum.com\/fr\/wp-json\/wp\/v2\/media\/3162"}],"wp:attachment":[{"href":"https:\/\/shams-alyaoum.com\/fr\/wp-json\/wp\/v2\/media?parent=3160"}],"wp:term":[{"taxonomy":"category","embeddable":true,"href":"https:\/\/shams-alyaoum.com\/fr\/wp-json\/wp\/v2\/categories?post=3160"},{"taxonomy":"post_tag","embeddable":true,"href":"https:\/\/shams-alyaoum.com\/fr\/wp-json\/wp\/v2\/tags?post=3160"}],"curies":[{"name":"wp","href":"https:\/\/api.w.org\/{rel}","templated":true}]}}