{"id":3089,"date":"2022-04-08T09:31:34","date_gmt":"2022-04-08T07:31:34","guid":{"rendered":"https:\/\/shams-alyaoum.com\/fr\/?p=3089"},"modified":"2022-04-08T09:31:35","modified_gmt":"2022-04-08T07:31:35","slug":"lunion-europeenne-appelle-au-retour-a-un-fonctionnement-normal-des-institutions","status":"publish","type":"post","link":"https:\/\/shams-alyaoum.com\/fr\/lunion-europeenne-appelle-au-retour-a-un-fonctionnement-normal-des-institutions\/","title":{"rendered":"L&rsquo;Union Europ\u00e9enne appelle au retour \u00e0 un fonctionnement normal des institutions"},"content":{"rendered":"\n<p>L&rsquo;Union europ\u00e9enne est tr\u00e8s pr\u00e9occup\u00e9e par les derniers d\u00e9veloppements en Tunisie, notamment la dissolution de l&rsquo;Assembl\u00e9e des Repr\u00e9sentants du Peuple et les poursuites judiciaires entam\u00e9es contre certains de ses membres\u00a0\u00bb, c&rsquo;est ce qui ressort d&rsquo;une d\u00e9claration, jeudi 7 avril 2022, de Nabila Massrali, porte-parole du Haut repr\u00e9sentant de l&rsquo;Union europ\u00e9enne pour les affaires \u00e9trang\u00e8res et la politique de s\u00e9curit\u00e9, Josep Borrell, dont une copie est parvenue \u00e0 l&rsquo;agence TAP.<\/p>\n\n\n\n<p>\u00ab\u00a0Nous appelons au retour, dans les meilleurs d\u00e9lais, \u00e0 un fonctionnement normal des institutions et continuerons \u00e0 suivre attentivement les diff\u00e9rentes \u00e9tapes de mise en \u0153uvre du calendrier politique approuv\u00e9 en d\u00e9cembre 2021. Il est essentiel que le processus de r\u00e9formes soit fond\u00e9 sur un dialogue inclusif de tous les acteurs politiques et sociaux\u00a0\u00bb, lit-on dans cette d\u00e9claration.<\/p>\n\n\n\n<p>\u00ab\u00a0Tout en respectant pleinement la souverainet\u00e9 du peuple tunisien, nous rappelons \u00e9galement l&rsquo;importance du respect de l&rsquo;acquis d\u00e9mocratique, de la s\u00e9paration des pouvoirs, de l&rsquo;Etat de droit et des libert\u00e9s et droits fondamentaux y compris les droits civiles et politiques afin de garantir la stabilit\u00e9 et la prosp\u00e9rit\u00e9 du pays\u00a0\u00bb, a-t-elle encore soulign\u00e9.<\/p>\n\n\n\n<p>Et de conclure \u00ab\u00a0Nous notons les progr\u00e8s effectu\u00e9s dans l&rsquo;\u00e9laboration d&rsquo;un programme de r\u00e9formes \u00e9conomiques et r\u00e9it\u00e9rons notre appui au peuple tunisien dans un contexte de crise sociale et \u00e9conomique d&rsquo;envergure qui a \u00e9t\u00e9 aggrav\u00e9e davantage par l&rsquo;impact de l&rsquo;agression russe de l&rsquo;Ukraine\u00a0\u00bb.<\/p>\n\n\n\n<p>TAP<\/p>\n","protected":false},"excerpt":{"rendered":"<p>L&rsquo;Union europ\u00e9enne est tr\u00e8s pr\u00e9occup\u00e9e par les derniers d\u00e9veloppements en Tunisie, notamment la dissolution de l&rsquo;Assembl\u00e9e des Repr\u00e9sentants du Peuple et les poursuites judiciaires entam\u00e9es contre certains de ses membres\u00a0\u00bb, c&rsquo;est ce qui ressort d&rsquo;une d\u00e9claration, jeudi 7 avril 2022, de Nabila Massrali, porte-parole du Haut repr\u00e9sentant de l&rsquo;Union europ\u00e9enne pour les affaires \u00e9trang\u00e8res et &hellip;<\/p>\n","protected":false},"author":2,"featured_media":3090,"comment_status":"closed","ping_status":"open","sticky":false,"template":"","format":"standard","meta":{"footnotes":""},"categories":[2,14],"tags":[36,221],"class_list":["post-3089","post","type-post","status-publish","format-standard","has-post-thumbnail","hentry","category-news","category-tunisie","tag-tunisie","tag-union-europeenne"],"yoast_head":"<!-- This site is optimized with the Yoast SEO plugin v26.3 - https:\/\/yoast.com\/wordpress\/plugins\/seo\/ -->\n<title>L&#039;Union Europ\u00e9enne appelle au retour \u00e0 un fonctionnement normal des institutions - Magazine Shams Al Yaoum<\/title>\n<meta name=\"robots\" content=\"index, follow, max-snippet:-1, max-image-preview:large, max-video-preview:-1\" \/>\n<link rel=\"canonical\" href=\"https:\/\/shams-alyaoum.com\/fr\/lunion-europeenne-appelle-au-retour-a-un-fonctionnement-normal-des-institutions\/\" \/>\n<meta property=\"og:locale\" content=\"fr_FR\" \/>\n<meta property=\"og:type\" content=\"article\" \/>\n<meta property=\"og:title\" content=\"L&#039;Union Europ\u00e9enne appelle au retour \u00e0 un fonctionnement normal des institutions - Magazine Shams Al Yaoum\" \/>\n<meta property=\"og:description\" content=\"L&rsquo;Union europ\u00e9enne est tr\u00e8s pr\u00e9occup\u00e9e par les derniers d\u00e9veloppements en Tunisie, notamment la dissolution de l&rsquo;Assembl\u00e9e des Repr\u00e9sentants du Peuple et les poursuites judiciaires entam\u00e9es contre certains de ses membres\u00a0\u00bb, c&rsquo;est ce qui ressort d&rsquo;une d\u00e9claration, jeudi 7 avril 2022, de Nabila Massrali, porte-parole du Haut repr\u00e9sentant de l&rsquo;Union europ\u00e9enne pour les affaires \u00e9trang\u00e8res et &hellip;\" \/>\n<meta property=\"og:url\" content=\"https:\/\/shams-alyaoum.com\/fr\/lunion-europeenne-appelle-au-retour-a-un-fonctionnement-normal-des-institutions\/\" \/>\n<meta property=\"og:site_name\" content=\"Magazine Shams Al Yaoum\" \/>\n<meta property=\"article:published_time\" content=\"2022-04-08T07:31:34+00:00\" \/>\n<meta property=\"article:modified_time\" content=\"2022-04-08T07:31:35+00:00\" \/>\n<meta property=\"og:image\" content=\"https:\/\/shams-alyaoum.com\/fr\/wp-content\/uploads\/2022\/04\/download.jpg\" \/>\n\t<meta property=\"og:image:width\" content=\"288\" \/>\n\t<meta property=\"og:image:height\" content=\"175\" \/>\n\t<meta property=\"og:image:type\" content=\"image\/jpeg\" \/>\n<meta name=\"author\" content=\"shamsalyaoum\" \/>\n<meta name=\"twitter:card\" content=\"summary_large_image\" \/>\n<meta name=\"twitter:label1\" content=\"\u00c9crit par\" \/>\n\t<meta name=\"twitter:data1\" content=\"shamsalyaoum\" \/>\n\t<meta name=\"twitter:label2\" content=\"Dur\u00e9e de lecture estim\u00e9e\" \/>\n\t<meta name=\"twitter:data2\" content=\"1 minute\" \/>\n<script type=\"application\/ld+json\" class=\"yoast-schema-graph\">{\"@context\":\"https:\/\/schema.org\",\"@graph\":[{\"@type\":\"WebPage\",\"@id\":\"https:\/\/shams-alyaoum.com\/fr\/lunion-europeenne-appelle-au-retour-a-un-fonctionnement-normal-des-institutions\/\",\"url\":\"https:\/\/shams-alyaoum.com\/fr\/lunion-europeenne-appelle-au-retour-a-un-fonctionnement-normal-des-institutions\/\",\"name\":\"L'Union Europ\u00e9enne appelle au retour \u00e0 un fonctionnement normal des institutions - Magazine Shams Al Yaoum\",\"isPartOf\":{\"@id\":\"https:\/\/shams-alyaoum.com\/fr\/#website\"},\"primaryImageOfPage\":{\"@id\":\"https:\/\/shams-alyaoum.com\/fr\/lunion-europeenne-appelle-au-retour-a-un-fonctionnement-normal-des-institutions\/#primaryimage\"},\"image\":{\"@id\":\"https:\/\/shams-alyaoum.com\/fr\/lunion-europeenne-appelle-au-retour-a-un-fonctionnement-normal-des-institutions\/#primaryimage\"},\"thumbnailUrl\":\"https:\/\/shams-alyaoum.com\/fr\/wp-content\/uploads\/2022\/04\/download.jpg\",\"datePublished\":\"2022-04-08T07:31:34+00:00\",\"dateModified\":\"2022-04-08T07:31:35+00:00\",\"author\":{\"@id\":\"https:\/\/shams-alyaoum.com\/fr\/#\/schema\/person\/7b572f8c370a521e35112e88da52dce5\"},\"breadcrumb\":{\"@id\":\"https:\/\/shams-alyaoum.com\/fr\/lunion-europeenne-appelle-au-retour-a-un-fonctionnement-normal-des-institutions\/#breadcrumb\"},\"inLanguage\":\"fr-FR\",\"potentialAction\":[{\"@type\":\"ReadAction\",\"target\":[\"https:\/\/shams-alyaoum.com\/fr\/lunion-europeenne-appelle-au-retour-a-un-fonctionnement-normal-des-institutions\/\"]}]},{\"@type\":\"ImageObject\",\"inLanguage\":\"fr-FR\",\"@id\":\"https:\/\/shams-alyaoum.com\/fr\/lunion-europeenne-appelle-au-retour-a-un-fonctionnement-normal-des-institutions\/#primaryimage\",\"url\":\"https:\/\/shams-alyaoum.com\/fr\/wp-content\/uploads\/2022\/04\/download.jpg\",\"contentUrl\":\"https:\/\/shams-alyaoum.com\/fr\/wp-content\/uploads\/2022\/04\/download.jpg\",\"width\":288,\"height\":175},{\"@type\":\"BreadcrumbList\",\"@id\":\"https:\/\/shams-alyaoum.com\/fr\/lunion-europeenne-appelle-au-retour-a-un-fonctionnement-normal-des-institutions\/#breadcrumb\",\"itemListElement\":[{\"@type\":\"ListItem\",\"position\":1,\"name\":\"Accueil\",\"item\":\"https:\/\/shams-alyaoum.com\/fr\/\"},{\"@type\":\"ListItem\",\"position\":2,\"name\":\"L&rsquo;Union Europ\u00e9enne appelle au retour \u00e0 un fonctionnement normal des institutions\"}]},{\"@type\":\"WebSite\",\"@id\":\"https:\/\/shams-alyaoum.com\/fr\/#website\",\"url\":\"https:\/\/shams-alyaoum.com\/fr\/\",\"name\":\"Magazine Shams Al Yaoum\",\"description\":\"\",\"potentialAction\":[{\"@type\":\"SearchAction\",\"target\":{\"@type\":\"EntryPoint\",\"urlTemplate\":\"https:\/\/shams-alyaoum.com\/fr\/?s={search_term_string}\"},\"query-input\":{\"@type\":\"PropertyValueSpecification\",\"valueRequired\":true,\"valueName\":\"search_term_string\"}}],\"inLanguage\":\"fr-FR\"},{\"@type\":\"Person\",\"@id\":\"https:\/\/shams-alyaoum.com\/fr\/#\/schema\/person\/7b572f8c370a521e35112e88da52dce5\",\"name\":\"shamsalyaoum\",\"image\":{\"@type\":\"ImageObject\",\"inLanguage\":\"fr-FR\",\"@id\":\"https:\/\/shams-alyaoum.com\/fr\/#\/schema\/person\/image\/\",\"url\":\"https:\/\/secure.gravatar.com\/avatar\/11774fd6260846ea4d3230345b47c868eaffb0fe76386b1a8b3cc24c8dc91f3d?s=96&d=mm&r=g\",\"contentUrl\":\"https:\/\/secure.gravatar.com\/avatar\/11774fd6260846ea4d3230345b47c868eaffb0fe76386b1a8b3cc24c8dc91f3d?s=96&d=mm&r=g\",\"caption\":\"shamsalyaoum\"},\"url\":\"https:\/\/shams-alyaoum.com\/fr\/author\/shamsalyaoum\/\"}]}<\/script>\n<!-- \/ Yoast SEO plugin. -->","yoast_head_json":{"title":"L'Union Europ\u00e9enne appelle au retour \u00e0 un fonctionnement normal des institutions - Magazine Shams Al Yaoum","robots":{"index":"index","follow":"follow","max-snippet":"max-snippet:-1","max-image-preview":"max-image-preview:large","max-video-preview":"max-video-preview:-1"},"canonical":"https:\/\/shams-alyaoum.com\/fr\/lunion-europeenne-appelle-au-retour-a-un-fonctionnement-normal-des-institutions\/","og_locale":"fr_FR","og_type":"article","og_title":"L'Union Europ\u00e9enne appelle au retour \u00e0 un fonctionnement normal des institutions - Magazine Shams Al Yaoum","og_description":"L&rsquo;Union europ\u00e9enne est tr\u00e8s pr\u00e9occup\u00e9e par les derniers d\u00e9veloppements en Tunisie, notamment la dissolution de l&rsquo;Assembl\u00e9e des Repr\u00e9sentants du Peuple et les poursuites judiciaires entam\u00e9es contre certains de ses membres\u00a0\u00bb, c&rsquo;est ce qui ressort d&rsquo;une d\u00e9claration, jeudi 7 avril 2022, de Nabila Massrali, porte-parole du Haut repr\u00e9sentant de l&rsquo;Union europ\u00e9enne pour les affaires \u00e9trang\u00e8res et &hellip;","og_url":"https:\/\/shams-alyaoum.com\/fr\/lunion-europeenne-appelle-au-retour-a-un-fonctionnement-normal-des-institutions\/","og_site_name":"Magazine Shams Al Yaoum","article_published_time":"2022-04-08T07:31:34+00:00","article_modified_time":"2022-04-08T07:31:35+00:00","og_image":[{"width":288,"height":175,"url":"https:\/\/shams-alyaoum.com\/fr\/wp-content\/uploads\/2022\/04\/download.jpg","type":"image\/jpeg"}],"author":"shamsalyaoum","twitter_card":"summary_large_image","twitter_misc":{"\u00c9crit par":"shamsalyaoum","Dur\u00e9e de lecture estim\u00e9e":"1 minute"},"schema":{"@context":"https:\/\/schema.org","@graph":[{"@type":"WebPage","@id":"https:\/\/shams-alyaoum.com\/fr\/lunion-europeenne-appelle-au-retour-a-un-fonctionnement-normal-des-institutions\/","url":"https:\/\/shams-alyaoum.com\/fr\/lunion-europeenne-appelle-au-retour-a-un-fonctionnement-normal-des-institutions\/","name":"L'Union Europ\u00e9enne appelle au retour \u00e0 un fonctionnement normal des institutions - Magazine Shams Al Yaoum","isPartOf":{"@id":"https:\/\/shams-alyaoum.com\/fr\/#website"},"primaryImageOfPage":{"@id":"https:\/\/shams-alyaoum.com\/fr\/lunion-europeenne-appelle-au-retour-a-un-fonctionnement-normal-des-institutions\/#primaryimage"},"image":{"@id":"https:\/\/shams-alyaoum.com\/fr\/lunion-europeenne-appelle-au-retour-a-un-fonctionnement-normal-des-institutions\/#primaryimage"},"thumbnailUrl":"https:\/\/shams-alyaoum.com\/fr\/wp-content\/uploads\/2022\/04\/download.jpg","datePublished":"2022-04-08T07:31:34+00:00","dateModified":"2022-04-08T07:31:35+00:00","author":{"@id":"https:\/\/shams-alyaoum.com\/fr\/#\/schema\/person\/7b572f8c370a521e35112e88da52dce5"},"breadcrumb":{"@id":"https:\/\/shams-alyaoum.com\/fr\/lunion-europeenne-appelle-au-retour-a-un-fonctionnement-normal-des-institutions\/#breadcrumb"},"inLanguage":"fr-FR","potentialAction":[{"@type":"ReadAction","target":["https:\/\/shams-alyaoum.com\/fr\/lunion-europeenne-appelle-au-retour-a-un-fonctionnement-normal-des-institutions\/"]}]},{"@type":"ImageObject","inLanguage":"fr-FR","@id":"https:\/\/shams-alyaoum.com\/fr\/lunion-europeenne-appelle-au-retour-a-un-fonctionnement-normal-des-institutions\/#primaryimage","url":"https:\/\/shams-alyaoum.com\/fr\/wp-content\/uploads\/2022\/04\/download.jpg","contentUrl":"https:\/\/shams-alyaoum.com\/fr\/wp-content\/uploads\/2022\/04\/download.jpg","width":288,"height":175},{"@type":"BreadcrumbList","@id":"https:\/\/shams-alyaoum.com\/fr\/lunion-europeenne-appelle-au-retour-a-un-fonctionnement-normal-des-institutions\/#breadcrumb","itemListElement":[{"@type":"ListItem","position":1,"name":"Accueil","item":"https:\/\/shams-alyaoum.com\/fr\/"},{"@type":"ListItem","position":2,"name":"L&rsquo;Union Europ\u00e9enne appelle au retour \u00e0 un fonctionnement normal des institutions"}]},{"@type":"WebSite","@id":"https:\/\/shams-alyaoum.com\/fr\/#website","url":"https:\/\/shams-alyaoum.com\/fr\/","name":"Magazine Shams Al Yaoum","description":"","potentialAction":[{"@type":"SearchAction","target":{"@type":"EntryPoint","urlTemplate":"https:\/\/shams-alyaoum.com\/fr\/?s={search_term_string}"},"query-input":{"@type":"PropertyValueSpecification","valueRequired":true,"valueName":"search_term_string"}}],"inLanguage":"fr-FR"},{"@type":"Person","@id":"https:\/\/shams-alyaoum.com\/fr\/#\/schema\/person\/7b572f8c370a521e35112e88da52dce5","name":"shamsalyaoum","image":{"@type":"ImageObject","inLanguage":"fr-FR","@id":"https:\/\/shams-alyaoum.com\/fr\/#\/schema\/person\/image\/","url":"https:\/\/secure.gravatar.com\/avatar\/11774fd6260846ea4d3230345b47c868eaffb0fe76386b1a8b3cc24c8dc91f3d?s=96&d=mm&r=g","contentUrl":"https:\/\/secure.gravatar.com\/avatar\/11774fd6260846ea4d3230345b47c868eaffb0fe76386b1a8b3cc24c8dc91f3d?s=96&d=mm&r=g","caption":"shamsalyaoum"},"url":"https:\/\/shams-alyaoum.com\/fr\/author\/shamsalyaoum\/"}]}},"_links":{"self":[{"href":"https:\/\/shams-alyaoum.com\/fr\/wp-json\/wp\/v2\/posts\/3089","targetHints":{"allow":["GET"]}}],"collection":[{"href":"https:\/\/shams-alyaoum.com\/fr\/wp-json\/wp\/v2\/posts"}],"about":[{"href":"https:\/\/shams-alyaoum.com\/fr\/wp-json\/wp\/v2\/types\/post"}],"author":[{"embeddable":true,"href":"https:\/\/shams-alyaoum.com\/fr\/wp-json\/wp\/v2\/users\/2"}],"replies":[{"embeddable":true,"href":"https:\/\/shams-alyaoum.com\/fr\/wp-json\/wp\/v2\/comments?post=3089"}],"version-history":[{"count":1,"href":"https:\/\/shams-alyaoum.com\/fr\/wp-json\/wp\/v2\/posts\/3089\/revisions"}],"predecessor-version":[{"id":3091,"href":"https:\/\/shams-alyaoum.com\/fr\/wp-json\/wp\/v2\/posts\/3089\/revisions\/3091"}],"wp:featuredmedia":[{"embeddable":true,"href":"https:\/\/shams-alyaoum.com\/fr\/wp-json\/wp\/v2\/media\/3090"}],"wp:attachment":[{"href":"https:\/\/shams-alyaoum.com\/fr\/wp-json\/wp\/v2\/media?parent=3089"}],"wp:term":[{"taxonomy":"category","embeddable":true,"href":"https:\/\/shams-alyaoum.com\/fr\/wp-json\/wp\/v2\/categories?post=3089"},{"taxonomy":"post_tag","embeddable":true,"href":"https:\/\/shams-alyaoum.com\/fr\/wp-json\/wp\/v2\/tags?post=3089"}],"curies":[{"name":"wp","href":"https:\/\/api.w.org\/{rel}","templated":true}]}}