{"id":3014,"date":"2022-04-07T10:00:40","date_gmt":"2022-04-07T08:00:40","guid":{"rendered":"https:\/\/shams-alyaoum.com\/fr\/?p=3014"},"modified":"2022-04-07T10:00:41","modified_gmt":"2022-04-07T08:00:41","slug":"la-meteo-vents-forts-et-temperatures-en-baisse","status":"publish","type":"post","link":"https:\/\/shams-alyaoum.com\/fr\/la-meteo-vents-forts-et-temperatures-en-baisse\/","title":{"rendered":"La M\u00e9t\u00e9o: Vents forts et temp\u00e9ratures en baisse"},"content":{"rendered":"\n<p>Le temps sera demain, jeudi 7 avril 2022, caract\u00e9ris\u00e9 par quelques nuages sur la plupart des r\u00e9gions et qui seront plus abondants le matin au nord avec des pluies localement \u00e0 l&rsquo;extr\u00eame nord du pays.<\/p>\n\n\n\n<p>Le vent sera fort, entre 40 et 60 km\/h pr\u00e8s des c\u00f4tes et mod\u00e9r\u00e9 \u00e0 relativement fort, entre 20 et 40 ailleurs.<\/p>\n\n\n\n<p>La mer sera houleuse \u00e0 tr\u00e8s agit\u00e9e au nord et tr\u00e8s agit\u00e9e \u00e0 agit\u00e9e sur les autres c\u00f4tes.<\/p>\n\n\n\n<p>Les temp\u00e9ratures seront en l\u00e9g\u00e8re baisse. Les maximales varieront entre 16 et 21 degr\u00e9s au nord et sur les hauteurs et entre 21 et 27 ailleurs. Elles doivent atteindre les 29 \u00e0 l&rsquo;extr\u00eame sud, selon les pr\u00e9visions de l&rsquo;Institut national de m\u00e9t\u00e9orologie.<\/p>\n","protected":false},"excerpt":{"rendered":"<p>Le temps sera demain, jeudi 7 avril 2022, caract\u00e9ris\u00e9 par quelques nuages sur la plupart des r\u00e9gions et qui seront plus abondants le matin au nord avec des pluies localement \u00e0 l&rsquo;extr\u00eame nord du pays. Le vent sera fort, entre 40 et 60 km\/h pr\u00e8s des c\u00f4tes et mod\u00e9r\u00e9 \u00e0 relativement fort, entre 20 et &hellip;<\/p>\n","protected":false},"author":2,"featured_media":3015,"comment_status":"closed","ping_status":"open","sticky":false,"template":"","format":"standard","meta":{"footnotes":""},"categories":[14],"tags":[45,36],"class_list":["post-3014","post","type-post","status-publish","format-standard","has-post-thumbnail","hentry","category-tunisie","tag-meteo","tag-tunisie"],"yoast_head":"<!-- This site is optimized with the Yoast SEO plugin v26.3 - https:\/\/yoast.com\/wordpress\/plugins\/seo\/ -->\n<title>La M\u00e9t\u00e9o: Vents forts et temp\u00e9ratures en baisse - Magazine Shams Al Yaoum<\/title>\n<meta name=\"robots\" content=\"index, follow, max-snippet:-1, max-image-preview:large, max-video-preview:-1\" \/>\n<link rel=\"canonical\" href=\"https:\/\/shams-alyaoum.com\/fr\/la-meteo-vents-forts-et-temperatures-en-baisse\/\" \/>\n<meta property=\"og:locale\" content=\"fr_FR\" \/>\n<meta property=\"og:type\" content=\"article\" \/>\n<meta property=\"og:title\" content=\"La M\u00e9t\u00e9o: Vents forts et temp\u00e9ratures en baisse - Magazine Shams Al Yaoum\" \/>\n<meta property=\"og:description\" content=\"Le temps sera demain, jeudi 7 avril 2022, caract\u00e9ris\u00e9 par quelques nuages sur la plupart des r\u00e9gions et qui seront plus abondants le matin au nord avec des pluies localement \u00e0 l&rsquo;extr\u00eame nord du pays. Le vent sera fort, entre 40 et 60 km\/h pr\u00e8s des c\u00f4tes et mod\u00e9r\u00e9 \u00e0 relativement fort, entre 20 et &hellip;\" \/>\n<meta property=\"og:url\" content=\"https:\/\/shams-alyaoum.com\/fr\/la-meteo-vents-forts-et-temperatures-en-baisse\/\" \/>\n<meta property=\"og:site_name\" content=\"Magazine Shams Al Yaoum\" \/>\n<meta property=\"article:published_time\" content=\"2022-04-07T08:00:40+00:00\" \/>\n<meta property=\"article:modified_time\" content=\"2022-04-07T08:00:41+00:00\" \/>\n<meta property=\"og:image\" content=\"https:\/\/shams-alyaoum.com\/fr\/wp-content\/uploads\/2022\/04\/images-5.jpg\" \/>\n\t<meta property=\"og:image:width\" content=\"299\" \/>\n\t<meta property=\"og:image:height\" content=\"169\" \/>\n\t<meta property=\"og:image:type\" content=\"image\/jpeg\" \/>\n<meta name=\"author\" content=\"shamsalyaoum\" \/>\n<meta name=\"twitter:card\" content=\"summary_large_image\" \/>\n<meta name=\"twitter:label1\" content=\"\u00c9crit par\" \/>\n\t<meta name=\"twitter:data1\" content=\"shamsalyaoum\" \/>\n\t<meta name=\"twitter:label2\" content=\"Dur\u00e9e de lecture estim\u00e9e\" \/>\n\t<meta name=\"twitter:data2\" content=\"1 minute\" \/>\n<script type=\"application\/ld+json\" class=\"yoast-schema-graph\">{\"@context\":\"https:\/\/schema.org\",\"@graph\":[{\"@type\":\"WebPage\",\"@id\":\"https:\/\/shams-alyaoum.com\/fr\/la-meteo-vents-forts-et-temperatures-en-baisse\/\",\"url\":\"https:\/\/shams-alyaoum.com\/fr\/la-meteo-vents-forts-et-temperatures-en-baisse\/\",\"name\":\"La M\u00e9t\u00e9o: Vents forts et temp\u00e9ratures en baisse - Magazine Shams Al Yaoum\",\"isPartOf\":{\"@id\":\"https:\/\/shams-alyaoum.com\/fr\/#website\"},\"primaryImageOfPage\":{\"@id\":\"https:\/\/shams-alyaoum.com\/fr\/la-meteo-vents-forts-et-temperatures-en-baisse\/#primaryimage\"},\"image\":{\"@id\":\"https:\/\/shams-alyaoum.com\/fr\/la-meteo-vents-forts-et-temperatures-en-baisse\/#primaryimage\"},\"thumbnailUrl\":\"https:\/\/shams-alyaoum.com\/fr\/wp-content\/uploads\/2022\/04\/images-5.jpg\",\"datePublished\":\"2022-04-07T08:00:40+00:00\",\"dateModified\":\"2022-04-07T08:00:41+00:00\",\"author\":{\"@id\":\"https:\/\/shams-alyaoum.com\/fr\/#\/schema\/person\/7b572f8c370a521e35112e88da52dce5\"},\"breadcrumb\":{\"@id\":\"https:\/\/shams-alyaoum.com\/fr\/la-meteo-vents-forts-et-temperatures-en-baisse\/#breadcrumb\"},\"inLanguage\":\"fr-FR\",\"potentialAction\":[{\"@type\":\"ReadAction\",\"target\":[\"https:\/\/shams-alyaoum.com\/fr\/la-meteo-vents-forts-et-temperatures-en-baisse\/\"]}]},{\"@type\":\"ImageObject\",\"inLanguage\":\"fr-FR\",\"@id\":\"https:\/\/shams-alyaoum.com\/fr\/la-meteo-vents-forts-et-temperatures-en-baisse\/#primaryimage\",\"url\":\"https:\/\/shams-alyaoum.com\/fr\/wp-content\/uploads\/2022\/04\/images-5.jpg\",\"contentUrl\":\"https:\/\/shams-alyaoum.com\/fr\/wp-content\/uploads\/2022\/04\/images-5.jpg\",\"width\":299,\"height\":169},{\"@type\":\"BreadcrumbList\",\"@id\":\"https:\/\/shams-alyaoum.com\/fr\/la-meteo-vents-forts-et-temperatures-en-baisse\/#breadcrumb\",\"itemListElement\":[{\"@type\":\"ListItem\",\"position\":1,\"name\":\"Accueil\",\"item\":\"https:\/\/shams-alyaoum.com\/fr\/\"},{\"@type\":\"ListItem\",\"position\":2,\"name\":\"La M\u00e9t\u00e9o: Vents forts et temp\u00e9ratures en baisse\"}]},{\"@type\":\"WebSite\",\"@id\":\"https:\/\/shams-alyaoum.com\/fr\/#website\",\"url\":\"https:\/\/shams-alyaoum.com\/fr\/\",\"name\":\"Magazine Shams Al Yaoum\",\"description\":\"\",\"potentialAction\":[{\"@type\":\"SearchAction\",\"target\":{\"@type\":\"EntryPoint\",\"urlTemplate\":\"https:\/\/shams-alyaoum.com\/fr\/?s={search_term_string}\"},\"query-input\":{\"@type\":\"PropertyValueSpecification\",\"valueRequired\":true,\"valueName\":\"search_term_string\"}}],\"inLanguage\":\"fr-FR\"},{\"@type\":\"Person\",\"@id\":\"https:\/\/shams-alyaoum.com\/fr\/#\/schema\/person\/7b572f8c370a521e35112e88da52dce5\",\"name\":\"shamsalyaoum\",\"image\":{\"@type\":\"ImageObject\",\"inLanguage\":\"fr-FR\",\"@id\":\"https:\/\/shams-alyaoum.com\/fr\/#\/schema\/person\/image\/\",\"url\":\"https:\/\/secure.gravatar.com\/avatar\/11774fd6260846ea4d3230345b47c868eaffb0fe76386b1a8b3cc24c8dc91f3d?s=96&d=mm&r=g\",\"contentUrl\":\"https:\/\/secure.gravatar.com\/avatar\/11774fd6260846ea4d3230345b47c868eaffb0fe76386b1a8b3cc24c8dc91f3d?s=96&d=mm&r=g\",\"caption\":\"shamsalyaoum\"},\"url\":\"https:\/\/shams-alyaoum.com\/fr\/author\/shamsalyaoum\/\"}]}<\/script>\n<!-- \/ Yoast SEO plugin. -->","yoast_head_json":{"title":"La M\u00e9t\u00e9o: Vents forts et temp\u00e9ratures en baisse - Magazine Shams Al Yaoum","robots":{"index":"index","follow":"follow","max-snippet":"max-snippet:-1","max-image-preview":"max-image-preview:large","max-video-preview":"max-video-preview:-1"},"canonical":"https:\/\/shams-alyaoum.com\/fr\/la-meteo-vents-forts-et-temperatures-en-baisse\/","og_locale":"fr_FR","og_type":"article","og_title":"La M\u00e9t\u00e9o: Vents forts et temp\u00e9ratures en baisse - Magazine Shams Al Yaoum","og_description":"Le temps sera demain, jeudi 7 avril 2022, caract\u00e9ris\u00e9 par quelques nuages sur la plupart des r\u00e9gions et qui seront plus abondants le matin au nord avec des pluies localement \u00e0 l&rsquo;extr\u00eame nord du pays. Le vent sera fort, entre 40 et 60 km\/h pr\u00e8s des c\u00f4tes et mod\u00e9r\u00e9 \u00e0 relativement fort, entre 20 et &hellip;","og_url":"https:\/\/shams-alyaoum.com\/fr\/la-meteo-vents-forts-et-temperatures-en-baisse\/","og_site_name":"Magazine Shams Al Yaoum","article_published_time":"2022-04-07T08:00:40+00:00","article_modified_time":"2022-04-07T08:00:41+00:00","og_image":[{"width":299,"height":169,"url":"https:\/\/shams-alyaoum.com\/fr\/wp-content\/uploads\/2022\/04\/images-5.jpg","type":"image\/jpeg"}],"author":"shamsalyaoum","twitter_card":"summary_large_image","twitter_misc":{"\u00c9crit par":"shamsalyaoum","Dur\u00e9e de lecture estim\u00e9e":"1 minute"},"schema":{"@context":"https:\/\/schema.org","@graph":[{"@type":"WebPage","@id":"https:\/\/shams-alyaoum.com\/fr\/la-meteo-vents-forts-et-temperatures-en-baisse\/","url":"https:\/\/shams-alyaoum.com\/fr\/la-meteo-vents-forts-et-temperatures-en-baisse\/","name":"La M\u00e9t\u00e9o: Vents forts et temp\u00e9ratures en baisse - Magazine Shams Al Yaoum","isPartOf":{"@id":"https:\/\/shams-alyaoum.com\/fr\/#website"},"primaryImageOfPage":{"@id":"https:\/\/shams-alyaoum.com\/fr\/la-meteo-vents-forts-et-temperatures-en-baisse\/#primaryimage"},"image":{"@id":"https:\/\/shams-alyaoum.com\/fr\/la-meteo-vents-forts-et-temperatures-en-baisse\/#primaryimage"},"thumbnailUrl":"https:\/\/shams-alyaoum.com\/fr\/wp-content\/uploads\/2022\/04\/images-5.jpg","datePublished":"2022-04-07T08:00:40+00:00","dateModified":"2022-04-07T08:00:41+00:00","author":{"@id":"https:\/\/shams-alyaoum.com\/fr\/#\/schema\/person\/7b572f8c370a521e35112e88da52dce5"},"breadcrumb":{"@id":"https:\/\/shams-alyaoum.com\/fr\/la-meteo-vents-forts-et-temperatures-en-baisse\/#breadcrumb"},"inLanguage":"fr-FR","potentialAction":[{"@type":"ReadAction","target":["https:\/\/shams-alyaoum.com\/fr\/la-meteo-vents-forts-et-temperatures-en-baisse\/"]}]},{"@type":"ImageObject","inLanguage":"fr-FR","@id":"https:\/\/shams-alyaoum.com\/fr\/la-meteo-vents-forts-et-temperatures-en-baisse\/#primaryimage","url":"https:\/\/shams-alyaoum.com\/fr\/wp-content\/uploads\/2022\/04\/images-5.jpg","contentUrl":"https:\/\/shams-alyaoum.com\/fr\/wp-content\/uploads\/2022\/04\/images-5.jpg","width":299,"height":169},{"@type":"BreadcrumbList","@id":"https:\/\/shams-alyaoum.com\/fr\/la-meteo-vents-forts-et-temperatures-en-baisse\/#breadcrumb","itemListElement":[{"@type":"ListItem","position":1,"name":"Accueil","item":"https:\/\/shams-alyaoum.com\/fr\/"},{"@type":"ListItem","position":2,"name":"La M\u00e9t\u00e9o: Vents forts et temp\u00e9ratures en baisse"}]},{"@type":"WebSite","@id":"https:\/\/shams-alyaoum.com\/fr\/#website","url":"https:\/\/shams-alyaoum.com\/fr\/","name":"Magazine Shams Al Yaoum","description":"","potentialAction":[{"@type":"SearchAction","target":{"@type":"EntryPoint","urlTemplate":"https:\/\/shams-alyaoum.com\/fr\/?s={search_term_string}"},"query-input":{"@type":"PropertyValueSpecification","valueRequired":true,"valueName":"search_term_string"}}],"inLanguage":"fr-FR"},{"@type":"Person","@id":"https:\/\/shams-alyaoum.com\/fr\/#\/schema\/person\/7b572f8c370a521e35112e88da52dce5","name":"shamsalyaoum","image":{"@type":"ImageObject","inLanguage":"fr-FR","@id":"https:\/\/shams-alyaoum.com\/fr\/#\/schema\/person\/image\/","url":"https:\/\/secure.gravatar.com\/avatar\/11774fd6260846ea4d3230345b47c868eaffb0fe76386b1a8b3cc24c8dc91f3d?s=96&d=mm&r=g","contentUrl":"https:\/\/secure.gravatar.com\/avatar\/11774fd6260846ea4d3230345b47c868eaffb0fe76386b1a8b3cc24c8dc91f3d?s=96&d=mm&r=g","caption":"shamsalyaoum"},"url":"https:\/\/shams-alyaoum.com\/fr\/author\/shamsalyaoum\/"}]}},"_links":{"self":[{"href":"https:\/\/shams-alyaoum.com\/fr\/wp-json\/wp\/v2\/posts\/3014","targetHints":{"allow":["GET"]}}],"collection":[{"href":"https:\/\/shams-alyaoum.com\/fr\/wp-json\/wp\/v2\/posts"}],"about":[{"href":"https:\/\/shams-alyaoum.com\/fr\/wp-json\/wp\/v2\/types\/post"}],"author":[{"embeddable":true,"href":"https:\/\/shams-alyaoum.com\/fr\/wp-json\/wp\/v2\/users\/2"}],"replies":[{"embeddable":true,"href":"https:\/\/shams-alyaoum.com\/fr\/wp-json\/wp\/v2\/comments?post=3014"}],"version-history":[{"count":1,"href":"https:\/\/shams-alyaoum.com\/fr\/wp-json\/wp\/v2\/posts\/3014\/revisions"}],"predecessor-version":[{"id":3016,"href":"https:\/\/shams-alyaoum.com\/fr\/wp-json\/wp\/v2\/posts\/3014\/revisions\/3016"}],"wp:featuredmedia":[{"embeddable":true,"href":"https:\/\/shams-alyaoum.com\/fr\/wp-json\/wp\/v2\/media\/3015"}],"wp:attachment":[{"href":"https:\/\/shams-alyaoum.com\/fr\/wp-json\/wp\/v2\/media?parent=3014"}],"wp:term":[{"taxonomy":"category","embeddable":true,"href":"https:\/\/shams-alyaoum.com\/fr\/wp-json\/wp\/v2\/categories?post=3014"},{"taxonomy":"post_tag","embeddable":true,"href":"https:\/\/shams-alyaoum.com\/fr\/wp-json\/wp\/v2\/tags?post=3014"}],"curies":[{"name":"wp","href":"https:\/\/api.w.org\/{rel}","templated":true}]}}