{"id":2472,"date":"2022-03-24T17:06:39","date_gmt":"2022-03-24T16:06:39","guid":{"rendered":"https:\/\/shams-alyaoum.com\/fr\/?p=2472"},"modified":"2022-03-24T17:06:40","modified_gmt":"2022-03-24T16:06:40","slug":"le-ministre-de-la-sante-participe-a-la-56e-session-ordinaire-du-conseil-des-ministres-arabes-de-la-sante","status":"publish","type":"post","link":"https:\/\/shams-alyaoum.com\/fr\/le-ministre-de-la-sante-participe-a-la-56e-session-ordinaire-du-conseil-des-ministres-arabes-de-la-sante\/","title":{"rendered":"Le ministre de la sant\u00e9 participe \u00e0 la 56e session ordinaire du Conseil des ministres arabes de la Sant\u00e9"},"content":{"rendered":"\n<p>Le ministre tunisien de la Sant\u00e9, Ali Mrabet, a particip\u00e9 aux r\u00e9unions du Bureau ex\u00e9cutif et \u00e0 la 56e session ordinaire du Conseil des ministres arabes de la Sant\u00e9, tenues les 23 et 24 mars 2022 au si\u00e8ge du Secr\u00e9tariat g\u00e9n\u00e9ral de la Ligue des Etats arabes au Caire en \u00c9gypte, selon un communiqu\u00e9 rendu public sur la page officiel du minist\u00e8re.<\/p>\n\n\n\n<p>Le ministre de la Sant\u00e9 a prononc\u00e9 le discours de la Tunisie en sa qualit\u00e9 de pr\u00e9sidente de la pr\u00e9c\u00e9dente session du Conseil des ministres arabes de la Sant\u00e9 et a remis la pr\u00e9sidence de la session actuelle \u00e0 son homologue alg\u00e9rien, lui souhaitant plein succ\u00e8s pour la prise de ses fonctions.<\/p>\n\n\n\n<p>Il a \u00e9galement soulign\u00e9 la n\u00e9cessit\u00e9 de mettre en place une strat\u00e9gie arabe visant \u00e0 am\u00e9liorer la qualit\u00e9 des services de sant\u00e9 et \u00e0 atteindre la couverture sanitaire globale, en adoptant des mesures conjointes \u00e0 m\u00eame de promouvoir la gouvernance du syst\u00e8me de couverture sanitaire dans les pays arabes et ce, en coordination avec des partenaires internationaux tels que le Bureau r\u00e9gional de l&rsquo;Organisation mondiale de la sant\u00e9 (OMS) pour la M\u00e9diterran\u00e9e orientale et le Fonds des Nations Unies pour la population.<\/p>\n","protected":false},"excerpt":{"rendered":"<p>Le ministre tunisien de la Sant\u00e9, Ali Mrabet, a particip\u00e9 aux r\u00e9unions du Bureau ex\u00e9cutif et \u00e0 la 56e session ordinaire du Conseil des ministres arabes de la Sant\u00e9, tenues les 23 et 24 mars 2022 au si\u00e8ge du Secr\u00e9tariat g\u00e9n\u00e9ral de la Ligue des Etats arabes au Caire en \u00c9gypte, selon un communiqu\u00e9 rendu &hellip;<\/p>\n","protected":false},"author":2,"featured_media":2473,"comment_status":"closed","ping_status":"open","sticky":false,"template":"","format":"standard","meta":{"footnotes":""},"categories":[20,14],"tags":[],"class_list":["post-2472","post","type-post","status-publish","format-standard","has-post-thumbnail","hentry","category-sante","category-tunisie"],"yoast_head":"<!-- This site is optimized with the Yoast SEO plugin v26.3 - https:\/\/yoast.com\/wordpress\/plugins\/seo\/ -->\n<title>Le ministre de la sant\u00e9 participe \u00e0 la 56e session ordinaire du Conseil des ministres arabes de la Sant\u00e9 - Magazine Shams Al Yaoum<\/title>\n<meta name=\"robots\" content=\"index, follow, max-snippet:-1, max-image-preview:large, max-video-preview:-1\" \/>\n<link rel=\"canonical\" href=\"https:\/\/shams-alyaoum.com\/fr\/le-ministre-de-la-sante-participe-a-la-56e-session-ordinaire-du-conseil-des-ministres-arabes-de-la-sante\/\" \/>\n<meta property=\"og:locale\" content=\"fr_FR\" \/>\n<meta property=\"og:type\" content=\"article\" \/>\n<meta property=\"og:title\" content=\"Le ministre de la sant\u00e9 participe \u00e0 la 56e session ordinaire du Conseil des ministres arabes de la Sant\u00e9 - Magazine Shams Al Yaoum\" \/>\n<meta property=\"og:description\" content=\"Le ministre tunisien de la Sant\u00e9, Ali Mrabet, a particip\u00e9 aux r\u00e9unions du Bureau ex\u00e9cutif et \u00e0 la 56e session ordinaire du Conseil des ministres arabes de la Sant\u00e9, tenues les 23 et 24 mars 2022 au si\u00e8ge du Secr\u00e9tariat g\u00e9n\u00e9ral de la Ligue des Etats arabes au Caire en \u00c9gypte, selon un communiqu\u00e9 rendu &hellip;\" \/>\n<meta property=\"og:url\" content=\"https:\/\/shams-alyaoum.com\/fr\/le-ministre-de-la-sante-participe-a-la-56e-session-ordinaire-du-conseil-des-ministres-arabes-de-la-sante\/\" \/>\n<meta property=\"og:site_name\" content=\"Magazine Shams Al Yaoum\" \/>\n<meta property=\"article:published_time\" content=\"2022-03-24T16:06:39+00:00\" \/>\n<meta property=\"article:modified_time\" content=\"2022-03-24T16:06:40+00:00\" \/>\n<meta property=\"og:image\" content=\"https:\/\/shams-alyaoum.com\/fr\/wp-content\/uploads\/2022\/03\/276036202_341082578062211_2478435213049409390_n.jpg\" \/>\n\t<meta property=\"og:image:width\" content=\"1024\" \/>\n\t<meta property=\"og:image:height\" content=\"682\" \/>\n\t<meta property=\"og:image:type\" content=\"image\/jpeg\" \/>\n<meta name=\"author\" content=\"shamsalyaoum\" \/>\n<meta name=\"twitter:card\" content=\"summary_large_image\" \/>\n<meta name=\"twitter:label1\" content=\"\u00c9crit par\" \/>\n\t<meta name=\"twitter:data1\" content=\"shamsalyaoum\" \/>\n\t<meta name=\"twitter:label2\" content=\"Dur\u00e9e de lecture estim\u00e9e\" \/>\n\t<meta name=\"twitter:data2\" content=\"1 minute\" \/>\n<script type=\"application\/ld+json\" class=\"yoast-schema-graph\">{\"@context\":\"https:\/\/schema.org\",\"@graph\":[{\"@type\":\"WebPage\",\"@id\":\"https:\/\/shams-alyaoum.com\/fr\/le-ministre-de-la-sante-participe-a-la-56e-session-ordinaire-du-conseil-des-ministres-arabes-de-la-sante\/\",\"url\":\"https:\/\/shams-alyaoum.com\/fr\/le-ministre-de-la-sante-participe-a-la-56e-session-ordinaire-du-conseil-des-ministres-arabes-de-la-sante\/\",\"name\":\"Le ministre de la sant\u00e9 participe \u00e0 la 56e session ordinaire du Conseil des ministres arabes de la Sant\u00e9 - Magazine Shams Al Yaoum\",\"isPartOf\":{\"@id\":\"https:\/\/shams-alyaoum.com\/fr\/#website\"},\"primaryImageOfPage\":{\"@id\":\"https:\/\/shams-alyaoum.com\/fr\/le-ministre-de-la-sante-participe-a-la-56e-session-ordinaire-du-conseil-des-ministres-arabes-de-la-sante\/#primaryimage\"},\"image\":{\"@id\":\"https:\/\/shams-alyaoum.com\/fr\/le-ministre-de-la-sante-participe-a-la-56e-session-ordinaire-du-conseil-des-ministres-arabes-de-la-sante\/#primaryimage\"},\"thumbnailUrl\":\"https:\/\/shams-alyaoum.com\/fr\/wp-content\/uploads\/2022\/03\/276036202_341082578062211_2478435213049409390_n.jpg\",\"datePublished\":\"2022-03-24T16:06:39+00:00\",\"dateModified\":\"2022-03-24T16:06:40+00:00\",\"author\":{\"@id\":\"https:\/\/shams-alyaoum.com\/fr\/#\/schema\/person\/7b572f8c370a521e35112e88da52dce5\"},\"breadcrumb\":{\"@id\":\"https:\/\/shams-alyaoum.com\/fr\/le-ministre-de-la-sante-participe-a-la-56e-session-ordinaire-du-conseil-des-ministres-arabes-de-la-sante\/#breadcrumb\"},\"inLanguage\":\"fr-FR\",\"potentialAction\":[{\"@type\":\"ReadAction\",\"target\":[\"https:\/\/shams-alyaoum.com\/fr\/le-ministre-de-la-sante-participe-a-la-56e-session-ordinaire-du-conseil-des-ministres-arabes-de-la-sante\/\"]}]},{\"@type\":\"ImageObject\",\"inLanguage\":\"fr-FR\",\"@id\":\"https:\/\/shams-alyaoum.com\/fr\/le-ministre-de-la-sante-participe-a-la-56e-session-ordinaire-du-conseil-des-ministres-arabes-de-la-sante\/#primaryimage\",\"url\":\"https:\/\/shams-alyaoum.com\/fr\/wp-content\/uploads\/2022\/03\/276036202_341082578062211_2478435213049409390_n.jpg\",\"contentUrl\":\"https:\/\/shams-alyaoum.com\/fr\/wp-content\/uploads\/2022\/03\/276036202_341082578062211_2478435213049409390_n.jpg\",\"width\":1024,\"height\":682},{\"@type\":\"BreadcrumbList\",\"@id\":\"https:\/\/shams-alyaoum.com\/fr\/le-ministre-de-la-sante-participe-a-la-56e-session-ordinaire-du-conseil-des-ministres-arabes-de-la-sante\/#breadcrumb\",\"itemListElement\":[{\"@type\":\"ListItem\",\"position\":1,\"name\":\"Accueil\",\"item\":\"https:\/\/shams-alyaoum.com\/fr\/\"},{\"@type\":\"ListItem\",\"position\":2,\"name\":\"Le ministre de la sant\u00e9 participe \u00e0 la 56e session ordinaire du Conseil des ministres arabes de la Sant\u00e9\"}]},{\"@type\":\"WebSite\",\"@id\":\"https:\/\/shams-alyaoum.com\/fr\/#website\",\"url\":\"https:\/\/shams-alyaoum.com\/fr\/\",\"name\":\"Magazine Shams Al Yaoum\",\"description\":\"\",\"potentialAction\":[{\"@type\":\"SearchAction\",\"target\":{\"@type\":\"EntryPoint\",\"urlTemplate\":\"https:\/\/shams-alyaoum.com\/fr\/?s={search_term_string}\"},\"query-input\":{\"@type\":\"PropertyValueSpecification\",\"valueRequired\":true,\"valueName\":\"search_term_string\"}}],\"inLanguage\":\"fr-FR\"},{\"@type\":\"Person\",\"@id\":\"https:\/\/shams-alyaoum.com\/fr\/#\/schema\/person\/7b572f8c370a521e35112e88da52dce5\",\"name\":\"shamsalyaoum\",\"image\":{\"@type\":\"ImageObject\",\"inLanguage\":\"fr-FR\",\"@id\":\"https:\/\/shams-alyaoum.com\/fr\/#\/schema\/person\/image\/\",\"url\":\"https:\/\/secure.gravatar.com\/avatar\/11774fd6260846ea4d3230345b47c868eaffb0fe76386b1a8b3cc24c8dc91f3d?s=96&d=mm&r=g\",\"contentUrl\":\"https:\/\/secure.gravatar.com\/avatar\/11774fd6260846ea4d3230345b47c868eaffb0fe76386b1a8b3cc24c8dc91f3d?s=96&d=mm&r=g\",\"caption\":\"shamsalyaoum\"},\"url\":\"https:\/\/shams-alyaoum.com\/fr\/author\/shamsalyaoum\/\"}]}<\/script>\n<!-- \/ Yoast SEO plugin. -->","yoast_head_json":{"title":"Le ministre de la sant\u00e9 participe \u00e0 la 56e session ordinaire du Conseil des ministres arabes de la Sant\u00e9 - Magazine Shams Al Yaoum","robots":{"index":"index","follow":"follow","max-snippet":"max-snippet:-1","max-image-preview":"max-image-preview:large","max-video-preview":"max-video-preview:-1"},"canonical":"https:\/\/shams-alyaoum.com\/fr\/le-ministre-de-la-sante-participe-a-la-56e-session-ordinaire-du-conseil-des-ministres-arabes-de-la-sante\/","og_locale":"fr_FR","og_type":"article","og_title":"Le ministre de la sant\u00e9 participe \u00e0 la 56e session ordinaire du Conseil des ministres arabes de la Sant\u00e9 - Magazine Shams Al Yaoum","og_description":"Le ministre tunisien de la Sant\u00e9, Ali Mrabet, a particip\u00e9 aux r\u00e9unions du Bureau ex\u00e9cutif et \u00e0 la 56e session ordinaire du Conseil des ministres arabes de la Sant\u00e9, tenues les 23 et 24 mars 2022 au si\u00e8ge du Secr\u00e9tariat g\u00e9n\u00e9ral de la Ligue des Etats arabes au Caire en \u00c9gypte, selon un communiqu\u00e9 rendu &hellip;","og_url":"https:\/\/shams-alyaoum.com\/fr\/le-ministre-de-la-sante-participe-a-la-56e-session-ordinaire-du-conseil-des-ministres-arabes-de-la-sante\/","og_site_name":"Magazine Shams Al Yaoum","article_published_time":"2022-03-24T16:06:39+00:00","article_modified_time":"2022-03-24T16:06:40+00:00","og_image":[{"width":1024,"height":682,"url":"https:\/\/shams-alyaoum.com\/fr\/wp-content\/uploads\/2022\/03\/276036202_341082578062211_2478435213049409390_n.jpg","type":"image\/jpeg"}],"author":"shamsalyaoum","twitter_card":"summary_large_image","twitter_misc":{"\u00c9crit par":"shamsalyaoum","Dur\u00e9e de lecture estim\u00e9e":"1 minute"},"schema":{"@context":"https:\/\/schema.org","@graph":[{"@type":"WebPage","@id":"https:\/\/shams-alyaoum.com\/fr\/le-ministre-de-la-sante-participe-a-la-56e-session-ordinaire-du-conseil-des-ministres-arabes-de-la-sante\/","url":"https:\/\/shams-alyaoum.com\/fr\/le-ministre-de-la-sante-participe-a-la-56e-session-ordinaire-du-conseil-des-ministres-arabes-de-la-sante\/","name":"Le ministre de la sant\u00e9 participe \u00e0 la 56e session ordinaire du Conseil des ministres arabes de la Sant\u00e9 - Magazine Shams Al Yaoum","isPartOf":{"@id":"https:\/\/shams-alyaoum.com\/fr\/#website"},"primaryImageOfPage":{"@id":"https:\/\/shams-alyaoum.com\/fr\/le-ministre-de-la-sante-participe-a-la-56e-session-ordinaire-du-conseil-des-ministres-arabes-de-la-sante\/#primaryimage"},"image":{"@id":"https:\/\/shams-alyaoum.com\/fr\/le-ministre-de-la-sante-participe-a-la-56e-session-ordinaire-du-conseil-des-ministres-arabes-de-la-sante\/#primaryimage"},"thumbnailUrl":"https:\/\/shams-alyaoum.com\/fr\/wp-content\/uploads\/2022\/03\/276036202_341082578062211_2478435213049409390_n.jpg","datePublished":"2022-03-24T16:06:39+00:00","dateModified":"2022-03-24T16:06:40+00:00","author":{"@id":"https:\/\/shams-alyaoum.com\/fr\/#\/schema\/person\/7b572f8c370a521e35112e88da52dce5"},"breadcrumb":{"@id":"https:\/\/shams-alyaoum.com\/fr\/le-ministre-de-la-sante-participe-a-la-56e-session-ordinaire-du-conseil-des-ministres-arabes-de-la-sante\/#breadcrumb"},"inLanguage":"fr-FR","potentialAction":[{"@type":"ReadAction","target":["https:\/\/shams-alyaoum.com\/fr\/le-ministre-de-la-sante-participe-a-la-56e-session-ordinaire-du-conseil-des-ministres-arabes-de-la-sante\/"]}]},{"@type":"ImageObject","inLanguage":"fr-FR","@id":"https:\/\/shams-alyaoum.com\/fr\/le-ministre-de-la-sante-participe-a-la-56e-session-ordinaire-du-conseil-des-ministres-arabes-de-la-sante\/#primaryimage","url":"https:\/\/shams-alyaoum.com\/fr\/wp-content\/uploads\/2022\/03\/276036202_341082578062211_2478435213049409390_n.jpg","contentUrl":"https:\/\/shams-alyaoum.com\/fr\/wp-content\/uploads\/2022\/03\/276036202_341082578062211_2478435213049409390_n.jpg","width":1024,"height":682},{"@type":"BreadcrumbList","@id":"https:\/\/shams-alyaoum.com\/fr\/le-ministre-de-la-sante-participe-a-la-56e-session-ordinaire-du-conseil-des-ministres-arabes-de-la-sante\/#breadcrumb","itemListElement":[{"@type":"ListItem","position":1,"name":"Accueil","item":"https:\/\/shams-alyaoum.com\/fr\/"},{"@type":"ListItem","position":2,"name":"Le ministre de la sant\u00e9 participe \u00e0 la 56e session ordinaire du Conseil des ministres arabes de la Sant\u00e9"}]},{"@type":"WebSite","@id":"https:\/\/shams-alyaoum.com\/fr\/#website","url":"https:\/\/shams-alyaoum.com\/fr\/","name":"Magazine Shams Al Yaoum","description":"","potentialAction":[{"@type":"SearchAction","target":{"@type":"EntryPoint","urlTemplate":"https:\/\/shams-alyaoum.com\/fr\/?s={search_term_string}"},"query-input":{"@type":"PropertyValueSpecification","valueRequired":true,"valueName":"search_term_string"}}],"inLanguage":"fr-FR"},{"@type":"Person","@id":"https:\/\/shams-alyaoum.com\/fr\/#\/schema\/person\/7b572f8c370a521e35112e88da52dce5","name":"shamsalyaoum","image":{"@type":"ImageObject","inLanguage":"fr-FR","@id":"https:\/\/shams-alyaoum.com\/fr\/#\/schema\/person\/image\/","url":"https:\/\/secure.gravatar.com\/avatar\/11774fd6260846ea4d3230345b47c868eaffb0fe76386b1a8b3cc24c8dc91f3d?s=96&d=mm&r=g","contentUrl":"https:\/\/secure.gravatar.com\/avatar\/11774fd6260846ea4d3230345b47c868eaffb0fe76386b1a8b3cc24c8dc91f3d?s=96&d=mm&r=g","caption":"shamsalyaoum"},"url":"https:\/\/shams-alyaoum.com\/fr\/author\/shamsalyaoum\/"}]}},"_links":{"self":[{"href":"https:\/\/shams-alyaoum.com\/fr\/wp-json\/wp\/v2\/posts\/2472","targetHints":{"allow":["GET"]}}],"collection":[{"href":"https:\/\/shams-alyaoum.com\/fr\/wp-json\/wp\/v2\/posts"}],"about":[{"href":"https:\/\/shams-alyaoum.com\/fr\/wp-json\/wp\/v2\/types\/post"}],"author":[{"embeddable":true,"href":"https:\/\/shams-alyaoum.com\/fr\/wp-json\/wp\/v2\/users\/2"}],"replies":[{"embeddable":true,"href":"https:\/\/shams-alyaoum.com\/fr\/wp-json\/wp\/v2\/comments?post=2472"}],"version-history":[{"count":1,"href":"https:\/\/shams-alyaoum.com\/fr\/wp-json\/wp\/v2\/posts\/2472\/revisions"}],"predecessor-version":[{"id":2474,"href":"https:\/\/shams-alyaoum.com\/fr\/wp-json\/wp\/v2\/posts\/2472\/revisions\/2474"}],"wp:featuredmedia":[{"embeddable":true,"href":"https:\/\/shams-alyaoum.com\/fr\/wp-json\/wp\/v2\/media\/2473"}],"wp:attachment":[{"href":"https:\/\/shams-alyaoum.com\/fr\/wp-json\/wp\/v2\/media?parent=2472"}],"wp:term":[{"taxonomy":"category","embeddable":true,"href":"https:\/\/shams-alyaoum.com\/fr\/wp-json\/wp\/v2\/categories?post=2472"},{"taxonomy":"post_tag","embeddable":true,"href":"https:\/\/shams-alyaoum.com\/fr\/wp-json\/wp\/v2\/tags?post=2472"}],"curies":[{"name":"wp","href":"https:\/\/api.w.org\/{rel}","templated":true}]}}