{"id":2391,"date":"2022-03-22T13:05:09","date_gmt":"2022-03-22T12:05:09","guid":{"rendered":"https:\/\/shams-alyaoum.com\/fr\/?p=2391"},"modified":"2022-03-22T13:05:10","modified_gmt":"2022-03-22T12:05:10","slug":"jerandi-sentretient-avec-son-homologue-pakistanais-a-islamabad","status":"publish","type":"post","link":"https:\/\/shams-alyaoum.com\/fr\/jerandi-sentretient-avec-son-homologue-pakistanais-a-islamabad\/","title":{"rendered":"Jerandi s\u2019entretient avec son homologue pakistanais \u00e0 Islamabad"},"content":{"rendered":"\n<p>Le ministre des Affaires \u00e9trang\u00e8res, de la Migration et des Tunisiens \u00e0 l\u2019\u00e9tranger, Othmane Jerandi, s\u2019est entretenu avec son homologue pakistanais, Shah Mehmood Qureshi, en marge de sa participation aux travaux de la 48e session ordinaire du Conseil des ministres des Affaires \u00e9trang\u00e8res de l\u2019Organisation de la coop\u00e9ration islamique (OCI), qui se tient les 22 et 23 mars \u00e0 Islamabad.<\/p>\n\n\n\n<p>L\u2019entretien a port\u00e9 sur les relations bilat\u00e9rales entre les deux pays et les moyens de les hisser aux plus hauts niveaux \u00e0 l\u2019horizon des prochaines \u00e9ch\u00e9ances bilat\u00e9rales, notamment la Commission mixte tuniso-pakistanaise, indique un communiqu\u00e9 du d\u00e9partement des Affaires \u00e9trang\u00e8res.<\/p>\n\n\n\n<p>Les deux ministres ont soulign\u00e9, dans ce contexte, la n\u00e9cessit\u00e9 de bien pr\u00e9parer ces \u00e9ch\u00e9ances et de finaliser les projets d\u2019accords dans les meilleurs d\u00e9lais, dont principalement l\u2019accord commercial pr\u00e9f\u00e9rentiel.<\/p>\n\n\n\n<p>Ils ont \u00e9galement pass\u00e9 en revue les questions r\u00e9gionales de l\u2019heure, dont celles inscrites \u00e0 l\u2019ordre du jour du Conseil des ministres des Affaires \u00e9trang\u00e8res de l\u2019OCI, les derniers d\u00e9veloppements sur la sc\u00e8ne internationale et leurs r\u00e9percussions sur les pays islamiques.<\/p>\n\n\n\n<p>S\u2019agissant de la promotion de l\u2019action islamique commune, les deux parties ont insist\u00e9 sur l\u2019importance de rationaliser le travail de l\u2019OCI et de se concentrer sur la consolidation de la coop\u00e9ration entre ses membres dans tous les domaines, et en particulier en mati\u00e8re d\u2019\u00e9conomie et de d\u00e9veloppement, \u00e0 la lumi\u00e8re notamment des r\u00e9percussions de la pand\u00e9mie de Covid-19 qui a d\u00e9montr\u00e9 l\u2019importance de la solidarit\u00e9 internationale.<\/p>\n\n\n\n<p>Le ministre pakistanais des Affaires \u00e9trang\u00e8res a salu\u00e9 le r\u00f4le sage du pr\u00e9sident de la R\u00e9publique Ka\u00efs Sa\u00efed et son soutien \u00e0 la s\u00e9curit\u00e9 et \u00e0 la stabilit\u00e9 des pays de l\u2019Afrique du Nord.<\/p>\n\n\n\n<p>Il s\u2019est \u00e9galement f\u00e9licit\u00e9 du r\u00f4le rassembleur de la Tunisie lors de son mandat au Conseil de s\u00e9curit\u00e9 de l\u2019ONU et sa d\u00e9fense des dossiers r\u00e9gionaux et des questions de paix et de s\u00e9curit\u00e9 tant au niveau r\u00e9gional qu\u2019international.<\/p>\n\n\n\n<p>TAP<\/p>\n","protected":false},"excerpt":{"rendered":"<p>Le ministre des Affaires \u00e9trang\u00e8res, de la Migration et des Tunisiens \u00e0 l\u2019\u00e9tranger, Othmane Jerandi, s\u2019est entretenu avec son homologue pakistanais, Shah Mehmood Qureshi, en marge de sa participation aux travaux de la 48e session ordinaire du Conseil des ministres des Affaires \u00e9trang\u00e8res de l\u2019Organisation de la coop\u00e9ration islamique (OCI), qui se tient les 22 &hellip;<\/p>\n","protected":false},"author":2,"featured_media":2392,"comment_status":"closed","ping_status":"open","sticky":false,"template":"","format":"standard","meta":{"footnotes":""},"categories":[2,14],"tags":[231,232,121,134],"class_list":["post-2391","post","type-post","status-publish","format-standard","has-post-thumbnail","hentry","category-news","category-tunisie","tag-conseil-des-ministres-des-affaires-etrangeres","tag-lorganisation-de-la-cooperation-islamique","tag-ministere-des-affaires-etrangeres","tag-pakistan"],"yoast_head":"<!-- This site is optimized with the Yoast SEO plugin v26.3 - https:\/\/yoast.com\/wordpress\/plugins\/seo\/ -->\n<title>Jerandi s\u2019entretient avec son homologue pakistanais \u00e0 Islamabad - Magazine Shams Al Yaoum<\/title>\n<meta name=\"robots\" content=\"index, follow, max-snippet:-1, max-image-preview:large, max-video-preview:-1\" \/>\n<link rel=\"canonical\" href=\"https:\/\/shams-alyaoum.com\/fr\/jerandi-sentretient-avec-son-homologue-pakistanais-a-islamabad\/\" \/>\n<meta property=\"og:locale\" content=\"fr_FR\" \/>\n<meta property=\"og:type\" content=\"article\" \/>\n<meta property=\"og:title\" content=\"Jerandi s\u2019entretient avec son homologue pakistanais \u00e0 Islamabad - Magazine Shams Al Yaoum\" \/>\n<meta property=\"og:description\" content=\"Le ministre des Affaires \u00e9trang\u00e8res, de la Migration et des Tunisiens \u00e0 l\u2019\u00e9tranger, Othmane Jerandi, s\u2019est entretenu avec son homologue pakistanais, Shah Mehmood Qureshi, en marge de sa participation aux travaux de la 48e session ordinaire du Conseil des ministres des Affaires \u00e9trang\u00e8res de l\u2019Organisation de la coop\u00e9ration islamique (OCI), qui se tient les 22 &hellip;\" \/>\n<meta property=\"og:url\" content=\"https:\/\/shams-alyaoum.com\/fr\/jerandi-sentretient-avec-son-homologue-pakistanais-a-islamabad\/\" \/>\n<meta property=\"og:site_name\" content=\"Magazine Shams Al Yaoum\" \/>\n<meta property=\"article:published_time\" content=\"2022-03-22T12:05:09+00:00\" \/>\n<meta property=\"article:modified_time\" content=\"2022-03-22T12:05:10+00:00\" \/>\n<meta property=\"og:image\" content=\"https:\/\/shams-alyaoum.com\/fr\/wp-content\/uploads\/2022\/03\/cache_660x660_Analog_medium_15017778_70982_22032022.jpg\" \/>\n\t<meta property=\"og:image:width\" content=\"660\" \/>\n\t<meta property=\"og:image:height\" content=\"438\" \/>\n\t<meta property=\"og:image:type\" content=\"image\/jpeg\" \/>\n<meta name=\"author\" content=\"shamsalyaoum\" \/>\n<meta name=\"twitter:card\" content=\"summary_large_image\" \/>\n<meta name=\"twitter:label1\" content=\"\u00c9crit par\" \/>\n\t<meta name=\"twitter:data1\" content=\"shamsalyaoum\" \/>\n\t<meta name=\"twitter:label2\" content=\"Dur\u00e9e de lecture estim\u00e9e\" \/>\n\t<meta name=\"twitter:data2\" content=\"2 minutes\" \/>\n<script type=\"application\/ld+json\" class=\"yoast-schema-graph\">{\"@context\":\"https:\/\/schema.org\",\"@graph\":[{\"@type\":\"WebPage\",\"@id\":\"https:\/\/shams-alyaoum.com\/fr\/jerandi-sentretient-avec-son-homologue-pakistanais-a-islamabad\/\",\"url\":\"https:\/\/shams-alyaoum.com\/fr\/jerandi-sentretient-avec-son-homologue-pakistanais-a-islamabad\/\",\"name\":\"Jerandi s\u2019entretient avec son homologue pakistanais \u00e0 Islamabad - Magazine Shams Al Yaoum\",\"isPartOf\":{\"@id\":\"https:\/\/shams-alyaoum.com\/fr\/#website\"},\"primaryImageOfPage\":{\"@id\":\"https:\/\/shams-alyaoum.com\/fr\/jerandi-sentretient-avec-son-homologue-pakistanais-a-islamabad\/#primaryimage\"},\"image\":{\"@id\":\"https:\/\/shams-alyaoum.com\/fr\/jerandi-sentretient-avec-son-homologue-pakistanais-a-islamabad\/#primaryimage\"},\"thumbnailUrl\":\"https:\/\/shams-alyaoum.com\/fr\/wp-content\/uploads\/2022\/03\/cache_660x660_Analog_medium_15017778_70982_22032022.jpg\",\"datePublished\":\"2022-03-22T12:05:09+00:00\",\"dateModified\":\"2022-03-22T12:05:10+00:00\",\"author\":{\"@id\":\"https:\/\/shams-alyaoum.com\/fr\/#\/schema\/person\/7b572f8c370a521e35112e88da52dce5\"},\"breadcrumb\":{\"@id\":\"https:\/\/shams-alyaoum.com\/fr\/jerandi-sentretient-avec-son-homologue-pakistanais-a-islamabad\/#breadcrumb\"},\"inLanguage\":\"fr-FR\",\"potentialAction\":[{\"@type\":\"ReadAction\",\"target\":[\"https:\/\/shams-alyaoum.com\/fr\/jerandi-sentretient-avec-son-homologue-pakistanais-a-islamabad\/\"]}]},{\"@type\":\"ImageObject\",\"inLanguage\":\"fr-FR\",\"@id\":\"https:\/\/shams-alyaoum.com\/fr\/jerandi-sentretient-avec-son-homologue-pakistanais-a-islamabad\/#primaryimage\",\"url\":\"https:\/\/shams-alyaoum.com\/fr\/wp-content\/uploads\/2022\/03\/cache_660x660_Analog_medium_15017778_70982_22032022.jpg\",\"contentUrl\":\"https:\/\/shams-alyaoum.com\/fr\/wp-content\/uploads\/2022\/03\/cache_660x660_Analog_medium_15017778_70982_22032022.jpg\",\"width\":660,\"height\":438},{\"@type\":\"BreadcrumbList\",\"@id\":\"https:\/\/shams-alyaoum.com\/fr\/jerandi-sentretient-avec-son-homologue-pakistanais-a-islamabad\/#breadcrumb\",\"itemListElement\":[{\"@type\":\"ListItem\",\"position\":1,\"name\":\"Accueil\",\"item\":\"https:\/\/shams-alyaoum.com\/fr\/\"},{\"@type\":\"ListItem\",\"position\":2,\"name\":\"Jerandi s\u2019entretient avec son homologue pakistanais \u00e0 Islamabad\"}]},{\"@type\":\"WebSite\",\"@id\":\"https:\/\/shams-alyaoum.com\/fr\/#website\",\"url\":\"https:\/\/shams-alyaoum.com\/fr\/\",\"name\":\"Magazine Shams Al Yaoum\",\"description\":\"\",\"potentialAction\":[{\"@type\":\"SearchAction\",\"target\":{\"@type\":\"EntryPoint\",\"urlTemplate\":\"https:\/\/shams-alyaoum.com\/fr\/?s={search_term_string}\"},\"query-input\":{\"@type\":\"PropertyValueSpecification\",\"valueRequired\":true,\"valueName\":\"search_term_string\"}}],\"inLanguage\":\"fr-FR\"},{\"@type\":\"Person\",\"@id\":\"https:\/\/shams-alyaoum.com\/fr\/#\/schema\/person\/7b572f8c370a521e35112e88da52dce5\",\"name\":\"shamsalyaoum\",\"image\":{\"@type\":\"ImageObject\",\"inLanguage\":\"fr-FR\",\"@id\":\"https:\/\/shams-alyaoum.com\/fr\/#\/schema\/person\/image\/\",\"url\":\"https:\/\/secure.gravatar.com\/avatar\/11774fd6260846ea4d3230345b47c868eaffb0fe76386b1a8b3cc24c8dc91f3d?s=96&d=mm&r=g\",\"contentUrl\":\"https:\/\/secure.gravatar.com\/avatar\/11774fd6260846ea4d3230345b47c868eaffb0fe76386b1a8b3cc24c8dc91f3d?s=96&d=mm&r=g\",\"caption\":\"shamsalyaoum\"},\"url\":\"https:\/\/shams-alyaoum.com\/fr\/author\/shamsalyaoum\/\"}]}<\/script>\n<!-- \/ Yoast SEO plugin. -->","yoast_head_json":{"title":"Jerandi s\u2019entretient avec son homologue pakistanais \u00e0 Islamabad - Magazine Shams Al Yaoum","robots":{"index":"index","follow":"follow","max-snippet":"max-snippet:-1","max-image-preview":"max-image-preview:large","max-video-preview":"max-video-preview:-1"},"canonical":"https:\/\/shams-alyaoum.com\/fr\/jerandi-sentretient-avec-son-homologue-pakistanais-a-islamabad\/","og_locale":"fr_FR","og_type":"article","og_title":"Jerandi s\u2019entretient avec son homologue pakistanais \u00e0 Islamabad - Magazine Shams Al Yaoum","og_description":"Le ministre des Affaires \u00e9trang\u00e8res, de la Migration et des Tunisiens \u00e0 l\u2019\u00e9tranger, Othmane Jerandi, s\u2019est entretenu avec son homologue pakistanais, Shah Mehmood Qureshi, en marge de sa participation aux travaux de la 48e session ordinaire du Conseil des ministres des Affaires \u00e9trang\u00e8res de l\u2019Organisation de la coop\u00e9ration islamique (OCI), qui se tient les 22 &hellip;","og_url":"https:\/\/shams-alyaoum.com\/fr\/jerandi-sentretient-avec-son-homologue-pakistanais-a-islamabad\/","og_site_name":"Magazine Shams Al Yaoum","article_published_time":"2022-03-22T12:05:09+00:00","article_modified_time":"2022-03-22T12:05:10+00:00","og_image":[{"width":660,"height":438,"url":"https:\/\/shams-alyaoum.com\/fr\/wp-content\/uploads\/2022\/03\/cache_660x660_Analog_medium_15017778_70982_22032022.jpg","type":"image\/jpeg"}],"author":"shamsalyaoum","twitter_card":"summary_large_image","twitter_misc":{"\u00c9crit par":"shamsalyaoum","Dur\u00e9e de lecture estim\u00e9e":"2 minutes"},"schema":{"@context":"https:\/\/schema.org","@graph":[{"@type":"WebPage","@id":"https:\/\/shams-alyaoum.com\/fr\/jerandi-sentretient-avec-son-homologue-pakistanais-a-islamabad\/","url":"https:\/\/shams-alyaoum.com\/fr\/jerandi-sentretient-avec-son-homologue-pakistanais-a-islamabad\/","name":"Jerandi s\u2019entretient avec son homologue pakistanais \u00e0 Islamabad - Magazine Shams Al Yaoum","isPartOf":{"@id":"https:\/\/shams-alyaoum.com\/fr\/#website"},"primaryImageOfPage":{"@id":"https:\/\/shams-alyaoum.com\/fr\/jerandi-sentretient-avec-son-homologue-pakistanais-a-islamabad\/#primaryimage"},"image":{"@id":"https:\/\/shams-alyaoum.com\/fr\/jerandi-sentretient-avec-son-homologue-pakistanais-a-islamabad\/#primaryimage"},"thumbnailUrl":"https:\/\/shams-alyaoum.com\/fr\/wp-content\/uploads\/2022\/03\/cache_660x660_Analog_medium_15017778_70982_22032022.jpg","datePublished":"2022-03-22T12:05:09+00:00","dateModified":"2022-03-22T12:05:10+00:00","author":{"@id":"https:\/\/shams-alyaoum.com\/fr\/#\/schema\/person\/7b572f8c370a521e35112e88da52dce5"},"breadcrumb":{"@id":"https:\/\/shams-alyaoum.com\/fr\/jerandi-sentretient-avec-son-homologue-pakistanais-a-islamabad\/#breadcrumb"},"inLanguage":"fr-FR","potentialAction":[{"@type":"ReadAction","target":["https:\/\/shams-alyaoum.com\/fr\/jerandi-sentretient-avec-son-homologue-pakistanais-a-islamabad\/"]}]},{"@type":"ImageObject","inLanguage":"fr-FR","@id":"https:\/\/shams-alyaoum.com\/fr\/jerandi-sentretient-avec-son-homologue-pakistanais-a-islamabad\/#primaryimage","url":"https:\/\/shams-alyaoum.com\/fr\/wp-content\/uploads\/2022\/03\/cache_660x660_Analog_medium_15017778_70982_22032022.jpg","contentUrl":"https:\/\/shams-alyaoum.com\/fr\/wp-content\/uploads\/2022\/03\/cache_660x660_Analog_medium_15017778_70982_22032022.jpg","width":660,"height":438},{"@type":"BreadcrumbList","@id":"https:\/\/shams-alyaoum.com\/fr\/jerandi-sentretient-avec-son-homologue-pakistanais-a-islamabad\/#breadcrumb","itemListElement":[{"@type":"ListItem","position":1,"name":"Accueil","item":"https:\/\/shams-alyaoum.com\/fr\/"},{"@type":"ListItem","position":2,"name":"Jerandi s\u2019entretient avec son homologue pakistanais \u00e0 Islamabad"}]},{"@type":"WebSite","@id":"https:\/\/shams-alyaoum.com\/fr\/#website","url":"https:\/\/shams-alyaoum.com\/fr\/","name":"Magazine Shams Al Yaoum","description":"","potentialAction":[{"@type":"SearchAction","target":{"@type":"EntryPoint","urlTemplate":"https:\/\/shams-alyaoum.com\/fr\/?s={search_term_string}"},"query-input":{"@type":"PropertyValueSpecification","valueRequired":true,"valueName":"search_term_string"}}],"inLanguage":"fr-FR"},{"@type":"Person","@id":"https:\/\/shams-alyaoum.com\/fr\/#\/schema\/person\/7b572f8c370a521e35112e88da52dce5","name":"shamsalyaoum","image":{"@type":"ImageObject","inLanguage":"fr-FR","@id":"https:\/\/shams-alyaoum.com\/fr\/#\/schema\/person\/image\/","url":"https:\/\/secure.gravatar.com\/avatar\/11774fd6260846ea4d3230345b47c868eaffb0fe76386b1a8b3cc24c8dc91f3d?s=96&d=mm&r=g","contentUrl":"https:\/\/secure.gravatar.com\/avatar\/11774fd6260846ea4d3230345b47c868eaffb0fe76386b1a8b3cc24c8dc91f3d?s=96&d=mm&r=g","caption":"shamsalyaoum"},"url":"https:\/\/shams-alyaoum.com\/fr\/author\/shamsalyaoum\/"}]}},"_links":{"self":[{"href":"https:\/\/shams-alyaoum.com\/fr\/wp-json\/wp\/v2\/posts\/2391","targetHints":{"allow":["GET"]}}],"collection":[{"href":"https:\/\/shams-alyaoum.com\/fr\/wp-json\/wp\/v2\/posts"}],"about":[{"href":"https:\/\/shams-alyaoum.com\/fr\/wp-json\/wp\/v2\/types\/post"}],"author":[{"embeddable":true,"href":"https:\/\/shams-alyaoum.com\/fr\/wp-json\/wp\/v2\/users\/2"}],"replies":[{"embeddable":true,"href":"https:\/\/shams-alyaoum.com\/fr\/wp-json\/wp\/v2\/comments?post=2391"}],"version-history":[{"count":1,"href":"https:\/\/shams-alyaoum.com\/fr\/wp-json\/wp\/v2\/posts\/2391\/revisions"}],"predecessor-version":[{"id":2393,"href":"https:\/\/shams-alyaoum.com\/fr\/wp-json\/wp\/v2\/posts\/2391\/revisions\/2393"}],"wp:featuredmedia":[{"embeddable":true,"href":"https:\/\/shams-alyaoum.com\/fr\/wp-json\/wp\/v2\/media\/2392"}],"wp:attachment":[{"href":"https:\/\/shams-alyaoum.com\/fr\/wp-json\/wp\/v2\/media?parent=2391"}],"wp:term":[{"taxonomy":"category","embeddable":true,"href":"https:\/\/shams-alyaoum.com\/fr\/wp-json\/wp\/v2\/categories?post=2391"},{"taxonomy":"post_tag","embeddable":true,"href":"https:\/\/shams-alyaoum.com\/fr\/wp-json\/wp\/v2\/tags?post=2391"}],"curies":[{"name":"wp","href":"https:\/\/api.w.org\/{rel}","templated":true}]}}