{"id":2302,"date":"2022-03-19T10:07:14","date_gmt":"2022-03-19T09:07:14","guid":{"rendered":"https:\/\/shams-alyaoum.com\/fr\/?p=2302"},"modified":"2022-03-19T10:07:17","modified_gmt":"2022-03-19T09:07:17","slug":"greve-des-distributeurs-de-bouteilles-de-gaz-du-21-au-23-mars","status":"publish","type":"post","link":"https:\/\/shams-alyaoum.com\/fr\/greve-des-distributeurs-de-bouteilles-de-gaz-du-21-au-23-mars\/","title":{"rendered":"Gr\u00e8ve des distributeurs de bouteilles de GAZ, du 21 au 23 Mars"},"content":{"rendered":"\n<p>Le pr\u00e9sident de la Chambre syndicale des distributeurs de bouteilles de gaz domestique en gros Mohamed Mnif a annonc\u00e9, que la chambre observera une gr\u00e8ve ouverte pendant 3 jours, \u00e0 partir du 21 jusqu&rsquo;au 23 mars.<\/p>\n\n\n\n<p>Cette d\u00e9cision a \u00e9t\u00e9 prise vu que le minist\u00e8re de l\u2019Industrie, des mines et de l\u2019\u00e9nergie n\u2019a pas r\u00e9pondu favorablement aux revendications de la chambre, a-t-il expliqu\u00e9, dans une d\u00e9claration \u00e0 l\u2019Agence TAP.<\/p>\n\n\n\n<p>De son c\u00f4t\u00e9, le minist\u00e8re de l\u2019Industrie a annonc\u00e9, dans un communiqu\u00e9 publi\u00e9 suite \u00e0 la r\u00e9union, que les deux parties ont convenu de la n\u00e9cessit\u00e9 de travailler conjointement pour r\u00e9soudre tous les probl\u00e8mes auxquels fait face ce secteur vital et d\u2019adopter un plan et un calendrier dans le cadre d\u2019une approche participative avec toutes les parties impliqu\u00e9es dans ce secteur.<\/p>\n\n\n\n<p>Mnif a indiqu\u00e9 que la chambre r\u00e9clame la r\u00e9activation des accords convenus auparavant avec le minist\u00e8re concernant la mise en place de m\u00e9canismes permettant aux soci\u00e9t\u00e9s de distribution du gaz d\u2019\u00e9viter la hausse excessive des prix des hydrocarbures qui impacte les marges b\u00e9n\u00e9ficiaires des soci\u00e9t\u00e9s de distribution.<\/p>\n\n\n\n<p>La r\u00e9union a permis aussi de discuter des dispositions de l\u2019arr\u00eat\u00e9 commun entre plusieurs minist\u00e8res, relatif \u00e0 l\u2019organisation du commerce et de la distribution des bouteilles de gaz et du p\u00e9trole d\u2019\u00e9clairage.<\/p>\n\n\n\n<p>Le secteur du commerce de bouteilles de gaz en gros compte environ 190 distributeurs qui fournissent pr\u00e8s de 40\u00a0millions de bouteilles par an.<\/p>\n\n\n\n<p>TAP<\/p>\n","protected":false},"excerpt":{"rendered":"<p>Le pr\u00e9sident de la Chambre syndicale des distributeurs de bouteilles de gaz domestique en gros Mohamed Mnif a annonc\u00e9, que la chambre observera une gr\u00e8ve ouverte pendant 3 jours, \u00e0 partir du 21 jusqu&rsquo;au 23 mars. Cette d\u00e9cision a \u00e9t\u00e9 prise vu que le minist\u00e8re de l\u2019Industrie, des mines et de l\u2019\u00e9nergie n\u2019a pas r\u00e9pondu &hellip;<\/p>\n","protected":false},"author":2,"featured_media":2303,"comment_status":"closed","ping_status":"open","sticky":false,"template":"","format":"standard","meta":{"footnotes":""},"categories":[2,14],"tags":[190,57,191],"class_list":["post-2302","post","type-post","status-publish","format-standard","has-post-thumbnail","hentry","category-news","category-tunisie","tag-distributeurs-de-bouteilles-de-gaz","tag-greve","tag-ministre-de-lindustrie"],"yoast_head":"<!-- This site is optimized with the Yoast SEO plugin v26.3 - https:\/\/yoast.com\/wordpress\/plugins\/seo\/ -->\n<title>Gr\u00e8ve des distributeurs de bouteilles de GAZ, du 21 au 23 Mars - Magazine Shams Al Yaoum<\/title>\n<meta name=\"robots\" content=\"index, follow, max-snippet:-1, max-image-preview:large, max-video-preview:-1\" \/>\n<link rel=\"canonical\" href=\"https:\/\/shams-alyaoum.com\/fr\/greve-des-distributeurs-de-bouteilles-de-gaz-du-21-au-23-mars\/\" \/>\n<meta property=\"og:locale\" content=\"fr_FR\" \/>\n<meta property=\"og:type\" content=\"article\" \/>\n<meta property=\"og:title\" content=\"Gr\u00e8ve des distributeurs de bouteilles de GAZ, du 21 au 23 Mars - Magazine Shams Al Yaoum\" \/>\n<meta property=\"og:description\" content=\"Le pr\u00e9sident de la Chambre syndicale des distributeurs de bouteilles de gaz domestique en gros Mohamed Mnif a annonc\u00e9, que la chambre observera une gr\u00e8ve ouverte pendant 3 jours, \u00e0 partir du 21 jusqu&rsquo;au 23 mars. Cette d\u00e9cision a \u00e9t\u00e9 prise vu que le minist\u00e8re de l\u2019Industrie, des mines et de l\u2019\u00e9nergie n\u2019a pas r\u00e9pondu &hellip;\" \/>\n<meta property=\"og:url\" content=\"https:\/\/shams-alyaoum.com\/fr\/greve-des-distributeurs-de-bouteilles-de-gaz-du-21-au-23-mars\/\" \/>\n<meta property=\"og:site_name\" content=\"Magazine Shams Al Yaoum\" \/>\n<meta property=\"article:published_time\" content=\"2022-03-19T09:07:14+00:00\" \/>\n<meta property=\"article:modified_time\" content=\"2022-03-19T09:07:17+00:00\" \/>\n<meta property=\"og:image\" content=\"https:\/\/shams-alyaoum.com\/fr\/wp-content\/uploads\/2022\/03\/gaz.jpg\" \/>\n\t<meta property=\"og:image:width\" content=\"448\" \/>\n\t<meta property=\"og:image:height\" content=\"206\" \/>\n\t<meta property=\"og:image:type\" content=\"image\/jpeg\" \/>\n<meta name=\"author\" content=\"shamsalyaoum\" \/>\n<meta name=\"twitter:card\" content=\"summary_large_image\" \/>\n<meta name=\"twitter:label1\" content=\"\u00c9crit par\" \/>\n\t<meta name=\"twitter:data1\" content=\"shamsalyaoum\" \/>\n\t<meta name=\"twitter:label2\" content=\"Dur\u00e9e de lecture estim\u00e9e\" \/>\n\t<meta name=\"twitter:data2\" content=\"1 minute\" \/>\n<script type=\"application\/ld+json\" class=\"yoast-schema-graph\">{\"@context\":\"https:\/\/schema.org\",\"@graph\":[{\"@type\":\"WebPage\",\"@id\":\"https:\/\/shams-alyaoum.com\/fr\/greve-des-distributeurs-de-bouteilles-de-gaz-du-21-au-23-mars\/\",\"url\":\"https:\/\/shams-alyaoum.com\/fr\/greve-des-distributeurs-de-bouteilles-de-gaz-du-21-au-23-mars\/\",\"name\":\"Gr\u00e8ve des distributeurs de bouteilles de GAZ, du 21 au 23 Mars - Magazine Shams Al Yaoum\",\"isPartOf\":{\"@id\":\"https:\/\/shams-alyaoum.com\/fr\/#website\"},\"primaryImageOfPage\":{\"@id\":\"https:\/\/shams-alyaoum.com\/fr\/greve-des-distributeurs-de-bouteilles-de-gaz-du-21-au-23-mars\/#primaryimage\"},\"image\":{\"@id\":\"https:\/\/shams-alyaoum.com\/fr\/greve-des-distributeurs-de-bouteilles-de-gaz-du-21-au-23-mars\/#primaryimage\"},\"thumbnailUrl\":\"https:\/\/shams-alyaoum.com\/fr\/wp-content\/uploads\/2022\/03\/gaz.jpg\",\"datePublished\":\"2022-03-19T09:07:14+00:00\",\"dateModified\":\"2022-03-19T09:07:17+00:00\",\"author\":{\"@id\":\"https:\/\/shams-alyaoum.com\/fr\/#\/schema\/person\/7b572f8c370a521e35112e88da52dce5\"},\"breadcrumb\":{\"@id\":\"https:\/\/shams-alyaoum.com\/fr\/greve-des-distributeurs-de-bouteilles-de-gaz-du-21-au-23-mars\/#breadcrumb\"},\"inLanguage\":\"fr-FR\",\"potentialAction\":[{\"@type\":\"ReadAction\",\"target\":[\"https:\/\/shams-alyaoum.com\/fr\/greve-des-distributeurs-de-bouteilles-de-gaz-du-21-au-23-mars\/\"]}]},{\"@type\":\"ImageObject\",\"inLanguage\":\"fr-FR\",\"@id\":\"https:\/\/shams-alyaoum.com\/fr\/greve-des-distributeurs-de-bouteilles-de-gaz-du-21-au-23-mars\/#primaryimage\",\"url\":\"https:\/\/shams-alyaoum.com\/fr\/wp-content\/uploads\/2022\/03\/gaz.jpg\",\"contentUrl\":\"https:\/\/shams-alyaoum.com\/fr\/wp-content\/uploads\/2022\/03\/gaz.jpg\",\"width\":448,\"height\":206},{\"@type\":\"BreadcrumbList\",\"@id\":\"https:\/\/shams-alyaoum.com\/fr\/greve-des-distributeurs-de-bouteilles-de-gaz-du-21-au-23-mars\/#breadcrumb\",\"itemListElement\":[{\"@type\":\"ListItem\",\"position\":1,\"name\":\"Accueil\",\"item\":\"https:\/\/shams-alyaoum.com\/fr\/\"},{\"@type\":\"ListItem\",\"position\":2,\"name\":\"Gr\u00e8ve des distributeurs de bouteilles de GAZ, du 21 au 23 Mars\"}]},{\"@type\":\"WebSite\",\"@id\":\"https:\/\/shams-alyaoum.com\/fr\/#website\",\"url\":\"https:\/\/shams-alyaoum.com\/fr\/\",\"name\":\"Magazine Shams Al Yaoum\",\"description\":\"\",\"potentialAction\":[{\"@type\":\"SearchAction\",\"target\":{\"@type\":\"EntryPoint\",\"urlTemplate\":\"https:\/\/shams-alyaoum.com\/fr\/?s={search_term_string}\"},\"query-input\":{\"@type\":\"PropertyValueSpecification\",\"valueRequired\":true,\"valueName\":\"search_term_string\"}}],\"inLanguage\":\"fr-FR\"},{\"@type\":\"Person\",\"@id\":\"https:\/\/shams-alyaoum.com\/fr\/#\/schema\/person\/7b572f8c370a521e35112e88da52dce5\",\"name\":\"shamsalyaoum\",\"image\":{\"@type\":\"ImageObject\",\"inLanguage\":\"fr-FR\",\"@id\":\"https:\/\/shams-alyaoum.com\/fr\/#\/schema\/person\/image\/\",\"url\":\"https:\/\/secure.gravatar.com\/avatar\/11774fd6260846ea4d3230345b47c868eaffb0fe76386b1a8b3cc24c8dc91f3d?s=96&d=mm&r=g\",\"contentUrl\":\"https:\/\/secure.gravatar.com\/avatar\/11774fd6260846ea4d3230345b47c868eaffb0fe76386b1a8b3cc24c8dc91f3d?s=96&d=mm&r=g\",\"caption\":\"shamsalyaoum\"},\"url\":\"https:\/\/shams-alyaoum.com\/fr\/author\/shamsalyaoum\/\"}]}<\/script>\n<!-- \/ Yoast SEO plugin. -->","yoast_head_json":{"title":"Gr\u00e8ve des distributeurs de bouteilles de GAZ, du 21 au 23 Mars - Magazine Shams Al Yaoum","robots":{"index":"index","follow":"follow","max-snippet":"max-snippet:-1","max-image-preview":"max-image-preview:large","max-video-preview":"max-video-preview:-1"},"canonical":"https:\/\/shams-alyaoum.com\/fr\/greve-des-distributeurs-de-bouteilles-de-gaz-du-21-au-23-mars\/","og_locale":"fr_FR","og_type":"article","og_title":"Gr\u00e8ve des distributeurs de bouteilles de GAZ, du 21 au 23 Mars - Magazine Shams Al Yaoum","og_description":"Le pr\u00e9sident de la Chambre syndicale des distributeurs de bouteilles de gaz domestique en gros Mohamed Mnif a annonc\u00e9, que la chambre observera une gr\u00e8ve ouverte pendant 3 jours, \u00e0 partir du 21 jusqu&rsquo;au 23 mars. Cette d\u00e9cision a \u00e9t\u00e9 prise vu que le minist\u00e8re de l\u2019Industrie, des mines et de l\u2019\u00e9nergie n\u2019a pas r\u00e9pondu &hellip;","og_url":"https:\/\/shams-alyaoum.com\/fr\/greve-des-distributeurs-de-bouteilles-de-gaz-du-21-au-23-mars\/","og_site_name":"Magazine Shams Al Yaoum","article_published_time":"2022-03-19T09:07:14+00:00","article_modified_time":"2022-03-19T09:07:17+00:00","og_image":[{"width":448,"height":206,"url":"https:\/\/shams-alyaoum.com\/fr\/wp-content\/uploads\/2022\/03\/gaz.jpg","type":"image\/jpeg"}],"author":"shamsalyaoum","twitter_card":"summary_large_image","twitter_misc":{"\u00c9crit par":"shamsalyaoum","Dur\u00e9e de lecture estim\u00e9e":"1 minute"},"schema":{"@context":"https:\/\/schema.org","@graph":[{"@type":"WebPage","@id":"https:\/\/shams-alyaoum.com\/fr\/greve-des-distributeurs-de-bouteilles-de-gaz-du-21-au-23-mars\/","url":"https:\/\/shams-alyaoum.com\/fr\/greve-des-distributeurs-de-bouteilles-de-gaz-du-21-au-23-mars\/","name":"Gr\u00e8ve des distributeurs de bouteilles de GAZ, du 21 au 23 Mars - Magazine Shams Al Yaoum","isPartOf":{"@id":"https:\/\/shams-alyaoum.com\/fr\/#website"},"primaryImageOfPage":{"@id":"https:\/\/shams-alyaoum.com\/fr\/greve-des-distributeurs-de-bouteilles-de-gaz-du-21-au-23-mars\/#primaryimage"},"image":{"@id":"https:\/\/shams-alyaoum.com\/fr\/greve-des-distributeurs-de-bouteilles-de-gaz-du-21-au-23-mars\/#primaryimage"},"thumbnailUrl":"https:\/\/shams-alyaoum.com\/fr\/wp-content\/uploads\/2022\/03\/gaz.jpg","datePublished":"2022-03-19T09:07:14+00:00","dateModified":"2022-03-19T09:07:17+00:00","author":{"@id":"https:\/\/shams-alyaoum.com\/fr\/#\/schema\/person\/7b572f8c370a521e35112e88da52dce5"},"breadcrumb":{"@id":"https:\/\/shams-alyaoum.com\/fr\/greve-des-distributeurs-de-bouteilles-de-gaz-du-21-au-23-mars\/#breadcrumb"},"inLanguage":"fr-FR","potentialAction":[{"@type":"ReadAction","target":["https:\/\/shams-alyaoum.com\/fr\/greve-des-distributeurs-de-bouteilles-de-gaz-du-21-au-23-mars\/"]}]},{"@type":"ImageObject","inLanguage":"fr-FR","@id":"https:\/\/shams-alyaoum.com\/fr\/greve-des-distributeurs-de-bouteilles-de-gaz-du-21-au-23-mars\/#primaryimage","url":"https:\/\/shams-alyaoum.com\/fr\/wp-content\/uploads\/2022\/03\/gaz.jpg","contentUrl":"https:\/\/shams-alyaoum.com\/fr\/wp-content\/uploads\/2022\/03\/gaz.jpg","width":448,"height":206},{"@type":"BreadcrumbList","@id":"https:\/\/shams-alyaoum.com\/fr\/greve-des-distributeurs-de-bouteilles-de-gaz-du-21-au-23-mars\/#breadcrumb","itemListElement":[{"@type":"ListItem","position":1,"name":"Accueil","item":"https:\/\/shams-alyaoum.com\/fr\/"},{"@type":"ListItem","position":2,"name":"Gr\u00e8ve des distributeurs de bouteilles de GAZ, du 21 au 23 Mars"}]},{"@type":"WebSite","@id":"https:\/\/shams-alyaoum.com\/fr\/#website","url":"https:\/\/shams-alyaoum.com\/fr\/","name":"Magazine Shams Al Yaoum","description":"","potentialAction":[{"@type":"SearchAction","target":{"@type":"EntryPoint","urlTemplate":"https:\/\/shams-alyaoum.com\/fr\/?s={search_term_string}"},"query-input":{"@type":"PropertyValueSpecification","valueRequired":true,"valueName":"search_term_string"}}],"inLanguage":"fr-FR"},{"@type":"Person","@id":"https:\/\/shams-alyaoum.com\/fr\/#\/schema\/person\/7b572f8c370a521e35112e88da52dce5","name":"shamsalyaoum","image":{"@type":"ImageObject","inLanguage":"fr-FR","@id":"https:\/\/shams-alyaoum.com\/fr\/#\/schema\/person\/image\/","url":"https:\/\/secure.gravatar.com\/avatar\/11774fd6260846ea4d3230345b47c868eaffb0fe76386b1a8b3cc24c8dc91f3d?s=96&d=mm&r=g","contentUrl":"https:\/\/secure.gravatar.com\/avatar\/11774fd6260846ea4d3230345b47c868eaffb0fe76386b1a8b3cc24c8dc91f3d?s=96&d=mm&r=g","caption":"shamsalyaoum"},"url":"https:\/\/shams-alyaoum.com\/fr\/author\/shamsalyaoum\/"}]}},"_links":{"self":[{"href":"https:\/\/shams-alyaoum.com\/fr\/wp-json\/wp\/v2\/posts\/2302","targetHints":{"allow":["GET"]}}],"collection":[{"href":"https:\/\/shams-alyaoum.com\/fr\/wp-json\/wp\/v2\/posts"}],"about":[{"href":"https:\/\/shams-alyaoum.com\/fr\/wp-json\/wp\/v2\/types\/post"}],"author":[{"embeddable":true,"href":"https:\/\/shams-alyaoum.com\/fr\/wp-json\/wp\/v2\/users\/2"}],"replies":[{"embeddable":true,"href":"https:\/\/shams-alyaoum.com\/fr\/wp-json\/wp\/v2\/comments?post=2302"}],"version-history":[{"count":1,"href":"https:\/\/shams-alyaoum.com\/fr\/wp-json\/wp\/v2\/posts\/2302\/revisions"}],"predecessor-version":[{"id":2304,"href":"https:\/\/shams-alyaoum.com\/fr\/wp-json\/wp\/v2\/posts\/2302\/revisions\/2304"}],"wp:featuredmedia":[{"embeddable":true,"href":"https:\/\/shams-alyaoum.com\/fr\/wp-json\/wp\/v2\/media\/2303"}],"wp:attachment":[{"href":"https:\/\/shams-alyaoum.com\/fr\/wp-json\/wp\/v2\/media?parent=2302"}],"wp:term":[{"taxonomy":"category","embeddable":true,"href":"https:\/\/shams-alyaoum.com\/fr\/wp-json\/wp\/v2\/categories?post=2302"},{"taxonomy":"post_tag","embeddable":true,"href":"https:\/\/shams-alyaoum.com\/fr\/wp-json\/wp\/v2\/tags?post=2302"}],"curies":[{"name":"wp","href":"https:\/\/api.w.org\/{rel}","templated":true}]}}