{"id":2280,"date":"2022-03-18T14:35:09","date_gmt":"2022-03-18T13:35:09","guid":{"rendered":"https:\/\/shams-alyaoum.com\/fr\/?p=2280"},"modified":"2022-03-18T14:35:34","modified_gmt":"2022-03-18T13:35:34","slug":"ramadan-ouverture-des-centres-de-vaccination-la-nuit%ef%bf%bc","status":"publish","type":"post","link":"https:\/\/shams-alyaoum.com\/fr\/ramadan-ouverture-des-centres-de-vaccination-la-nuit%ef%bf%bc\/","title":{"rendered":"Ramadan : Ouverture des centres de vaccination la nuit"},"content":{"rendered":"\n<p>Mahjoub Al Ouni, membre du Comit\u00e9 scientifique de lutte contre le Coronavirus, a fait savoir, vendredi, que le minist\u00e8re de la Sant\u00e9 pr\u00e9voit la mobilisation des moyens humains et mat\u00e9riels pour intensifier les op\u00e9rations de vaccination au cours du prochain mois de Ramadan.<br>Il a ajout\u00e9, dans une d\u00e9claration \u00e0 la TAP, qu&rsquo;il a \u00e9t\u00e9 d\u00e9cid\u00e9, \u00e0 cet \u00e9gard, d&rsquo;ouvrir les centres de vaccination la nuit.<br>Il a fait savoir que le minist\u00e8re de la sant\u00e9 et la commission scientifique de lutte contre le coronavirus n&rsquo;envisagent pas de prendre de nouvelles mesures au cours de ce mois \u00e0 la suite de l&rsquo;am\u00e9lioration de la situation \u00e9pid\u00e9mique en Tunisie avec des indicateurs sanitaires stables et rassurants, soulignant, toutefois, la n\u00e9cessit\u00e9 de continuer de respecter les protocoles sanitaires en vigueur.<br>Al Ouni a soulign\u00e9 la n\u00e9cessit\u00e9 de rester prudent pendant le mois de Ramadan, d&rsquo;\u00e9viter les rassemblements, de continuer \u00e0 respecter la distanciation physique et de porter un masque de protection, d&rsquo;autant que la situation \u00e9pid\u00e9miologique dans le monde n&rsquo;est pas stable.<br>Il a soulign\u00e9, dans ce contexte, que la forte contagiosit\u00e9 du sous-variant BA.2 qui a commenc\u00e9 \u00e0 se propager en France, en Allemagne et en Chine a pouss\u00e9 ces pays \u00e0 d\u00e9cr\u00e9ter un confinement sanitaire dans un certain nombre de villes, notant que ce mutant est 30% plus transmissible que la variante d&rsquo;origine BA.1 (Omicron), ce qui signifie, selon lui, que la crise du Coronavirus n&rsquo;est pas encore termin\u00e9e.<br>Il est \u00e0 noter que le minist\u00e8re de la Sant\u00e9 a rapport\u00e9, dans son dernier bilan sur l&rsquo;\u00e9volution de la situation \u00e9pid\u00e9miologique dans le pays, que deux d\u00e9c\u00e8s et 166 nouvelles contaminations par la Covid-19 ont \u00e9t\u00e9 recens\u00e9es le 13 mars en cours.<\/p>\n","protected":false},"excerpt":{"rendered":"<p>Mahjoub Al Ouni, membre du Comit\u00e9 scientifique de lutte contre le Coronavirus, a fait savoir, vendredi, que le minist\u00e8re de la Sant\u00e9 pr\u00e9voit la mobilisation des moyens humains et mat\u00e9riels pour intensifier les op\u00e9rations de vaccination au cours du prochain mois de Ramadan.Il a ajout\u00e9, dans une d\u00e9claration \u00e0 la TAP, qu&rsquo;il a \u00e9t\u00e9 d\u00e9cid\u00e9, &hellip;<\/p>\n","protected":false},"author":2,"featured_media":2126,"comment_status":"closed","ping_status":"open","sticky":false,"template":"","format":"standard","meta":{"footnotes":""},"categories":[20,14],"tags":[179,178],"class_list":["post-2280","post","type-post","status-publish","format-standard","has-post-thumbnail","hentry","category-sante","category-tunisie","tag-ramadan","tag-vaccination"],"yoast_head":"<!-- This site is optimized with the Yoast SEO plugin v26.3 - https:\/\/yoast.com\/wordpress\/plugins\/seo\/ -->\n<title>Ramadan : Ouverture des centres de vaccination la nuit - Magazine Shams Al Yaoum<\/title>\n<meta name=\"robots\" content=\"index, follow, max-snippet:-1, max-image-preview:large, max-video-preview:-1\" \/>\n<link rel=\"canonical\" href=\"https:\/\/shams-alyaoum.com\/fr\/ramadan-ouverture-des-centres-de-vaccination-la-nuit\ufffc\/\" \/>\n<meta property=\"og:locale\" content=\"fr_FR\" \/>\n<meta property=\"og:type\" content=\"article\" \/>\n<meta property=\"og:title\" content=\"Ramadan : Ouverture des centres de vaccination la nuit - Magazine Shams Al Yaoum\" \/>\n<meta property=\"og:description\" content=\"Mahjoub Al Ouni, membre du Comit\u00e9 scientifique de lutte contre le Coronavirus, a fait savoir, vendredi, que le minist\u00e8re de la Sant\u00e9 pr\u00e9voit la mobilisation des moyens humains et mat\u00e9riels pour intensifier les op\u00e9rations de vaccination au cours du prochain mois de Ramadan.Il a ajout\u00e9, dans une d\u00e9claration \u00e0 la TAP, qu&rsquo;il a \u00e9t\u00e9 d\u00e9cid\u00e9, &hellip;\" \/>\n<meta property=\"og:url\" content=\"https:\/\/shams-alyaoum.com\/fr\/ramadan-ouverture-des-centres-de-vaccination-la-nuit\ufffc\/\" \/>\n<meta property=\"og:site_name\" content=\"Magazine Shams Al Yaoum\" \/>\n<meta property=\"article:published_time\" content=\"2022-03-18T13:35:09+00:00\" \/>\n<meta property=\"article:modified_time\" content=\"2022-03-18T13:35:34+00:00\" \/>\n<meta property=\"og:image\" content=\"https:\/\/shams-alyaoum.com\/fr\/wp-content\/uploads\/2022\/03\/Vaccin-covid-19-2.jpg\" \/>\n\t<meta property=\"og:image:width\" content=\"680\" \/>\n\t<meta property=\"og:image:height\" content=\"400\" \/>\n\t<meta property=\"og:image:type\" content=\"image\/jpeg\" \/>\n<meta name=\"author\" content=\"shamsalyaoum\" \/>\n<meta name=\"twitter:card\" content=\"summary_large_image\" \/>\n<meta name=\"twitter:label1\" content=\"\u00c9crit par\" \/>\n\t<meta name=\"twitter:data1\" content=\"shamsalyaoum\" \/>\n\t<meta name=\"twitter:label2\" content=\"Dur\u00e9e de lecture estim\u00e9e\" \/>\n\t<meta name=\"twitter:data2\" content=\"1 minute\" \/>\n<script type=\"application\/ld+json\" class=\"yoast-schema-graph\">{\"@context\":\"https:\/\/schema.org\",\"@graph\":[{\"@type\":\"WebPage\",\"@id\":\"https:\/\/shams-alyaoum.com\/fr\/ramadan-ouverture-des-centres-de-vaccination-la-nuit%ef%bf%bc\/\",\"url\":\"https:\/\/shams-alyaoum.com\/fr\/ramadan-ouverture-des-centres-de-vaccination-la-nuit%ef%bf%bc\/\",\"name\":\"Ramadan : Ouverture des centres de vaccination la nuit - Magazine Shams Al Yaoum\",\"isPartOf\":{\"@id\":\"https:\/\/shams-alyaoum.com\/fr\/#website\"},\"primaryImageOfPage\":{\"@id\":\"https:\/\/shams-alyaoum.com\/fr\/ramadan-ouverture-des-centres-de-vaccination-la-nuit%ef%bf%bc\/#primaryimage\"},\"image\":{\"@id\":\"https:\/\/shams-alyaoum.com\/fr\/ramadan-ouverture-des-centres-de-vaccination-la-nuit%ef%bf%bc\/#primaryimage\"},\"thumbnailUrl\":\"https:\/\/shams-alyaoum.com\/fr\/wp-content\/uploads\/2022\/03\/Vaccin-covid-19-2.jpg\",\"datePublished\":\"2022-03-18T13:35:09+00:00\",\"dateModified\":\"2022-03-18T13:35:34+00:00\",\"author\":{\"@id\":\"https:\/\/shams-alyaoum.com\/fr\/#\/schema\/person\/7b572f8c370a521e35112e88da52dce5\"},\"breadcrumb\":{\"@id\":\"https:\/\/shams-alyaoum.com\/fr\/ramadan-ouverture-des-centres-de-vaccination-la-nuit%ef%bf%bc\/#breadcrumb\"},\"inLanguage\":\"fr-FR\",\"potentialAction\":[{\"@type\":\"ReadAction\",\"target\":[\"https:\/\/shams-alyaoum.com\/fr\/ramadan-ouverture-des-centres-de-vaccination-la-nuit%ef%bf%bc\/\"]}]},{\"@type\":\"ImageObject\",\"inLanguage\":\"fr-FR\",\"@id\":\"https:\/\/shams-alyaoum.com\/fr\/ramadan-ouverture-des-centres-de-vaccination-la-nuit%ef%bf%bc\/#primaryimage\",\"url\":\"https:\/\/shams-alyaoum.com\/fr\/wp-content\/uploads\/2022\/03\/Vaccin-covid-19-2.jpg\",\"contentUrl\":\"https:\/\/shams-alyaoum.com\/fr\/wp-content\/uploads\/2022\/03\/Vaccin-covid-19-2.jpg\",\"width\":680,\"height\":400},{\"@type\":\"BreadcrumbList\",\"@id\":\"https:\/\/shams-alyaoum.com\/fr\/ramadan-ouverture-des-centres-de-vaccination-la-nuit%ef%bf%bc\/#breadcrumb\",\"itemListElement\":[{\"@type\":\"ListItem\",\"position\":1,\"name\":\"Accueil\",\"item\":\"https:\/\/shams-alyaoum.com\/fr\/\"},{\"@type\":\"ListItem\",\"position\":2,\"name\":\"Ramadan : Ouverture des centres de vaccination la nuit\"}]},{\"@type\":\"WebSite\",\"@id\":\"https:\/\/shams-alyaoum.com\/fr\/#website\",\"url\":\"https:\/\/shams-alyaoum.com\/fr\/\",\"name\":\"Magazine Shams Al Yaoum\",\"description\":\"\",\"potentialAction\":[{\"@type\":\"SearchAction\",\"target\":{\"@type\":\"EntryPoint\",\"urlTemplate\":\"https:\/\/shams-alyaoum.com\/fr\/?s={search_term_string}\"},\"query-input\":{\"@type\":\"PropertyValueSpecification\",\"valueRequired\":true,\"valueName\":\"search_term_string\"}}],\"inLanguage\":\"fr-FR\"},{\"@type\":\"Person\",\"@id\":\"https:\/\/shams-alyaoum.com\/fr\/#\/schema\/person\/7b572f8c370a521e35112e88da52dce5\",\"name\":\"shamsalyaoum\",\"image\":{\"@type\":\"ImageObject\",\"inLanguage\":\"fr-FR\",\"@id\":\"https:\/\/shams-alyaoum.com\/fr\/#\/schema\/person\/image\/\",\"url\":\"https:\/\/secure.gravatar.com\/avatar\/11774fd6260846ea4d3230345b47c868eaffb0fe76386b1a8b3cc24c8dc91f3d?s=96&d=mm&r=g\",\"contentUrl\":\"https:\/\/secure.gravatar.com\/avatar\/11774fd6260846ea4d3230345b47c868eaffb0fe76386b1a8b3cc24c8dc91f3d?s=96&d=mm&r=g\",\"caption\":\"shamsalyaoum\"},\"url\":\"https:\/\/shams-alyaoum.com\/fr\/author\/shamsalyaoum\/\"}]}<\/script>\n<!-- \/ Yoast SEO plugin. -->","yoast_head_json":{"title":"Ramadan : Ouverture des centres de vaccination la nuit - Magazine Shams Al Yaoum","robots":{"index":"index","follow":"follow","max-snippet":"max-snippet:-1","max-image-preview":"max-image-preview:large","max-video-preview":"max-video-preview:-1"},"canonical":"https:\/\/shams-alyaoum.com\/fr\/ramadan-ouverture-des-centres-de-vaccination-la-nuit\ufffc\/","og_locale":"fr_FR","og_type":"article","og_title":"Ramadan : Ouverture des centres de vaccination la nuit - Magazine Shams Al Yaoum","og_description":"Mahjoub Al Ouni, membre du Comit\u00e9 scientifique de lutte contre le Coronavirus, a fait savoir, vendredi, que le minist\u00e8re de la Sant\u00e9 pr\u00e9voit la mobilisation des moyens humains et mat\u00e9riels pour intensifier les op\u00e9rations de vaccination au cours du prochain mois de Ramadan.Il a ajout\u00e9, dans une d\u00e9claration \u00e0 la TAP, qu&rsquo;il a \u00e9t\u00e9 d\u00e9cid\u00e9, &hellip;","og_url":"https:\/\/shams-alyaoum.com\/fr\/ramadan-ouverture-des-centres-de-vaccination-la-nuit\ufffc\/","og_site_name":"Magazine Shams Al Yaoum","article_published_time":"2022-03-18T13:35:09+00:00","article_modified_time":"2022-03-18T13:35:34+00:00","og_image":[{"width":680,"height":400,"url":"https:\/\/shams-alyaoum.com\/fr\/wp-content\/uploads\/2022\/03\/Vaccin-covid-19-2.jpg","type":"image\/jpeg"}],"author":"shamsalyaoum","twitter_card":"summary_large_image","twitter_misc":{"\u00c9crit par":"shamsalyaoum","Dur\u00e9e de lecture estim\u00e9e":"1 minute"},"schema":{"@context":"https:\/\/schema.org","@graph":[{"@type":"WebPage","@id":"https:\/\/shams-alyaoum.com\/fr\/ramadan-ouverture-des-centres-de-vaccination-la-nuit%ef%bf%bc\/","url":"https:\/\/shams-alyaoum.com\/fr\/ramadan-ouverture-des-centres-de-vaccination-la-nuit%ef%bf%bc\/","name":"Ramadan : Ouverture des centres de vaccination la nuit - Magazine Shams Al Yaoum","isPartOf":{"@id":"https:\/\/shams-alyaoum.com\/fr\/#website"},"primaryImageOfPage":{"@id":"https:\/\/shams-alyaoum.com\/fr\/ramadan-ouverture-des-centres-de-vaccination-la-nuit%ef%bf%bc\/#primaryimage"},"image":{"@id":"https:\/\/shams-alyaoum.com\/fr\/ramadan-ouverture-des-centres-de-vaccination-la-nuit%ef%bf%bc\/#primaryimage"},"thumbnailUrl":"https:\/\/shams-alyaoum.com\/fr\/wp-content\/uploads\/2022\/03\/Vaccin-covid-19-2.jpg","datePublished":"2022-03-18T13:35:09+00:00","dateModified":"2022-03-18T13:35:34+00:00","author":{"@id":"https:\/\/shams-alyaoum.com\/fr\/#\/schema\/person\/7b572f8c370a521e35112e88da52dce5"},"breadcrumb":{"@id":"https:\/\/shams-alyaoum.com\/fr\/ramadan-ouverture-des-centres-de-vaccination-la-nuit%ef%bf%bc\/#breadcrumb"},"inLanguage":"fr-FR","potentialAction":[{"@type":"ReadAction","target":["https:\/\/shams-alyaoum.com\/fr\/ramadan-ouverture-des-centres-de-vaccination-la-nuit%ef%bf%bc\/"]}]},{"@type":"ImageObject","inLanguage":"fr-FR","@id":"https:\/\/shams-alyaoum.com\/fr\/ramadan-ouverture-des-centres-de-vaccination-la-nuit%ef%bf%bc\/#primaryimage","url":"https:\/\/shams-alyaoum.com\/fr\/wp-content\/uploads\/2022\/03\/Vaccin-covid-19-2.jpg","contentUrl":"https:\/\/shams-alyaoum.com\/fr\/wp-content\/uploads\/2022\/03\/Vaccin-covid-19-2.jpg","width":680,"height":400},{"@type":"BreadcrumbList","@id":"https:\/\/shams-alyaoum.com\/fr\/ramadan-ouverture-des-centres-de-vaccination-la-nuit%ef%bf%bc\/#breadcrumb","itemListElement":[{"@type":"ListItem","position":1,"name":"Accueil","item":"https:\/\/shams-alyaoum.com\/fr\/"},{"@type":"ListItem","position":2,"name":"Ramadan : Ouverture des centres de vaccination la nuit"}]},{"@type":"WebSite","@id":"https:\/\/shams-alyaoum.com\/fr\/#website","url":"https:\/\/shams-alyaoum.com\/fr\/","name":"Magazine Shams Al Yaoum","description":"","potentialAction":[{"@type":"SearchAction","target":{"@type":"EntryPoint","urlTemplate":"https:\/\/shams-alyaoum.com\/fr\/?s={search_term_string}"},"query-input":{"@type":"PropertyValueSpecification","valueRequired":true,"valueName":"search_term_string"}}],"inLanguage":"fr-FR"},{"@type":"Person","@id":"https:\/\/shams-alyaoum.com\/fr\/#\/schema\/person\/7b572f8c370a521e35112e88da52dce5","name":"shamsalyaoum","image":{"@type":"ImageObject","inLanguage":"fr-FR","@id":"https:\/\/shams-alyaoum.com\/fr\/#\/schema\/person\/image\/","url":"https:\/\/secure.gravatar.com\/avatar\/11774fd6260846ea4d3230345b47c868eaffb0fe76386b1a8b3cc24c8dc91f3d?s=96&d=mm&r=g","contentUrl":"https:\/\/secure.gravatar.com\/avatar\/11774fd6260846ea4d3230345b47c868eaffb0fe76386b1a8b3cc24c8dc91f3d?s=96&d=mm&r=g","caption":"shamsalyaoum"},"url":"https:\/\/shams-alyaoum.com\/fr\/author\/shamsalyaoum\/"}]}},"_links":{"self":[{"href":"https:\/\/shams-alyaoum.com\/fr\/wp-json\/wp\/v2\/posts\/2280","targetHints":{"allow":["GET"]}}],"collection":[{"href":"https:\/\/shams-alyaoum.com\/fr\/wp-json\/wp\/v2\/posts"}],"about":[{"href":"https:\/\/shams-alyaoum.com\/fr\/wp-json\/wp\/v2\/types\/post"}],"author":[{"embeddable":true,"href":"https:\/\/shams-alyaoum.com\/fr\/wp-json\/wp\/v2\/users\/2"}],"replies":[{"embeddable":true,"href":"https:\/\/shams-alyaoum.com\/fr\/wp-json\/wp\/v2\/comments?post=2280"}],"version-history":[{"count":2,"href":"https:\/\/shams-alyaoum.com\/fr\/wp-json\/wp\/v2\/posts\/2280\/revisions"}],"predecessor-version":[{"id":2282,"href":"https:\/\/shams-alyaoum.com\/fr\/wp-json\/wp\/v2\/posts\/2280\/revisions\/2282"}],"wp:featuredmedia":[{"embeddable":true,"href":"https:\/\/shams-alyaoum.com\/fr\/wp-json\/wp\/v2\/media\/2126"}],"wp:attachment":[{"href":"https:\/\/shams-alyaoum.com\/fr\/wp-json\/wp\/v2\/media?parent=2280"}],"wp:term":[{"taxonomy":"category","embeddable":true,"href":"https:\/\/shams-alyaoum.com\/fr\/wp-json\/wp\/v2\/categories?post=2280"},{"taxonomy":"post_tag","embeddable":true,"href":"https:\/\/shams-alyaoum.com\/fr\/wp-json\/wp\/v2\/tags?post=2280"}],"curies":[{"name":"wp","href":"https:\/\/api.w.org\/{rel}","templated":true}]}}