{"id":2244,"date":"2022-03-17T16:03:51","date_gmt":"2022-03-17T15:03:51","guid":{"rendered":"https:\/\/shams-alyaoum.com\/fr\/?p=2244"},"modified":"2022-03-17T16:03:52","modified_gmt":"2022-03-17T15:03:52","slug":"ennahdha-appelle-ses-adherents-a-manifester-le-20-mars","status":"publish","type":"post","link":"https:\/\/shams-alyaoum.com\/fr\/ennahdha-appelle-ses-adherents-a-manifester-le-20-mars\/","title":{"rendered":"Ennahdha appelle ses adh\u00e9rents \u00e0 manifester le 20 Mars"},"content":{"rendered":"\n<p>Le mouvement Ennahdha, a appel\u00e9, aujourd&rsquo;hui dans un communiqu\u00e9, ses adh\u00e9rents \u00e0 rejoindre la manifestation pr\u00e9vue le 20 Mars qui partira de Bab Saadoun en direction de la Place du Bardo.<\/p>\n\n\n\n<p>Selon le communiqu\u00e9, cette manifestation sera organis\u00e9e pour d\u00e9noncer \u00ab\u00a0les graves d\u00e9passements des libert\u00e9s et entraves \u00e0 la d\u00e9mocratie ainsi que l\u2019arnaque de la consultation\u00a0\u00bb.<\/p>\n\n\n\n<p><\/p>\n","protected":false},"excerpt":{"rendered":"<p>Le mouvement Ennahdha, a appel\u00e9, aujourd&rsquo;hui dans un communiqu\u00e9, ses adh\u00e9rents \u00e0 rejoindre la manifestation pr\u00e9vue le 20 Mars qui partira de Bab Saadoun en direction de la Place du Bardo. Selon le communiqu\u00e9, cette manifestation sera organis\u00e9e pour d\u00e9noncer \u00ab\u00a0les graves d\u00e9passements des libert\u00e9s et entraves \u00e0 la d\u00e9mocratie ainsi que l\u2019arnaque de la &hellip;<\/p>\n","protected":false},"author":2,"featured_media":2245,"comment_status":"closed","ping_status":"open","sticky":false,"template":"","format":"standard","meta":{"footnotes":""},"categories":[2,24,14],"tags":[141,164,64,140,36],"class_list":["post-2244","post","type-post","status-publish","format-standard","has-post-thumbnail","hentry","category-news","category-politique","category-tunisie","tag-20-mars","tag-bardo","tag-ennahdha","tag-manifestation","tag-tunisie"],"yoast_head":"<!-- This site is optimized with the Yoast SEO plugin v26.3 - https:\/\/yoast.com\/wordpress\/plugins\/seo\/ -->\n<title>Ennahdha appelle ses adh\u00e9rents \u00e0 manifester le 20 Mars - Magazine Shams Al Yaoum<\/title>\n<meta name=\"robots\" content=\"index, follow, max-snippet:-1, max-image-preview:large, max-video-preview:-1\" \/>\n<link rel=\"canonical\" href=\"https:\/\/shams-alyaoum.com\/fr\/ennahdha-appelle-ses-adherents-a-manifester-le-20-mars\/\" \/>\n<meta property=\"og:locale\" content=\"fr_FR\" \/>\n<meta property=\"og:type\" content=\"article\" \/>\n<meta property=\"og:title\" content=\"Ennahdha appelle ses adh\u00e9rents \u00e0 manifester le 20 Mars - Magazine Shams Al Yaoum\" \/>\n<meta property=\"og:description\" content=\"Le mouvement Ennahdha, a appel\u00e9, aujourd&rsquo;hui dans un communiqu\u00e9, ses adh\u00e9rents \u00e0 rejoindre la manifestation pr\u00e9vue le 20 Mars qui partira de Bab Saadoun en direction de la Place du Bardo. Selon le communiqu\u00e9, cette manifestation sera organis\u00e9e pour d\u00e9noncer \u00ab\u00a0les graves d\u00e9passements des libert\u00e9s et entraves \u00e0 la d\u00e9mocratie ainsi que l\u2019arnaque de la &hellip;\" \/>\n<meta property=\"og:url\" content=\"https:\/\/shams-alyaoum.com\/fr\/ennahdha-appelle-ses-adherents-a-manifester-le-20-mars\/\" \/>\n<meta property=\"og:site_name\" content=\"Magazine Shams Al Yaoum\" \/>\n<meta property=\"article:published_time\" content=\"2022-03-17T15:03:51+00:00\" \/>\n<meta property=\"article:modified_time\" content=\"2022-03-17T15:03:52+00:00\" \/>\n<meta property=\"og:image\" content=\"https:\/\/shams-alyaoum.com\/fr\/wp-content\/uploads\/2022\/03\/\u0627\u0644\u0646\u0647\u0636\u0629-1-1.jpg\" \/>\n\t<meta property=\"og:image:width\" content=\"750\" \/>\n\t<meta property=\"og:image:height\" content=\"400\" \/>\n\t<meta property=\"og:image:type\" content=\"image\/jpeg\" \/>\n<meta name=\"author\" content=\"shamsalyaoum\" \/>\n<meta name=\"twitter:card\" content=\"summary_large_image\" \/>\n<meta name=\"twitter:label1\" content=\"\u00c9crit par\" \/>\n\t<meta name=\"twitter:data1\" content=\"shamsalyaoum\" \/>\n<script type=\"application\/ld+json\" class=\"yoast-schema-graph\">{\"@context\":\"https:\/\/schema.org\",\"@graph\":[{\"@type\":\"WebPage\",\"@id\":\"https:\/\/shams-alyaoum.com\/fr\/ennahdha-appelle-ses-adherents-a-manifester-le-20-mars\/\",\"url\":\"https:\/\/shams-alyaoum.com\/fr\/ennahdha-appelle-ses-adherents-a-manifester-le-20-mars\/\",\"name\":\"Ennahdha appelle ses adh\u00e9rents \u00e0 manifester le 20 Mars - Magazine Shams Al Yaoum\",\"isPartOf\":{\"@id\":\"https:\/\/shams-alyaoum.com\/fr\/#website\"},\"primaryImageOfPage\":{\"@id\":\"https:\/\/shams-alyaoum.com\/fr\/ennahdha-appelle-ses-adherents-a-manifester-le-20-mars\/#primaryimage\"},\"image\":{\"@id\":\"https:\/\/shams-alyaoum.com\/fr\/ennahdha-appelle-ses-adherents-a-manifester-le-20-mars\/#primaryimage\"},\"thumbnailUrl\":\"https:\/\/shams-alyaoum.com\/fr\/wp-content\/uploads\/2022\/03\/\u0627\u0644\u0646\u0647\u0636\u0629-1-1.jpg\",\"datePublished\":\"2022-03-17T15:03:51+00:00\",\"dateModified\":\"2022-03-17T15:03:52+00:00\",\"author\":{\"@id\":\"https:\/\/shams-alyaoum.com\/fr\/#\/schema\/person\/7b572f8c370a521e35112e88da52dce5\"},\"breadcrumb\":{\"@id\":\"https:\/\/shams-alyaoum.com\/fr\/ennahdha-appelle-ses-adherents-a-manifester-le-20-mars\/#breadcrumb\"},\"inLanguage\":\"fr-FR\",\"potentialAction\":[{\"@type\":\"ReadAction\",\"target\":[\"https:\/\/shams-alyaoum.com\/fr\/ennahdha-appelle-ses-adherents-a-manifester-le-20-mars\/\"]}]},{\"@type\":\"ImageObject\",\"inLanguage\":\"fr-FR\",\"@id\":\"https:\/\/shams-alyaoum.com\/fr\/ennahdha-appelle-ses-adherents-a-manifester-le-20-mars\/#primaryimage\",\"url\":\"https:\/\/shams-alyaoum.com\/fr\/wp-content\/uploads\/2022\/03\/\u0627\u0644\u0646\u0647\u0636\u0629-1-1.jpg\",\"contentUrl\":\"https:\/\/shams-alyaoum.com\/fr\/wp-content\/uploads\/2022\/03\/\u0627\u0644\u0646\u0647\u0636\u0629-1-1.jpg\",\"width\":750,\"height\":400},{\"@type\":\"BreadcrumbList\",\"@id\":\"https:\/\/shams-alyaoum.com\/fr\/ennahdha-appelle-ses-adherents-a-manifester-le-20-mars\/#breadcrumb\",\"itemListElement\":[{\"@type\":\"ListItem\",\"position\":1,\"name\":\"Accueil\",\"item\":\"https:\/\/shams-alyaoum.com\/fr\/\"},{\"@type\":\"ListItem\",\"position\":2,\"name\":\"Ennahdha appelle ses adh\u00e9rents \u00e0 manifester le 20 Mars\"}]},{\"@type\":\"WebSite\",\"@id\":\"https:\/\/shams-alyaoum.com\/fr\/#website\",\"url\":\"https:\/\/shams-alyaoum.com\/fr\/\",\"name\":\"Magazine Shams Al Yaoum\",\"description\":\"\",\"potentialAction\":[{\"@type\":\"SearchAction\",\"target\":{\"@type\":\"EntryPoint\",\"urlTemplate\":\"https:\/\/shams-alyaoum.com\/fr\/?s={search_term_string}\"},\"query-input\":{\"@type\":\"PropertyValueSpecification\",\"valueRequired\":true,\"valueName\":\"search_term_string\"}}],\"inLanguage\":\"fr-FR\"},{\"@type\":\"Person\",\"@id\":\"https:\/\/shams-alyaoum.com\/fr\/#\/schema\/person\/7b572f8c370a521e35112e88da52dce5\",\"name\":\"shamsalyaoum\",\"image\":{\"@type\":\"ImageObject\",\"inLanguage\":\"fr-FR\",\"@id\":\"https:\/\/shams-alyaoum.com\/fr\/#\/schema\/person\/image\/\",\"url\":\"https:\/\/secure.gravatar.com\/avatar\/11774fd6260846ea4d3230345b47c868eaffb0fe76386b1a8b3cc24c8dc91f3d?s=96&d=mm&r=g\",\"contentUrl\":\"https:\/\/secure.gravatar.com\/avatar\/11774fd6260846ea4d3230345b47c868eaffb0fe76386b1a8b3cc24c8dc91f3d?s=96&d=mm&r=g\",\"caption\":\"shamsalyaoum\"},\"url\":\"https:\/\/shams-alyaoum.com\/fr\/author\/shamsalyaoum\/\"}]}<\/script>\n<!-- \/ Yoast SEO plugin. -->","yoast_head_json":{"title":"Ennahdha appelle ses adh\u00e9rents \u00e0 manifester le 20 Mars - Magazine Shams Al Yaoum","robots":{"index":"index","follow":"follow","max-snippet":"max-snippet:-1","max-image-preview":"max-image-preview:large","max-video-preview":"max-video-preview:-1"},"canonical":"https:\/\/shams-alyaoum.com\/fr\/ennahdha-appelle-ses-adherents-a-manifester-le-20-mars\/","og_locale":"fr_FR","og_type":"article","og_title":"Ennahdha appelle ses adh\u00e9rents \u00e0 manifester le 20 Mars - Magazine Shams Al Yaoum","og_description":"Le mouvement Ennahdha, a appel\u00e9, aujourd&rsquo;hui dans un communiqu\u00e9, ses adh\u00e9rents \u00e0 rejoindre la manifestation pr\u00e9vue le 20 Mars qui partira de Bab Saadoun en direction de la Place du Bardo. Selon le communiqu\u00e9, cette manifestation sera organis\u00e9e pour d\u00e9noncer \u00ab\u00a0les graves d\u00e9passements des libert\u00e9s et entraves \u00e0 la d\u00e9mocratie ainsi que l\u2019arnaque de la &hellip;","og_url":"https:\/\/shams-alyaoum.com\/fr\/ennahdha-appelle-ses-adherents-a-manifester-le-20-mars\/","og_site_name":"Magazine Shams Al Yaoum","article_published_time":"2022-03-17T15:03:51+00:00","article_modified_time":"2022-03-17T15:03:52+00:00","og_image":[{"width":750,"height":400,"url":"https:\/\/shams-alyaoum.com\/fr\/wp-content\/uploads\/2022\/03\/\u0627\u0644\u0646\u0647\u0636\u0629-1-1.jpg","type":"image\/jpeg"}],"author":"shamsalyaoum","twitter_card":"summary_large_image","twitter_misc":{"\u00c9crit par":"shamsalyaoum"},"schema":{"@context":"https:\/\/schema.org","@graph":[{"@type":"WebPage","@id":"https:\/\/shams-alyaoum.com\/fr\/ennahdha-appelle-ses-adherents-a-manifester-le-20-mars\/","url":"https:\/\/shams-alyaoum.com\/fr\/ennahdha-appelle-ses-adherents-a-manifester-le-20-mars\/","name":"Ennahdha appelle ses adh\u00e9rents \u00e0 manifester le 20 Mars - Magazine Shams Al Yaoum","isPartOf":{"@id":"https:\/\/shams-alyaoum.com\/fr\/#website"},"primaryImageOfPage":{"@id":"https:\/\/shams-alyaoum.com\/fr\/ennahdha-appelle-ses-adherents-a-manifester-le-20-mars\/#primaryimage"},"image":{"@id":"https:\/\/shams-alyaoum.com\/fr\/ennahdha-appelle-ses-adherents-a-manifester-le-20-mars\/#primaryimage"},"thumbnailUrl":"https:\/\/shams-alyaoum.com\/fr\/wp-content\/uploads\/2022\/03\/\u0627\u0644\u0646\u0647\u0636\u0629-1-1.jpg","datePublished":"2022-03-17T15:03:51+00:00","dateModified":"2022-03-17T15:03:52+00:00","author":{"@id":"https:\/\/shams-alyaoum.com\/fr\/#\/schema\/person\/7b572f8c370a521e35112e88da52dce5"},"breadcrumb":{"@id":"https:\/\/shams-alyaoum.com\/fr\/ennahdha-appelle-ses-adherents-a-manifester-le-20-mars\/#breadcrumb"},"inLanguage":"fr-FR","potentialAction":[{"@type":"ReadAction","target":["https:\/\/shams-alyaoum.com\/fr\/ennahdha-appelle-ses-adherents-a-manifester-le-20-mars\/"]}]},{"@type":"ImageObject","inLanguage":"fr-FR","@id":"https:\/\/shams-alyaoum.com\/fr\/ennahdha-appelle-ses-adherents-a-manifester-le-20-mars\/#primaryimage","url":"https:\/\/shams-alyaoum.com\/fr\/wp-content\/uploads\/2022\/03\/\u0627\u0644\u0646\u0647\u0636\u0629-1-1.jpg","contentUrl":"https:\/\/shams-alyaoum.com\/fr\/wp-content\/uploads\/2022\/03\/\u0627\u0644\u0646\u0647\u0636\u0629-1-1.jpg","width":750,"height":400},{"@type":"BreadcrumbList","@id":"https:\/\/shams-alyaoum.com\/fr\/ennahdha-appelle-ses-adherents-a-manifester-le-20-mars\/#breadcrumb","itemListElement":[{"@type":"ListItem","position":1,"name":"Accueil","item":"https:\/\/shams-alyaoum.com\/fr\/"},{"@type":"ListItem","position":2,"name":"Ennahdha appelle ses adh\u00e9rents \u00e0 manifester le 20 Mars"}]},{"@type":"WebSite","@id":"https:\/\/shams-alyaoum.com\/fr\/#website","url":"https:\/\/shams-alyaoum.com\/fr\/","name":"Magazine Shams Al Yaoum","description":"","potentialAction":[{"@type":"SearchAction","target":{"@type":"EntryPoint","urlTemplate":"https:\/\/shams-alyaoum.com\/fr\/?s={search_term_string}"},"query-input":{"@type":"PropertyValueSpecification","valueRequired":true,"valueName":"search_term_string"}}],"inLanguage":"fr-FR"},{"@type":"Person","@id":"https:\/\/shams-alyaoum.com\/fr\/#\/schema\/person\/7b572f8c370a521e35112e88da52dce5","name":"shamsalyaoum","image":{"@type":"ImageObject","inLanguage":"fr-FR","@id":"https:\/\/shams-alyaoum.com\/fr\/#\/schema\/person\/image\/","url":"https:\/\/secure.gravatar.com\/avatar\/11774fd6260846ea4d3230345b47c868eaffb0fe76386b1a8b3cc24c8dc91f3d?s=96&d=mm&r=g","contentUrl":"https:\/\/secure.gravatar.com\/avatar\/11774fd6260846ea4d3230345b47c868eaffb0fe76386b1a8b3cc24c8dc91f3d?s=96&d=mm&r=g","caption":"shamsalyaoum"},"url":"https:\/\/shams-alyaoum.com\/fr\/author\/shamsalyaoum\/"}]}},"_links":{"self":[{"href":"https:\/\/shams-alyaoum.com\/fr\/wp-json\/wp\/v2\/posts\/2244","targetHints":{"allow":["GET"]}}],"collection":[{"href":"https:\/\/shams-alyaoum.com\/fr\/wp-json\/wp\/v2\/posts"}],"about":[{"href":"https:\/\/shams-alyaoum.com\/fr\/wp-json\/wp\/v2\/types\/post"}],"author":[{"embeddable":true,"href":"https:\/\/shams-alyaoum.com\/fr\/wp-json\/wp\/v2\/users\/2"}],"replies":[{"embeddable":true,"href":"https:\/\/shams-alyaoum.com\/fr\/wp-json\/wp\/v2\/comments?post=2244"}],"version-history":[{"count":1,"href":"https:\/\/shams-alyaoum.com\/fr\/wp-json\/wp\/v2\/posts\/2244\/revisions"}],"predecessor-version":[{"id":2246,"href":"https:\/\/shams-alyaoum.com\/fr\/wp-json\/wp\/v2\/posts\/2244\/revisions\/2246"}],"wp:featuredmedia":[{"embeddable":true,"href":"https:\/\/shams-alyaoum.com\/fr\/wp-json\/wp\/v2\/media\/2245"}],"wp:attachment":[{"href":"https:\/\/shams-alyaoum.com\/fr\/wp-json\/wp\/v2\/media?parent=2244"}],"wp:term":[{"taxonomy":"category","embeddable":true,"href":"https:\/\/shams-alyaoum.com\/fr\/wp-json\/wp\/v2\/categories?post=2244"},{"taxonomy":"post_tag","embeddable":true,"href":"https:\/\/shams-alyaoum.com\/fr\/wp-json\/wp\/v2\/tags?post=2244"}],"curies":[{"name":"wp","href":"https:\/\/api.w.org\/{rel}","templated":true}]}}