{"id":2175,"date":"2022-03-15T18:57:13","date_gmt":"2022-03-15T17:57:13","guid":{"rendered":"https:\/\/shams-alyaoum.com\/fr\/?p=2175"},"modified":"2022-03-15T18:57:46","modified_gmt":"2022-03-15T17:57:46","slug":"la-tunisie-preside-la-conference-ministerielle-de-la-francophonie-a-paris%ef%bf%bc","status":"publish","type":"post","link":"https:\/\/shams-alyaoum.com\/fr\/la-tunisie-preside-la-conference-ministerielle-de-la-francophonie-a-paris%ef%bf%bc\/","title":{"rendered":"La Tunisie pr\u00e9side la Conf\u00e9rence minist\u00e9rielle de la Francophonie \u00e0 Paris"},"content":{"rendered":"\n<p>Le minist\u00e8re des Affaires \u00e9trang\u00e8res a annonc\u00e9, mardi , dans un communiqu\u00e9, que la Tunisie pr\u00e9side, mercredi 16 mars 2022, les r\u00e9unions de la Conf\u00e9rence minist\u00e9rielle de la Francophonie en tant que pays h\u00f4te du 18e Sommet de la Francophonie, pr\u00e9vu en novembre prochain \u00e0 Djerba.<\/p>\n\n\n\n<p>Le ministre des Affaires \u00e9trang\u00e8res, de la Migration et des Tunisiens \u00e0 l\u2019\u00e9tranger, Othman Jerandi, repr\u00e9sente la Tunisie \u00e0 cette conf\u00e9rence qui se d\u00e9roulera en pr\u00e9sence de la secr\u00e9taire g\u00e9n\u00e9rale de la Francophonie, Louise Mushikiwabo ainsi que de plusieurs ministres et chefs de d\u00e9l\u00e9gations des Etats membres \u00e0 l\u2019Organisation internationale de la Francophonie (OIF).<\/p>\n\n\n\n<p>Cette conf\u00e9rence minist\u00e9rielle sera l\u2019occasion d\u2019\u00e9changer sur le projet collectif des institutions francophones. Elle sera consacr\u00e9e \u00e9galement au suivi et \u00e0 et la mise en \u0153uvre des d\u00e9cisions du pr\u00e9c\u00e9dent sommet tenu en Arm\u00e9nie ainsi qu\u2019\u00e0 la pr\u00e9paration du prochain sommet \u00e0 Djerba (sud de la Tunisie).<\/p>\n\n\n\n<p>Il s\u2019agit aussi d\u2019examiner les activit\u00e9s de l\u2019OIF en lien avec le renforcement de la d\u00e9mocratie et de la s\u00e9curit\u00e9 ainsi que la lutte contre la d\u00e9sinformation dans les m\u00e9dias et l\u2019espace virtuel.Jerandi aura, \u00e0 cette occasion, des entretiens bilat\u00e9raux avec ses homologues participant \u00e0 la CMF sur les moyens de renforcer les relations de coop\u00e9ration bilat\u00e9rale et des concertations sur les questions r\u00e9gionales et internationales d\u2019int\u00e9r\u00eat commun, ajoute la m\u00eame source.<\/p>\n","protected":false},"excerpt":{"rendered":"<p>Le minist\u00e8re des Affaires \u00e9trang\u00e8res a annonc\u00e9, mardi , dans un communiqu\u00e9, que la Tunisie pr\u00e9side, mercredi 16 mars 2022, les r\u00e9unions de la Conf\u00e9rence minist\u00e9rielle de la Francophonie en tant que pays h\u00f4te du 18e Sommet de la Francophonie, pr\u00e9vu en novembre prochain \u00e0 Djerba. Le ministre des Affaires \u00e9trang\u00e8res, de la Migration et &hellip;<\/p>\n","protected":false},"author":2,"featured_media":2176,"comment_status":"closed","ping_status":"open","sticky":false,"template":"","format":"standard","meta":{"footnotes":""},"categories":[16,2,14],"tags":[124,122,121,123,36],"class_list":["post-2175","post","type-post","status-publish","format-standard","has-post-thumbnail","hentry","category-le-monde","category-news","category-tunisie","tag-conference-ministerielle-de-la-francophonie","tag-lorganisation-internationale-de-la-francophonie","tag-ministere-des-affaires-etrangeres","tag-paris","tag-tunisie"],"yoast_head":"<!-- This site is optimized with the Yoast SEO plugin v26.3 - https:\/\/yoast.com\/wordpress\/plugins\/seo\/ -->\n<title>La Tunisie pr\u00e9side la Conf\u00e9rence minist\u00e9rielle de la Francophonie \u00e0 Paris - Magazine Shams Al Yaoum<\/title>\n<meta name=\"robots\" content=\"index, follow, max-snippet:-1, max-image-preview:large, max-video-preview:-1\" \/>\n<link rel=\"canonical\" href=\"https:\/\/shams-alyaoum.com\/fr\/la-tunisie-preside-la-conference-ministerielle-de-la-francophonie-a-paris\ufffc\/\" \/>\n<meta property=\"og:locale\" content=\"fr_FR\" \/>\n<meta property=\"og:type\" content=\"article\" \/>\n<meta property=\"og:title\" content=\"La Tunisie pr\u00e9side la Conf\u00e9rence minist\u00e9rielle de la Francophonie \u00e0 Paris - Magazine Shams Al Yaoum\" \/>\n<meta property=\"og:description\" content=\"Le minist\u00e8re des Affaires \u00e9trang\u00e8res a annonc\u00e9, mardi , dans un communiqu\u00e9, que la Tunisie pr\u00e9side, mercredi 16 mars 2022, les r\u00e9unions de la Conf\u00e9rence minist\u00e9rielle de la Francophonie en tant que pays h\u00f4te du 18e Sommet de la Francophonie, pr\u00e9vu en novembre prochain \u00e0 Djerba. Le ministre des Affaires \u00e9trang\u00e8res, de la Migration et &hellip;\" \/>\n<meta property=\"og:url\" content=\"https:\/\/shams-alyaoum.com\/fr\/la-tunisie-preside-la-conference-ministerielle-de-la-francophonie-a-paris\ufffc\/\" \/>\n<meta property=\"og:site_name\" content=\"Magazine Shams Al Yaoum\" \/>\n<meta property=\"article:published_time\" content=\"2022-03-15T17:57:13+00:00\" \/>\n<meta property=\"article:modified_time\" content=\"2022-03-15T17:57:46+00:00\" \/>\n<meta property=\"og:image\" content=\"https:\/\/shams-alyaoum.com\/fr\/wp-content\/uploads\/2022\/03\/cache_660x660_Analog_medium_14993149_38911_15032022.jpg\" \/>\n\t<meta property=\"og:image:width\" content=\"660\" \/>\n\t<meta property=\"og:image:height\" content=\"566\" \/>\n\t<meta property=\"og:image:type\" content=\"image\/jpeg\" \/>\n<meta name=\"author\" content=\"shamsalyaoum\" \/>\n<meta name=\"twitter:card\" content=\"summary_large_image\" \/>\n<meta name=\"twitter:label1\" content=\"\u00c9crit par\" \/>\n\t<meta name=\"twitter:data1\" content=\"shamsalyaoum\" \/>\n\t<meta name=\"twitter:label2\" content=\"Dur\u00e9e de lecture estim\u00e9e\" \/>\n\t<meta name=\"twitter:data2\" content=\"1 minute\" \/>\n<script type=\"application\/ld+json\" class=\"yoast-schema-graph\">{\"@context\":\"https:\/\/schema.org\",\"@graph\":[{\"@type\":\"WebPage\",\"@id\":\"https:\/\/shams-alyaoum.com\/fr\/la-tunisie-preside-la-conference-ministerielle-de-la-francophonie-a-paris%ef%bf%bc\/\",\"url\":\"https:\/\/shams-alyaoum.com\/fr\/la-tunisie-preside-la-conference-ministerielle-de-la-francophonie-a-paris%ef%bf%bc\/\",\"name\":\"La Tunisie pr\u00e9side la Conf\u00e9rence minist\u00e9rielle de la Francophonie \u00e0 Paris - Magazine Shams Al Yaoum\",\"isPartOf\":{\"@id\":\"https:\/\/shams-alyaoum.com\/fr\/#website\"},\"primaryImageOfPage\":{\"@id\":\"https:\/\/shams-alyaoum.com\/fr\/la-tunisie-preside-la-conference-ministerielle-de-la-francophonie-a-paris%ef%bf%bc\/#primaryimage\"},\"image\":{\"@id\":\"https:\/\/shams-alyaoum.com\/fr\/la-tunisie-preside-la-conference-ministerielle-de-la-francophonie-a-paris%ef%bf%bc\/#primaryimage\"},\"thumbnailUrl\":\"https:\/\/shams-alyaoum.com\/fr\/wp-content\/uploads\/2022\/03\/cache_660x660_Analog_medium_14993149_38911_15032022.jpg\",\"datePublished\":\"2022-03-15T17:57:13+00:00\",\"dateModified\":\"2022-03-15T17:57:46+00:00\",\"author\":{\"@id\":\"https:\/\/shams-alyaoum.com\/fr\/#\/schema\/person\/7b572f8c370a521e35112e88da52dce5\"},\"breadcrumb\":{\"@id\":\"https:\/\/shams-alyaoum.com\/fr\/la-tunisie-preside-la-conference-ministerielle-de-la-francophonie-a-paris%ef%bf%bc\/#breadcrumb\"},\"inLanguage\":\"fr-FR\",\"potentialAction\":[{\"@type\":\"ReadAction\",\"target\":[\"https:\/\/shams-alyaoum.com\/fr\/la-tunisie-preside-la-conference-ministerielle-de-la-francophonie-a-paris%ef%bf%bc\/\"]}]},{\"@type\":\"ImageObject\",\"inLanguage\":\"fr-FR\",\"@id\":\"https:\/\/shams-alyaoum.com\/fr\/la-tunisie-preside-la-conference-ministerielle-de-la-francophonie-a-paris%ef%bf%bc\/#primaryimage\",\"url\":\"https:\/\/shams-alyaoum.com\/fr\/wp-content\/uploads\/2022\/03\/cache_660x660_Analog_medium_14993149_38911_15032022.jpg\",\"contentUrl\":\"https:\/\/shams-alyaoum.com\/fr\/wp-content\/uploads\/2022\/03\/cache_660x660_Analog_medium_14993149_38911_15032022.jpg\",\"width\":660,\"height\":566},{\"@type\":\"BreadcrumbList\",\"@id\":\"https:\/\/shams-alyaoum.com\/fr\/la-tunisie-preside-la-conference-ministerielle-de-la-francophonie-a-paris%ef%bf%bc\/#breadcrumb\",\"itemListElement\":[{\"@type\":\"ListItem\",\"position\":1,\"name\":\"Accueil\",\"item\":\"https:\/\/shams-alyaoum.com\/fr\/\"},{\"@type\":\"ListItem\",\"position\":2,\"name\":\"La Tunisie pr\u00e9side la Conf\u00e9rence minist\u00e9rielle de la Francophonie \u00e0 Paris\"}]},{\"@type\":\"WebSite\",\"@id\":\"https:\/\/shams-alyaoum.com\/fr\/#website\",\"url\":\"https:\/\/shams-alyaoum.com\/fr\/\",\"name\":\"Magazine Shams Al Yaoum\",\"description\":\"\",\"potentialAction\":[{\"@type\":\"SearchAction\",\"target\":{\"@type\":\"EntryPoint\",\"urlTemplate\":\"https:\/\/shams-alyaoum.com\/fr\/?s={search_term_string}\"},\"query-input\":{\"@type\":\"PropertyValueSpecification\",\"valueRequired\":true,\"valueName\":\"search_term_string\"}}],\"inLanguage\":\"fr-FR\"},{\"@type\":\"Person\",\"@id\":\"https:\/\/shams-alyaoum.com\/fr\/#\/schema\/person\/7b572f8c370a521e35112e88da52dce5\",\"name\":\"shamsalyaoum\",\"image\":{\"@type\":\"ImageObject\",\"inLanguage\":\"fr-FR\",\"@id\":\"https:\/\/shams-alyaoum.com\/fr\/#\/schema\/person\/image\/\",\"url\":\"https:\/\/secure.gravatar.com\/avatar\/11774fd6260846ea4d3230345b47c868eaffb0fe76386b1a8b3cc24c8dc91f3d?s=96&d=mm&r=g\",\"contentUrl\":\"https:\/\/secure.gravatar.com\/avatar\/11774fd6260846ea4d3230345b47c868eaffb0fe76386b1a8b3cc24c8dc91f3d?s=96&d=mm&r=g\",\"caption\":\"shamsalyaoum\"},\"url\":\"https:\/\/shams-alyaoum.com\/fr\/author\/shamsalyaoum\/\"}]}<\/script>\n<!-- \/ Yoast SEO plugin. -->","yoast_head_json":{"title":"La Tunisie pr\u00e9side la Conf\u00e9rence minist\u00e9rielle de la Francophonie \u00e0 Paris - Magazine Shams Al Yaoum","robots":{"index":"index","follow":"follow","max-snippet":"max-snippet:-1","max-image-preview":"max-image-preview:large","max-video-preview":"max-video-preview:-1"},"canonical":"https:\/\/shams-alyaoum.com\/fr\/la-tunisie-preside-la-conference-ministerielle-de-la-francophonie-a-paris\ufffc\/","og_locale":"fr_FR","og_type":"article","og_title":"La Tunisie pr\u00e9side la Conf\u00e9rence minist\u00e9rielle de la Francophonie \u00e0 Paris - Magazine Shams Al Yaoum","og_description":"Le minist\u00e8re des Affaires \u00e9trang\u00e8res a annonc\u00e9, mardi , dans un communiqu\u00e9, que la Tunisie pr\u00e9side, mercredi 16 mars 2022, les r\u00e9unions de la Conf\u00e9rence minist\u00e9rielle de la Francophonie en tant que pays h\u00f4te du 18e Sommet de la Francophonie, pr\u00e9vu en novembre prochain \u00e0 Djerba. Le ministre des Affaires \u00e9trang\u00e8res, de la Migration et &hellip;","og_url":"https:\/\/shams-alyaoum.com\/fr\/la-tunisie-preside-la-conference-ministerielle-de-la-francophonie-a-paris\ufffc\/","og_site_name":"Magazine Shams Al Yaoum","article_published_time":"2022-03-15T17:57:13+00:00","article_modified_time":"2022-03-15T17:57:46+00:00","og_image":[{"width":660,"height":566,"url":"https:\/\/shams-alyaoum.com\/fr\/wp-content\/uploads\/2022\/03\/cache_660x660_Analog_medium_14993149_38911_15032022.jpg","type":"image\/jpeg"}],"author":"shamsalyaoum","twitter_card":"summary_large_image","twitter_misc":{"\u00c9crit par":"shamsalyaoum","Dur\u00e9e de lecture estim\u00e9e":"1 minute"},"schema":{"@context":"https:\/\/schema.org","@graph":[{"@type":"WebPage","@id":"https:\/\/shams-alyaoum.com\/fr\/la-tunisie-preside-la-conference-ministerielle-de-la-francophonie-a-paris%ef%bf%bc\/","url":"https:\/\/shams-alyaoum.com\/fr\/la-tunisie-preside-la-conference-ministerielle-de-la-francophonie-a-paris%ef%bf%bc\/","name":"La Tunisie pr\u00e9side la Conf\u00e9rence minist\u00e9rielle de la Francophonie \u00e0 Paris - Magazine Shams Al Yaoum","isPartOf":{"@id":"https:\/\/shams-alyaoum.com\/fr\/#website"},"primaryImageOfPage":{"@id":"https:\/\/shams-alyaoum.com\/fr\/la-tunisie-preside-la-conference-ministerielle-de-la-francophonie-a-paris%ef%bf%bc\/#primaryimage"},"image":{"@id":"https:\/\/shams-alyaoum.com\/fr\/la-tunisie-preside-la-conference-ministerielle-de-la-francophonie-a-paris%ef%bf%bc\/#primaryimage"},"thumbnailUrl":"https:\/\/shams-alyaoum.com\/fr\/wp-content\/uploads\/2022\/03\/cache_660x660_Analog_medium_14993149_38911_15032022.jpg","datePublished":"2022-03-15T17:57:13+00:00","dateModified":"2022-03-15T17:57:46+00:00","author":{"@id":"https:\/\/shams-alyaoum.com\/fr\/#\/schema\/person\/7b572f8c370a521e35112e88da52dce5"},"breadcrumb":{"@id":"https:\/\/shams-alyaoum.com\/fr\/la-tunisie-preside-la-conference-ministerielle-de-la-francophonie-a-paris%ef%bf%bc\/#breadcrumb"},"inLanguage":"fr-FR","potentialAction":[{"@type":"ReadAction","target":["https:\/\/shams-alyaoum.com\/fr\/la-tunisie-preside-la-conference-ministerielle-de-la-francophonie-a-paris%ef%bf%bc\/"]}]},{"@type":"ImageObject","inLanguage":"fr-FR","@id":"https:\/\/shams-alyaoum.com\/fr\/la-tunisie-preside-la-conference-ministerielle-de-la-francophonie-a-paris%ef%bf%bc\/#primaryimage","url":"https:\/\/shams-alyaoum.com\/fr\/wp-content\/uploads\/2022\/03\/cache_660x660_Analog_medium_14993149_38911_15032022.jpg","contentUrl":"https:\/\/shams-alyaoum.com\/fr\/wp-content\/uploads\/2022\/03\/cache_660x660_Analog_medium_14993149_38911_15032022.jpg","width":660,"height":566},{"@type":"BreadcrumbList","@id":"https:\/\/shams-alyaoum.com\/fr\/la-tunisie-preside-la-conference-ministerielle-de-la-francophonie-a-paris%ef%bf%bc\/#breadcrumb","itemListElement":[{"@type":"ListItem","position":1,"name":"Accueil","item":"https:\/\/shams-alyaoum.com\/fr\/"},{"@type":"ListItem","position":2,"name":"La Tunisie pr\u00e9side la Conf\u00e9rence minist\u00e9rielle de la Francophonie \u00e0 Paris"}]},{"@type":"WebSite","@id":"https:\/\/shams-alyaoum.com\/fr\/#website","url":"https:\/\/shams-alyaoum.com\/fr\/","name":"Magazine Shams Al Yaoum","description":"","potentialAction":[{"@type":"SearchAction","target":{"@type":"EntryPoint","urlTemplate":"https:\/\/shams-alyaoum.com\/fr\/?s={search_term_string}"},"query-input":{"@type":"PropertyValueSpecification","valueRequired":true,"valueName":"search_term_string"}}],"inLanguage":"fr-FR"},{"@type":"Person","@id":"https:\/\/shams-alyaoum.com\/fr\/#\/schema\/person\/7b572f8c370a521e35112e88da52dce5","name":"shamsalyaoum","image":{"@type":"ImageObject","inLanguage":"fr-FR","@id":"https:\/\/shams-alyaoum.com\/fr\/#\/schema\/person\/image\/","url":"https:\/\/secure.gravatar.com\/avatar\/11774fd6260846ea4d3230345b47c868eaffb0fe76386b1a8b3cc24c8dc91f3d?s=96&d=mm&r=g","contentUrl":"https:\/\/secure.gravatar.com\/avatar\/11774fd6260846ea4d3230345b47c868eaffb0fe76386b1a8b3cc24c8dc91f3d?s=96&d=mm&r=g","caption":"shamsalyaoum"},"url":"https:\/\/shams-alyaoum.com\/fr\/author\/shamsalyaoum\/"}]}},"_links":{"self":[{"href":"https:\/\/shams-alyaoum.com\/fr\/wp-json\/wp\/v2\/posts\/2175","targetHints":{"allow":["GET"]}}],"collection":[{"href":"https:\/\/shams-alyaoum.com\/fr\/wp-json\/wp\/v2\/posts"}],"about":[{"href":"https:\/\/shams-alyaoum.com\/fr\/wp-json\/wp\/v2\/types\/post"}],"author":[{"embeddable":true,"href":"https:\/\/shams-alyaoum.com\/fr\/wp-json\/wp\/v2\/users\/2"}],"replies":[{"embeddable":true,"href":"https:\/\/shams-alyaoum.com\/fr\/wp-json\/wp\/v2\/comments?post=2175"}],"version-history":[{"count":2,"href":"https:\/\/shams-alyaoum.com\/fr\/wp-json\/wp\/v2\/posts\/2175\/revisions"}],"predecessor-version":[{"id":2178,"href":"https:\/\/shams-alyaoum.com\/fr\/wp-json\/wp\/v2\/posts\/2175\/revisions\/2178"}],"wp:featuredmedia":[{"embeddable":true,"href":"https:\/\/shams-alyaoum.com\/fr\/wp-json\/wp\/v2\/media\/2176"}],"wp:attachment":[{"href":"https:\/\/shams-alyaoum.com\/fr\/wp-json\/wp\/v2\/media?parent=2175"}],"wp:term":[{"taxonomy":"category","embeddable":true,"href":"https:\/\/shams-alyaoum.com\/fr\/wp-json\/wp\/v2\/categories?post=2175"},{"taxonomy":"post_tag","embeddable":true,"href":"https:\/\/shams-alyaoum.com\/fr\/wp-json\/wp\/v2\/tags?post=2175"}],"curies":[{"name":"wp","href":"https:\/\/api.w.org\/{rel}","templated":true}]}}