{"id":2128,"date":"2022-03-14T13:01:25","date_gmt":"2022-03-14T12:01:25","guid":{"rendered":"https:\/\/shams-alyaoum.com\/fr\/?p=2128"},"modified":"2022-03-14T13:01:27","modified_gmt":"2022-03-14T12:01:27","slug":"le-snjt-vers-lorganisation-dune-greve-generale-dans-les-medias-publics","status":"publish","type":"post","link":"https:\/\/shams-alyaoum.com\/fr\/le-snjt-vers-lorganisation-dune-greve-generale-dans-les-medias-publics\/","title":{"rendered":"Le SNJT : Vers l&rsquo;organisation d&rsquo;une gr\u00e8ve g\u00e9n\u00e9rale dans les m\u00e9dias publics"},"content":{"rendered":"\n<p> La vice-pr\u00e9sident du Syndicat national des journalistes tunisiens (SNJT) Amira Mohamed, a annonc\u00e9,  lundi 14 mars 2022, qu&rsquo;un appel \u00e0 la gr\u00e8ve g\u00e9n\u00e9rale dans tous les m\u00e9dias publics a \u00e9t\u00e9 lanc\u00e9. La date de la gr\u00e8ve sera fix\u00e9e ult\u00e9rieurement en coordination avec la F\u00e9d\u00e9ration g\u00e9n\u00e9rale de l&rsquo;information affili\u00e9e \u00e0 l&rsquo;UGTT.<\/p>\n\n\n\n<p>Cette gr\u00e8ve sera programm\u00e9e pour d\u00e9noncer l&rsquo;absence d&rsquo;interaction de la part du gouvernement en rapport avec le dossier des m\u00e9dias publics.<\/p>\n","protected":false},"excerpt":{"rendered":"<p>La vice-pr\u00e9sident du Syndicat national des journalistes tunisiens (SNJT) Amira Mohamed, a annonc\u00e9, lundi 14 mars 2022, qu&rsquo;un appel \u00e0 la gr\u00e8ve g\u00e9n\u00e9rale dans tous les m\u00e9dias publics a \u00e9t\u00e9 lanc\u00e9. La date de la gr\u00e8ve sera fix\u00e9e ult\u00e9rieurement en coordination avec la F\u00e9d\u00e9ration g\u00e9n\u00e9rale de l&rsquo;information affili\u00e9e \u00e0 l&rsquo;UGTT. Cette gr\u00e8ve sera programm\u00e9e pour &hellip;<\/p>\n","protected":false},"author":2,"featured_media":2129,"comment_status":"closed","ping_status":"open","sticky":false,"template":"","format":"standard","meta":{"footnotes":""},"categories":[2,14],"tags":[57,93,92],"class_list":["post-2128","post","type-post","status-publish","format-standard","has-post-thumbnail","hentry","category-news","category-tunisie","tag-greve","tag-media-public","tag-snjt"],"yoast_head":"<!-- This site is optimized with the Yoast SEO plugin v26.3 - https:\/\/yoast.com\/wordpress\/plugins\/seo\/ -->\n<title>Le SNJT : Vers l&#039;organisation d&#039;une gr\u00e8ve g\u00e9n\u00e9rale dans les m\u00e9dias publics - Magazine Shams Al Yaoum<\/title>\n<meta name=\"robots\" content=\"index, follow, max-snippet:-1, max-image-preview:large, max-video-preview:-1\" \/>\n<link rel=\"canonical\" href=\"https:\/\/shams-alyaoum.com\/fr\/le-snjt-vers-lorganisation-dune-greve-generale-dans-les-medias-publics\/\" \/>\n<meta property=\"og:locale\" content=\"fr_FR\" \/>\n<meta property=\"og:type\" content=\"article\" \/>\n<meta property=\"og:title\" content=\"Le SNJT : Vers l&#039;organisation d&#039;une gr\u00e8ve g\u00e9n\u00e9rale dans les m\u00e9dias publics - Magazine Shams Al Yaoum\" \/>\n<meta property=\"og:description\" content=\"La vice-pr\u00e9sident du Syndicat national des journalistes tunisiens (SNJT) Amira Mohamed, a annonc\u00e9, lundi 14 mars 2022, qu&rsquo;un appel \u00e0 la gr\u00e8ve g\u00e9n\u00e9rale dans tous les m\u00e9dias publics a \u00e9t\u00e9 lanc\u00e9. La date de la gr\u00e8ve sera fix\u00e9e ult\u00e9rieurement en coordination avec la F\u00e9d\u00e9ration g\u00e9n\u00e9rale de l&rsquo;information affili\u00e9e \u00e0 l&rsquo;UGTT. Cette gr\u00e8ve sera programm\u00e9e pour &hellip;\" \/>\n<meta property=\"og:url\" content=\"https:\/\/shams-alyaoum.com\/fr\/le-snjt-vers-lorganisation-dune-greve-generale-dans-les-medias-publics\/\" \/>\n<meta property=\"og:site_name\" content=\"Magazine Shams Al Yaoum\" \/>\n<meta property=\"article:published_time\" content=\"2022-03-14T12:01:25+00:00\" \/>\n<meta property=\"article:modified_time\" content=\"2022-03-14T12:01:27+00:00\" \/>\n<meta property=\"og:image\" content=\"https:\/\/shams-alyaoum.com\/fr\/wp-content\/uploads\/2022\/03\/syndicat-journaliste.png\" \/>\n\t<meta property=\"og:image:width\" content=\"905\" \/>\n\t<meta property=\"og:image:height\" content=\"420\" \/>\n\t<meta property=\"og:image:type\" content=\"image\/png\" \/>\n<meta name=\"author\" content=\"shamsalyaoum\" \/>\n<meta name=\"twitter:card\" content=\"summary_large_image\" \/>\n<meta name=\"twitter:label1\" content=\"\u00c9crit par\" \/>\n\t<meta name=\"twitter:data1\" content=\"shamsalyaoum\" \/>\n<script type=\"application\/ld+json\" class=\"yoast-schema-graph\">{\"@context\":\"https:\/\/schema.org\",\"@graph\":[{\"@type\":\"WebPage\",\"@id\":\"https:\/\/shams-alyaoum.com\/fr\/le-snjt-vers-lorganisation-dune-greve-generale-dans-les-medias-publics\/\",\"url\":\"https:\/\/shams-alyaoum.com\/fr\/le-snjt-vers-lorganisation-dune-greve-generale-dans-les-medias-publics\/\",\"name\":\"Le SNJT : Vers l'organisation d'une gr\u00e8ve g\u00e9n\u00e9rale dans les m\u00e9dias publics - Magazine Shams Al Yaoum\",\"isPartOf\":{\"@id\":\"https:\/\/shams-alyaoum.com\/fr\/#website\"},\"primaryImageOfPage\":{\"@id\":\"https:\/\/shams-alyaoum.com\/fr\/le-snjt-vers-lorganisation-dune-greve-generale-dans-les-medias-publics\/#primaryimage\"},\"image\":{\"@id\":\"https:\/\/shams-alyaoum.com\/fr\/le-snjt-vers-lorganisation-dune-greve-generale-dans-les-medias-publics\/#primaryimage\"},\"thumbnailUrl\":\"https:\/\/shams-alyaoum.com\/fr\/wp-content\/uploads\/2022\/03\/syndicat-journaliste.png\",\"datePublished\":\"2022-03-14T12:01:25+00:00\",\"dateModified\":\"2022-03-14T12:01:27+00:00\",\"author\":{\"@id\":\"https:\/\/shams-alyaoum.com\/fr\/#\/schema\/person\/7b572f8c370a521e35112e88da52dce5\"},\"breadcrumb\":{\"@id\":\"https:\/\/shams-alyaoum.com\/fr\/le-snjt-vers-lorganisation-dune-greve-generale-dans-les-medias-publics\/#breadcrumb\"},\"inLanguage\":\"fr-FR\",\"potentialAction\":[{\"@type\":\"ReadAction\",\"target\":[\"https:\/\/shams-alyaoum.com\/fr\/le-snjt-vers-lorganisation-dune-greve-generale-dans-les-medias-publics\/\"]}]},{\"@type\":\"ImageObject\",\"inLanguage\":\"fr-FR\",\"@id\":\"https:\/\/shams-alyaoum.com\/fr\/le-snjt-vers-lorganisation-dune-greve-generale-dans-les-medias-publics\/#primaryimage\",\"url\":\"https:\/\/shams-alyaoum.com\/fr\/wp-content\/uploads\/2022\/03\/syndicat-journaliste.png\",\"contentUrl\":\"https:\/\/shams-alyaoum.com\/fr\/wp-content\/uploads\/2022\/03\/syndicat-journaliste.png\",\"width\":905,\"height\":420},{\"@type\":\"BreadcrumbList\",\"@id\":\"https:\/\/shams-alyaoum.com\/fr\/le-snjt-vers-lorganisation-dune-greve-generale-dans-les-medias-publics\/#breadcrumb\",\"itemListElement\":[{\"@type\":\"ListItem\",\"position\":1,\"name\":\"Accueil\",\"item\":\"https:\/\/shams-alyaoum.com\/fr\/\"},{\"@type\":\"ListItem\",\"position\":2,\"name\":\"Le SNJT : Vers l&rsquo;organisation d&rsquo;une gr\u00e8ve g\u00e9n\u00e9rale dans les m\u00e9dias publics\"}]},{\"@type\":\"WebSite\",\"@id\":\"https:\/\/shams-alyaoum.com\/fr\/#website\",\"url\":\"https:\/\/shams-alyaoum.com\/fr\/\",\"name\":\"Magazine Shams Al Yaoum\",\"description\":\"\",\"potentialAction\":[{\"@type\":\"SearchAction\",\"target\":{\"@type\":\"EntryPoint\",\"urlTemplate\":\"https:\/\/shams-alyaoum.com\/fr\/?s={search_term_string}\"},\"query-input\":{\"@type\":\"PropertyValueSpecification\",\"valueRequired\":true,\"valueName\":\"search_term_string\"}}],\"inLanguage\":\"fr-FR\"},{\"@type\":\"Person\",\"@id\":\"https:\/\/shams-alyaoum.com\/fr\/#\/schema\/person\/7b572f8c370a521e35112e88da52dce5\",\"name\":\"shamsalyaoum\",\"image\":{\"@type\":\"ImageObject\",\"inLanguage\":\"fr-FR\",\"@id\":\"https:\/\/shams-alyaoum.com\/fr\/#\/schema\/person\/image\/\",\"url\":\"https:\/\/secure.gravatar.com\/avatar\/11774fd6260846ea4d3230345b47c868eaffb0fe76386b1a8b3cc24c8dc91f3d?s=96&d=mm&r=g\",\"contentUrl\":\"https:\/\/secure.gravatar.com\/avatar\/11774fd6260846ea4d3230345b47c868eaffb0fe76386b1a8b3cc24c8dc91f3d?s=96&d=mm&r=g\",\"caption\":\"shamsalyaoum\"},\"url\":\"https:\/\/shams-alyaoum.com\/fr\/author\/shamsalyaoum\/\"}]}<\/script>\n<!-- \/ Yoast SEO plugin. -->","yoast_head_json":{"title":"Le SNJT : Vers l'organisation d'une gr\u00e8ve g\u00e9n\u00e9rale dans les m\u00e9dias publics - Magazine Shams Al Yaoum","robots":{"index":"index","follow":"follow","max-snippet":"max-snippet:-1","max-image-preview":"max-image-preview:large","max-video-preview":"max-video-preview:-1"},"canonical":"https:\/\/shams-alyaoum.com\/fr\/le-snjt-vers-lorganisation-dune-greve-generale-dans-les-medias-publics\/","og_locale":"fr_FR","og_type":"article","og_title":"Le SNJT : Vers l'organisation d'une gr\u00e8ve g\u00e9n\u00e9rale dans les m\u00e9dias publics - Magazine Shams Al Yaoum","og_description":"La vice-pr\u00e9sident du Syndicat national des journalistes tunisiens (SNJT) Amira Mohamed, a annonc\u00e9, lundi 14 mars 2022, qu&rsquo;un appel \u00e0 la gr\u00e8ve g\u00e9n\u00e9rale dans tous les m\u00e9dias publics a \u00e9t\u00e9 lanc\u00e9. La date de la gr\u00e8ve sera fix\u00e9e ult\u00e9rieurement en coordination avec la F\u00e9d\u00e9ration g\u00e9n\u00e9rale de l&rsquo;information affili\u00e9e \u00e0 l&rsquo;UGTT. Cette gr\u00e8ve sera programm\u00e9e pour &hellip;","og_url":"https:\/\/shams-alyaoum.com\/fr\/le-snjt-vers-lorganisation-dune-greve-generale-dans-les-medias-publics\/","og_site_name":"Magazine Shams Al Yaoum","article_published_time":"2022-03-14T12:01:25+00:00","article_modified_time":"2022-03-14T12:01:27+00:00","og_image":[{"width":905,"height":420,"url":"https:\/\/shams-alyaoum.com\/fr\/wp-content\/uploads\/2022\/03\/syndicat-journaliste.png","type":"image\/png"}],"author":"shamsalyaoum","twitter_card":"summary_large_image","twitter_misc":{"\u00c9crit par":"shamsalyaoum"},"schema":{"@context":"https:\/\/schema.org","@graph":[{"@type":"WebPage","@id":"https:\/\/shams-alyaoum.com\/fr\/le-snjt-vers-lorganisation-dune-greve-generale-dans-les-medias-publics\/","url":"https:\/\/shams-alyaoum.com\/fr\/le-snjt-vers-lorganisation-dune-greve-generale-dans-les-medias-publics\/","name":"Le SNJT : Vers l'organisation d'une gr\u00e8ve g\u00e9n\u00e9rale dans les m\u00e9dias publics - Magazine Shams Al Yaoum","isPartOf":{"@id":"https:\/\/shams-alyaoum.com\/fr\/#website"},"primaryImageOfPage":{"@id":"https:\/\/shams-alyaoum.com\/fr\/le-snjt-vers-lorganisation-dune-greve-generale-dans-les-medias-publics\/#primaryimage"},"image":{"@id":"https:\/\/shams-alyaoum.com\/fr\/le-snjt-vers-lorganisation-dune-greve-generale-dans-les-medias-publics\/#primaryimage"},"thumbnailUrl":"https:\/\/shams-alyaoum.com\/fr\/wp-content\/uploads\/2022\/03\/syndicat-journaliste.png","datePublished":"2022-03-14T12:01:25+00:00","dateModified":"2022-03-14T12:01:27+00:00","author":{"@id":"https:\/\/shams-alyaoum.com\/fr\/#\/schema\/person\/7b572f8c370a521e35112e88da52dce5"},"breadcrumb":{"@id":"https:\/\/shams-alyaoum.com\/fr\/le-snjt-vers-lorganisation-dune-greve-generale-dans-les-medias-publics\/#breadcrumb"},"inLanguage":"fr-FR","potentialAction":[{"@type":"ReadAction","target":["https:\/\/shams-alyaoum.com\/fr\/le-snjt-vers-lorganisation-dune-greve-generale-dans-les-medias-publics\/"]}]},{"@type":"ImageObject","inLanguage":"fr-FR","@id":"https:\/\/shams-alyaoum.com\/fr\/le-snjt-vers-lorganisation-dune-greve-generale-dans-les-medias-publics\/#primaryimage","url":"https:\/\/shams-alyaoum.com\/fr\/wp-content\/uploads\/2022\/03\/syndicat-journaliste.png","contentUrl":"https:\/\/shams-alyaoum.com\/fr\/wp-content\/uploads\/2022\/03\/syndicat-journaliste.png","width":905,"height":420},{"@type":"BreadcrumbList","@id":"https:\/\/shams-alyaoum.com\/fr\/le-snjt-vers-lorganisation-dune-greve-generale-dans-les-medias-publics\/#breadcrumb","itemListElement":[{"@type":"ListItem","position":1,"name":"Accueil","item":"https:\/\/shams-alyaoum.com\/fr\/"},{"@type":"ListItem","position":2,"name":"Le SNJT : Vers l&rsquo;organisation d&rsquo;une gr\u00e8ve g\u00e9n\u00e9rale dans les m\u00e9dias publics"}]},{"@type":"WebSite","@id":"https:\/\/shams-alyaoum.com\/fr\/#website","url":"https:\/\/shams-alyaoum.com\/fr\/","name":"Magazine Shams Al Yaoum","description":"","potentialAction":[{"@type":"SearchAction","target":{"@type":"EntryPoint","urlTemplate":"https:\/\/shams-alyaoum.com\/fr\/?s={search_term_string}"},"query-input":{"@type":"PropertyValueSpecification","valueRequired":true,"valueName":"search_term_string"}}],"inLanguage":"fr-FR"},{"@type":"Person","@id":"https:\/\/shams-alyaoum.com\/fr\/#\/schema\/person\/7b572f8c370a521e35112e88da52dce5","name":"shamsalyaoum","image":{"@type":"ImageObject","inLanguage":"fr-FR","@id":"https:\/\/shams-alyaoum.com\/fr\/#\/schema\/person\/image\/","url":"https:\/\/secure.gravatar.com\/avatar\/11774fd6260846ea4d3230345b47c868eaffb0fe76386b1a8b3cc24c8dc91f3d?s=96&d=mm&r=g","contentUrl":"https:\/\/secure.gravatar.com\/avatar\/11774fd6260846ea4d3230345b47c868eaffb0fe76386b1a8b3cc24c8dc91f3d?s=96&d=mm&r=g","caption":"shamsalyaoum"},"url":"https:\/\/shams-alyaoum.com\/fr\/author\/shamsalyaoum\/"}]}},"_links":{"self":[{"href":"https:\/\/shams-alyaoum.com\/fr\/wp-json\/wp\/v2\/posts\/2128","targetHints":{"allow":["GET"]}}],"collection":[{"href":"https:\/\/shams-alyaoum.com\/fr\/wp-json\/wp\/v2\/posts"}],"about":[{"href":"https:\/\/shams-alyaoum.com\/fr\/wp-json\/wp\/v2\/types\/post"}],"author":[{"embeddable":true,"href":"https:\/\/shams-alyaoum.com\/fr\/wp-json\/wp\/v2\/users\/2"}],"replies":[{"embeddable":true,"href":"https:\/\/shams-alyaoum.com\/fr\/wp-json\/wp\/v2\/comments?post=2128"}],"version-history":[{"count":1,"href":"https:\/\/shams-alyaoum.com\/fr\/wp-json\/wp\/v2\/posts\/2128\/revisions"}],"predecessor-version":[{"id":2130,"href":"https:\/\/shams-alyaoum.com\/fr\/wp-json\/wp\/v2\/posts\/2128\/revisions\/2130"}],"wp:featuredmedia":[{"embeddable":true,"href":"https:\/\/shams-alyaoum.com\/fr\/wp-json\/wp\/v2\/media\/2129"}],"wp:attachment":[{"href":"https:\/\/shams-alyaoum.com\/fr\/wp-json\/wp\/v2\/media?parent=2128"}],"wp:term":[{"taxonomy":"category","embeddable":true,"href":"https:\/\/shams-alyaoum.com\/fr\/wp-json\/wp\/v2\/categories?post=2128"},{"taxonomy":"post_tag","embeddable":true,"href":"https:\/\/shams-alyaoum.com\/fr\/wp-json\/wp\/v2\/tags?post=2128"}],"curies":[{"name":"wp","href":"https:\/\/api.w.org\/{rel}","templated":true}]}}