{"id":2102,"date":"2022-03-13T10:48:51","date_gmt":"2022-03-13T09:48:51","guid":{"rendered":"https:\/\/shams-alyaoum.com\/fr\/?p=2102"},"modified":"2022-03-13T10:48:52","modified_gmt":"2022-03-13T09:48:52","slug":"la-france-denonce-comme-des-mensonges-les-accusations-de-moscou-sur-les-violations-du-droit-humanitaire-par-lukraine","status":"publish","type":"post","link":"https:\/\/shams-alyaoum.com\/fr\/la-france-denonce-comme-des-mensonges-les-accusations-de-moscou-sur-les-violations-du-droit-humanitaire-par-lukraine\/","title":{"rendered":"La France d\u00e9nonce comme des \u00ab\u00a0mensonges\u00a0\u00bb les accusations de Moscou sur les violations du droit humanitaire par l&rsquo;Ukraine"},"content":{"rendered":"\n<p><strong>Les accusations de Vladimir Poutine sur des \u00ab\u00a0violations flagrantes\u00a0\u00bb\u00a0du droit humanitaire par les forces ukrainiennes sont\u00a0\u00ab\u00a0des mensonges\u00a0\u00bb, a r\u00e9agi l&rsquo;Elys\u00e9e \u00e0 la suite d&rsquo;un nouvel \u00e9change samedi entre le pr\u00e9sident russe, Emmanuel Macron et Olaf Scholz, selon l&rsquo;Elys\u00e9e.<\/strong><\/p>\n\n\n\n<p><strong>Au cours de cet appel t\u00e9l\u00e9phonique d&rsquo;une heure et demie, le pr\u00e9sident fran\u00e7ais et le chancelier allemand ont de nouveau appel\u00e9 la Russie \u00e0\u00a0\u00ab\u00a0un cessez-le-feu imm\u00e9diat\u00a0\u00bb\u00a0et \u00e0 \u00ab\u00a0lever le si\u00e8ge\u00a0\u00bb\u00a0de Marioupol o\u00f9 la situation est \u00ab\u00a0humainement insoutenable\u00a0\u00bb, a indiqu\u00e9 la pr\u00e9sidence fran\u00e7aise<\/strong><\/p>\n","protected":false},"excerpt":{"rendered":"<p>Les accusations de Vladimir Poutine sur des \u00ab\u00a0violations flagrantes\u00a0\u00bb\u00a0du droit humanitaire par les forces ukrainiennes sont\u00a0\u00ab\u00a0des mensonges\u00a0\u00bb, a r\u00e9agi l&rsquo;Elys\u00e9e \u00e0 la suite d&rsquo;un nouvel \u00e9change samedi entre le pr\u00e9sident russe, Emmanuel Macron et Olaf Scholz, selon l&rsquo;Elys\u00e9e. Au cours de cet appel t\u00e9l\u00e9phonique d&rsquo;une heure et demie, le pr\u00e9sident fran\u00e7ais et le chancelier allemand &hellip;<\/p>\n","protected":false},"author":2,"featured_media":2103,"comment_status":"closed","ping_status":"open","sticky":false,"template":"","format":"standard","meta":{"footnotes":""},"categories":[16,2],"tags":[81,78,79,32,31,80],"class_list":["post-2102","post","type-post","status-publish","format-standard","has-post-thumbnail","hentry","category-le-monde","category-news","tag-emmanuel-macron","tag-guerre-dukraine","tag-lallemagne","tag-la-france","tag-la-russe","tag-vladimir-poutine"],"yoast_head":"<!-- This site is optimized with the Yoast SEO plugin v26.3 - https:\/\/yoast.com\/wordpress\/plugins\/seo\/ -->\n<title>La France d\u00e9nonce comme des &quot;mensonges&quot; les accusations de Moscou sur les violations du droit humanitaire par l&#039;Ukraine - Magazine Shams Al Yaoum<\/title>\n<meta name=\"robots\" content=\"index, follow, max-snippet:-1, max-image-preview:large, max-video-preview:-1\" \/>\n<link rel=\"canonical\" href=\"https:\/\/shams-alyaoum.com\/fr\/la-france-denonce-comme-des-mensonges-les-accusations-de-moscou-sur-les-violations-du-droit-humanitaire-par-lukraine\/\" \/>\n<meta property=\"og:locale\" content=\"fr_FR\" \/>\n<meta property=\"og:type\" content=\"article\" \/>\n<meta property=\"og:title\" content=\"La France d\u00e9nonce comme des &quot;mensonges&quot; les accusations de Moscou sur les violations du droit humanitaire par l&#039;Ukraine - Magazine Shams Al Yaoum\" \/>\n<meta property=\"og:description\" content=\"Les accusations de Vladimir Poutine sur des \u00ab\u00a0violations flagrantes\u00a0\u00bb\u00a0du droit humanitaire par les forces ukrainiennes sont\u00a0\u00ab\u00a0des mensonges\u00a0\u00bb, a r\u00e9agi l&rsquo;Elys\u00e9e \u00e0 la suite d&rsquo;un nouvel \u00e9change samedi entre le pr\u00e9sident russe, Emmanuel Macron et Olaf Scholz, selon l&rsquo;Elys\u00e9e. Au cours de cet appel t\u00e9l\u00e9phonique d&rsquo;une heure et demie, le pr\u00e9sident fran\u00e7ais et le chancelier allemand &hellip;\" \/>\n<meta property=\"og:url\" content=\"https:\/\/shams-alyaoum.com\/fr\/la-france-denonce-comme-des-mensonges-les-accusations-de-moscou-sur-les-violations-du-droit-humanitaire-par-lukraine\/\" \/>\n<meta property=\"og:site_name\" content=\"Magazine Shams Al Yaoum\" \/>\n<meta property=\"article:published_time\" content=\"2022-03-13T09:48:51+00:00\" \/>\n<meta property=\"article:modified_time\" content=\"2022-03-13T09:48:52+00:00\" \/>\n<meta property=\"og:image\" content=\"https:\/\/shams-alyaoum.com\/fr\/wp-content\/uploads\/2022\/03\/c8e44f59134c993f98f9ab9733df0f1425e6f70d.webp\" \/>\n\t<meta property=\"og:image:width\" content=\"1280\" \/>\n\t<meta property=\"og:image:height\" content=\"720\" \/>\n\t<meta property=\"og:image:type\" content=\"image\/webp\" \/>\n<meta name=\"author\" content=\"shamsalyaoum\" \/>\n<meta name=\"twitter:card\" content=\"summary_large_image\" \/>\n<meta name=\"twitter:label1\" content=\"\u00c9crit par\" \/>\n\t<meta name=\"twitter:data1\" content=\"shamsalyaoum\" \/>\n<script type=\"application\/ld+json\" class=\"yoast-schema-graph\">{\"@context\":\"https:\/\/schema.org\",\"@graph\":[{\"@type\":\"WebPage\",\"@id\":\"https:\/\/shams-alyaoum.com\/fr\/la-france-denonce-comme-des-mensonges-les-accusations-de-moscou-sur-les-violations-du-droit-humanitaire-par-lukraine\/\",\"url\":\"https:\/\/shams-alyaoum.com\/fr\/la-france-denonce-comme-des-mensonges-les-accusations-de-moscou-sur-les-violations-du-droit-humanitaire-par-lukraine\/\",\"name\":\"La France d\u00e9nonce comme des \\\"mensonges\\\" les accusations de Moscou sur les violations du droit humanitaire par l'Ukraine - Magazine Shams Al Yaoum\",\"isPartOf\":{\"@id\":\"https:\/\/shams-alyaoum.com\/fr\/#website\"},\"primaryImageOfPage\":{\"@id\":\"https:\/\/shams-alyaoum.com\/fr\/la-france-denonce-comme-des-mensonges-les-accusations-de-moscou-sur-les-violations-du-droit-humanitaire-par-lukraine\/#primaryimage\"},\"image\":{\"@id\":\"https:\/\/shams-alyaoum.com\/fr\/la-france-denonce-comme-des-mensonges-les-accusations-de-moscou-sur-les-violations-du-droit-humanitaire-par-lukraine\/#primaryimage\"},\"thumbnailUrl\":\"https:\/\/shams-alyaoum.com\/fr\/wp-content\/uploads\/2022\/03\/c8e44f59134c993f98f9ab9733df0f1425e6f70d.webp\",\"datePublished\":\"2022-03-13T09:48:51+00:00\",\"dateModified\":\"2022-03-13T09:48:52+00:00\",\"author\":{\"@id\":\"https:\/\/shams-alyaoum.com\/fr\/#\/schema\/person\/7b572f8c370a521e35112e88da52dce5\"},\"breadcrumb\":{\"@id\":\"https:\/\/shams-alyaoum.com\/fr\/la-france-denonce-comme-des-mensonges-les-accusations-de-moscou-sur-les-violations-du-droit-humanitaire-par-lukraine\/#breadcrumb\"},\"inLanguage\":\"fr-FR\",\"potentialAction\":[{\"@type\":\"ReadAction\",\"target\":[\"https:\/\/shams-alyaoum.com\/fr\/la-france-denonce-comme-des-mensonges-les-accusations-de-moscou-sur-les-violations-du-droit-humanitaire-par-lukraine\/\"]}]},{\"@type\":\"ImageObject\",\"inLanguage\":\"fr-FR\",\"@id\":\"https:\/\/shams-alyaoum.com\/fr\/la-france-denonce-comme-des-mensonges-les-accusations-de-moscou-sur-les-violations-du-droit-humanitaire-par-lukraine\/#primaryimage\",\"url\":\"https:\/\/shams-alyaoum.com\/fr\/wp-content\/uploads\/2022\/03\/c8e44f59134c993f98f9ab9733df0f1425e6f70d.webp\",\"contentUrl\":\"https:\/\/shams-alyaoum.com\/fr\/wp-content\/uploads\/2022\/03\/c8e44f59134c993f98f9ab9733df0f1425e6f70d.webp\",\"width\":1280,\"height\":720},{\"@type\":\"BreadcrumbList\",\"@id\":\"https:\/\/shams-alyaoum.com\/fr\/la-france-denonce-comme-des-mensonges-les-accusations-de-moscou-sur-les-violations-du-droit-humanitaire-par-lukraine\/#breadcrumb\",\"itemListElement\":[{\"@type\":\"ListItem\",\"position\":1,\"name\":\"Accueil\",\"item\":\"https:\/\/shams-alyaoum.com\/fr\/\"},{\"@type\":\"ListItem\",\"position\":2,\"name\":\"La France d\u00e9nonce comme des \u00ab\u00a0mensonges\u00a0\u00bb les accusations de Moscou sur les violations du droit humanitaire par l&rsquo;Ukraine\"}]},{\"@type\":\"WebSite\",\"@id\":\"https:\/\/shams-alyaoum.com\/fr\/#website\",\"url\":\"https:\/\/shams-alyaoum.com\/fr\/\",\"name\":\"Magazine Shams Al Yaoum\",\"description\":\"\",\"potentialAction\":[{\"@type\":\"SearchAction\",\"target\":{\"@type\":\"EntryPoint\",\"urlTemplate\":\"https:\/\/shams-alyaoum.com\/fr\/?s={search_term_string}\"},\"query-input\":{\"@type\":\"PropertyValueSpecification\",\"valueRequired\":true,\"valueName\":\"search_term_string\"}}],\"inLanguage\":\"fr-FR\"},{\"@type\":\"Person\",\"@id\":\"https:\/\/shams-alyaoum.com\/fr\/#\/schema\/person\/7b572f8c370a521e35112e88da52dce5\",\"name\":\"shamsalyaoum\",\"image\":{\"@type\":\"ImageObject\",\"inLanguage\":\"fr-FR\",\"@id\":\"https:\/\/shams-alyaoum.com\/fr\/#\/schema\/person\/image\/\",\"url\":\"https:\/\/secure.gravatar.com\/avatar\/11774fd6260846ea4d3230345b47c868eaffb0fe76386b1a8b3cc24c8dc91f3d?s=96&d=mm&r=g\",\"contentUrl\":\"https:\/\/secure.gravatar.com\/avatar\/11774fd6260846ea4d3230345b47c868eaffb0fe76386b1a8b3cc24c8dc91f3d?s=96&d=mm&r=g\",\"caption\":\"shamsalyaoum\"},\"url\":\"https:\/\/shams-alyaoum.com\/fr\/author\/shamsalyaoum\/\"}]}<\/script>\n<!-- \/ Yoast SEO plugin. -->","yoast_head_json":{"title":"La France d\u00e9nonce comme des \"mensonges\" les accusations de Moscou sur les violations du droit humanitaire par l'Ukraine - Magazine Shams Al Yaoum","robots":{"index":"index","follow":"follow","max-snippet":"max-snippet:-1","max-image-preview":"max-image-preview:large","max-video-preview":"max-video-preview:-1"},"canonical":"https:\/\/shams-alyaoum.com\/fr\/la-france-denonce-comme-des-mensonges-les-accusations-de-moscou-sur-les-violations-du-droit-humanitaire-par-lukraine\/","og_locale":"fr_FR","og_type":"article","og_title":"La France d\u00e9nonce comme des \"mensonges\" les accusations de Moscou sur les violations du droit humanitaire par l'Ukraine - Magazine Shams Al Yaoum","og_description":"Les accusations de Vladimir Poutine sur des \u00ab\u00a0violations flagrantes\u00a0\u00bb\u00a0du droit humanitaire par les forces ukrainiennes sont\u00a0\u00ab\u00a0des mensonges\u00a0\u00bb, a r\u00e9agi l&rsquo;Elys\u00e9e \u00e0 la suite d&rsquo;un nouvel \u00e9change samedi entre le pr\u00e9sident russe, Emmanuel Macron et Olaf Scholz, selon l&rsquo;Elys\u00e9e. Au cours de cet appel t\u00e9l\u00e9phonique d&rsquo;une heure et demie, le pr\u00e9sident fran\u00e7ais et le chancelier allemand &hellip;","og_url":"https:\/\/shams-alyaoum.com\/fr\/la-france-denonce-comme-des-mensonges-les-accusations-de-moscou-sur-les-violations-du-droit-humanitaire-par-lukraine\/","og_site_name":"Magazine Shams Al Yaoum","article_published_time":"2022-03-13T09:48:51+00:00","article_modified_time":"2022-03-13T09:48:52+00:00","og_image":[{"width":1280,"height":720,"url":"https:\/\/shams-alyaoum.com\/fr\/wp-content\/uploads\/2022\/03\/c8e44f59134c993f98f9ab9733df0f1425e6f70d.webp","type":"image\/webp"}],"author":"shamsalyaoum","twitter_card":"summary_large_image","twitter_misc":{"\u00c9crit par":"shamsalyaoum"},"schema":{"@context":"https:\/\/schema.org","@graph":[{"@type":"WebPage","@id":"https:\/\/shams-alyaoum.com\/fr\/la-france-denonce-comme-des-mensonges-les-accusations-de-moscou-sur-les-violations-du-droit-humanitaire-par-lukraine\/","url":"https:\/\/shams-alyaoum.com\/fr\/la-france-denonce-comme-des-mensonges-les-accusations-de-moscou-sur-les-violations-du-droit-humanitaire-par-lukraine\/","name":"La France d\u00e9nonce comme des \"mensonges\" les accusations de Moscou sur les violations du droit humanitaire par l'Ukraine - Magazine Shams Al Yaoum","isPartOf":{"@id":"https:\/\/shams-alyaoum.com\/fr\/#website"},"primaryImageOfPage":{"@id":"https:\/\/shams-alyaoum.com\/fr\/la-france-denonce-comme-des-mensonges-les-accusations-de-moscou-sur-les-violations-du-droit-humanitaire-par-lukraine\/#primaryimage"},"image":{"@id":"https:\/\/shams-alyaoum.com\/fr\/la-france-denonce-comme-des-mensonges-les-accusations-de-moscou-sur-les-violations-du-droit-humanitaire-par-lukraine\/#primaryimage"},"thumbnailUrl":"https:\/\/shams-alyaoum.com\/fr\/wp-content\/uploads\/2022\/03\/c8e44f59134c993f98f9ab9733df0f1425e6f70d.webp","datePublished":"2022-03-13T09:48:51+00:00","dateModified":"2022-03-13T09:48:52+00:00","author":{"@id":"https:\/\/shams-alyaoum.com\/fr\/#\/schema\/person\/7b572f8c370a521e35112e88da52dce5"},"breadcrumb":{"@id":"https:\/\/shams-alyaoum.com\/fr\/la-france-denonce-comme-des-mensonges-les-accusations-de-moscou-sur-les-violations-du-droit-humanitaire-par-lukraine\/#breadcrumb"},"inLanguage":"fr-FR","potentialAction":[{"@type":"ReadAction","target":["https:\/\/shams-alyaoum.com\/fr\/la-france-denonce-comme-des-mensonges-les-accusations-de-moscou-sur-les-violations-du-droit-humanitaire-par-lukraine\/"]}]},{"@type":"ImageObject","inLanguage":"fr-FR","@id":"https:\/\/shams-alyaoum.com\/fr\/la-france-denonce-comme-des-mensonges-les-accusations-de-moscou-sur-les-violations-du-droit-humanitaire-par-lukraine\/#primaryimage","url":"https:\/\/shams-alyaoum.com\/fr\/wp-content\/uploads\/2022\/03\/c8e44f59134c993f98f9ab9733df0f1425e6f70d.webp","contentUrl":"https:\/\/shams-alyaoum.com\/fr\/wp-content\/uploads\/2022\/03\/c8e44f59134c993f98f9ab9733df0f1425e6f70d.webp","width":1280,"height":720},{"@type":"BreadcrumbList","@id":"https:\/\/shams-alyaoum.com\/fr\/la-france-denonce-comme-des-mensonges-les-accusations-de-moscou-sur-les-violations-du-droit-humanitaire-par-lukraine\/#breadcrumb","itemListElement":[{"@type":"ListItem","position":1,"name":"Accueil","item":"https:\/\/shams-alyaoum.com\/fr\/"},{"@type":"ListItem","position":2,"name":"La France d\u00e9nonce comme des \u00ab\u00a0mensonges\u00a0\u00bb les accusations de Moscou sur les violations du droit humanitaire par l&rsquo;Ukraine"}]},{"@type":"WebSite","@id":"https:\/\/shams-alyaoum.com\/fr\/#website","url":"https:\/\/shams-alyaoum.com\/fr\/","name":"Magazine Shams Al Yaoum","description":"","potentialAction":[{"@type":"SearchAction","target":{"@type":"EntryPoint","urlTemplate":"https:\/\/shams-alyaoum.com\/fr\/?s={search_term_string}"},"query-input":{"@type":"PropertyValueSpecification","valueRequired":true,"valueName":"search_term_string"}}],"inLanguage":"fr-FR"},{"@type":"Person","@id":"https:\/\/shams-alyaoum.com\/fr\/#\/schema\/person\/7b572f8c370a521e35112e88da52dce5","name":"shamsalyaoum","image":{"@type":"ImageObject","inLanguage":"fr-FR","@id":"https:\/\/shams-alyaoum.com\/fr\/#\/schema\/person\/image\/","url":"https:\/\/secure.gravatar.com\/avatar\/11774fd6260846ea4d3230345b47c868eaffb0fe76386b1a8b3cc24c8dc91f3d?s=96&d=mm&r=g","contentUrl":"https:\/\/secure.gravatar.com\/avatar\/11774fd6260846ea4d3230345b47c868eaffb0fe76386b1a8b3cc24c8dc91f3d?s=96&d=mm&r=g","caption":"shamsalyaoum"},"url":"https:\/\/shams-alyaoum.com\/fr\/author\/shamsalyaoum\/"}]}},"_links":{"self":[{"href":"https:\/\/shams-alyaoum.com\/fr\/wp-json\/wp\/v2\/posts\/2102","targetHints":{"allow":["GET"]}}],"collection":[{"href":"https:\/\/shams-alyaoum.com\/fr\/wp-json\/wp\/v2\/posts"}],"about":[{"href":"https:\/\/shams-alyaoum.com\/fr\/wp-json\/wp\/v2\/types\/post"}],"author":[{"embeddable":true,"href":"https:\/\/shams-alyaoum.com\/fr\/wp-json\/wp\/v2\/users\/2"}],"replies":[{"embeddable":true,"href":"https:\/\/shams-alyaoum.com\/fr\/wp-json\/wp\/v2\/comments?post=2102"}],"version-history":[{"count":1,"href":"https:\/\/shams-alyaoum.com\/fr\/wp-json\/wp\/v2\/posts\/2102\/revisions"}],"predecessor-version":[{"id":2104,"href":"https:\/\/shams-alyaoum.com\/fr\/wp-json\/wp\/v2\/posts\/2102\/revisions\/2104"}],"wp:featuredmedia":[{"embeddable":true,"href":"https:\/\/shams-alyaoum.com\/fr\/wp-json\/wp\/v2\/media\/2103"}],"wp:attachment":[{"href":"https:\/\/shams-alyaoum.com\/fr\/wp-json\/wp\/v2\/media?parent=2102"}],"wp:term":[{"taxonomy":"category","embeddable":true,"href":"https:\/\/shams-alyaoum.com\/fr\/wp-json\/wp\/v2\/categories?post=2102"},{"taxonomy":"post_tag","embeddable":true,"href":"https:\/\/shams-alyaoum.com\/fr\/wp-json\/wp\/v2\/tags?post=2102"}],"curies":[{"name":"wp","href":"https:\/\/api.w.org\/{rel}","templated":true}]}}