{"id":1967,"date":"2022-03-08T15:06:10","date_gmt":"2022-03-08T14:06:10","guid":{"rendered":"https:\/\/shams-alyaoum.com\/fr\/?p=1967"},"modified":"2022-03-08T15:06:10","modified_gmt":"2022-03-08T14:06:10","slug":"lonu-denonce-les-arrestations-en-russie-lors-de-manifestations-pacifiques-contre-la-guerre","status":"publish","type":"post","link":"https:\/\/shams-alyaoum.com\/fr\/lonu-denonce-les-arrestations-en-russie-lors-de-manifestations-pacifiques-contre-la-guerre\/","title":{"rendered":"L&rsquo;ONU d\u00e9nonce les arrestations en Russie lors de manifestations pacifiques contre la guerre"},"content":{"rendered":"\n<p>La plus haute responsable des droits de l&rsquo;homme \u00e0 l&rsquo;ONU a d\u00e9nonc\u00e9 mardi 08 Mars 2022, les arrestations par milliers en Russie d&rsquo;opposants \u00e0 la guerre lanc\u00e9e en Ukraine par le pr\u00e9sident russe Vladimir Poutine.<\/p>\n\n\n\n<p>Selon Michelle Bachelet, qui s&rsquo;exprimait devant le Conseil des droits de l&rsquo;homme,<em>&nbsp;\u00ab\u00a012.700 personnes ont \u00e9t\u00e9 arr\u00eat\u00e9es arbitrairement pour avoir particip\u00e9 \u00e0 des manifestation pacifiques\u00a0\u00bb<\/em>&nbsp;contre la guerre d\u00e9clench\u00e9e le 24 f\u00e9vrier.<\/p>\n\n\n\n<p>En Russie, a-t-elle constat\u00e9\u00a0<em>\u00ab\u00a0l&rsquo;espace de discussion ou de critiques des politiques publiques, y compris l&rsquo;action militaire contre l&rsquo;Ukraine, se r\u00e9duit de plus en plus et de plus en plus profond\u00e9ment\u00a0\u00bb.<\/em><\/p>\n\n\n\n<p>Outre les arrestations de masse,<em>&nbsp;\u00ab\u00a0les m\u00e9dias sont forc\u00e9s de n&rsquo;utiliser que les informations et les termes officiels\u00a0\u00bb.<\/em><\/p>\n\n\n\n<p>La Russie a mis sur les rails \u00e0 la fin de la semaine derni\u00e8re de lourdes sanctions p\u00e9nales en cas de diffusion d&rsquo;<em>\u00ab\u00a0informations mensong\u00e8res sur l&rsquo;arm\u00e9e\u00a0\u00bb<\/em>\u00a0et bloqu\u00e9 des m\u00e9dias, illustration du tour de vis int\u00e9rieur qui accompagne l&rsquo;invasion de l&rsquo;Ukraine.<\/p>\n\n\n\n<p>La cheffe des droits de l&rsquo;homme de l&rsquo;ONU s&rsquo;est aussi \u00e9mue<em>\u00a0\u00ab\u00a0de l&rsquo;usage de lois r\u00e9pressives\u00a0\u00bb<\/em>\u00a0qui emp\u00eachent les gens d&rsquo;exercer leurs droits civiques et criminalisent un comportement non-violent.<\/p>\n","protected":false},"excerpt":{"rendered":"<p>La plus haute responsable des droits de l&rsquo;homme \u00e0 l&rsquo;ONU a d\u00e9nonc\u00e9 mardi 08 Mars 2022, les arrestations par milliers en Russie d&rsquo;opposants \u00e0 la guerre lanc\u00e9e en Ukraine par le pr\u00e9sident russe Vladimir Poutine. Selon Michelle Bachelet, qui s&rsquo;exprimait devant le Conseil des droits de l&rsquo;homme,&nbsp;\u00ab\u00a012.700 personnes ont \u00e9t\u00e9 arr\u00eat\u00e9es arbitrairement pour avoir particip\u00e9 &hellip;<\/p>\n","protected":false},"author":2,"featured_media":1968,"comment_status":"closed","ping_status":"open","sticky":false,"template":"","format":"standard","meta":{"footnotes":""},"categories":[16,2,20],"tags":[],"class_list":["post-1967","post","type-post","status-publish","format-standard","has-post-thumbnail","hentry","category-le-monde","category-news","category-sante"],"yoast_head":"<!-- This site is optimized with the Yoast SEO plugin v26.3 - https:\/\/yoast.com\/wordpress\/plugins\/seo\/ -->\n<title>L&#039;ONU d\u00e9nonce les arrestations en Russie lors de manifestations pacifiques contre la guerre - Magazine Shams Al Yaoum<\/title>\n<meta name=\"robots\" content=\"index, follow, max-snippet:-1, max-image-preview:large, max-video-preview:-1\" \/>\n<link rel=\"canonical\" href=\"https:\/\/shams-alyaoum.com\/fr\/lonu-denonce-les-arrestations-en-russie-lors-de-manifestations-pacifiques-contre-la-guerre\/\" \/>\n<meta property=\"og:locale\" content=\"fr_FR\" \/>\n<meta property=\"og:type\" content=\"article\" \/>\n<meta property=\"og:title\" content=\"L&#039;ONU d\u00e9nonce les arrestations en Russie lors de manifestations pacifiques contre la guerre - Magazine Shams Al Yaoum\" \/>\n<meta property=\"og:description\" content=\"La plus haute responsable des droits de l&rsquo;homme \u00e0 l&rsquo;ONU a d\u00e9nonc\u00e9 mardi 08 Mars 2022, les arrestations par milliers en Russie d&rsquo;opposants \u00e0 la guerre lanc\u00e9e en Ukraine par le pr\u00e9sident russe Vladimir Poutine. Selon Michelle Bachelet, qui s&rsquo;exprimait devant le Conseil des droits de l&rsquo;homme,&nbsp;\u00ab\u00a012.700 personnes ont \u00e9t\u00e9 arr\u00eat\u00e9es arbitrairement pour avoir particip\u00e9 &hellip;\" \/>\n<meta property=\"og:url\" content=\"https:\/\/shams-alyaoum.com\/fr\/lonu-denonce-les-arrestations-en-russie-lors-de-manifestations-pacifiques-contre-la-guerre\/\" \/>\n<meta property=\"og:site_name\" content=\"Magazine Shams Al Yaoum\" \/>\n<meta property=\"article:published_time\" content=\"2022-03-08T14:06:10+00:00\" \/>\n<meta property=\"og:image\" content=\"https:\/\/shams-alyaoum.com\/fr\/wp-content\/uploads\/2022\/03\/phpHat5E0-UAdPyCr2-EhhXD2xO.jpg\" \/>\n\t<meta property=\"og:image:width\" content=\"1280\" \/>\n\t<meta property=\"og:image:height\" content=\"746\" \/>\n\t<meta property=\"og:image:type\" content=\"image\/jpeg\" \/>\n<meta name=\"author\" content=\"shamsalyaoum\" \/>\n<meta name=\"twitter:card\" content=\"summary_large_image\" \/>\n<meta name=\"twitter:label1\" content=\"\u00c9crit par\" \/>\n\t<meta name=\"twitter:data1\" content=\"shamsalyaoum\" \/>\n\t<meta name=\"twitter:label2\" content=\"Dur\u00e9e de lecture estim\u00e9e\" \/>\n\t<meta name=\"twitter:data2\" content=\"1 minute\" \/>\n<script type=\"application\/ld+json\" class=\"yoast-schema-graph\">{\"@context\":\"https:\/\/schema.org\",\"@graph\":[{\"@type\":\"WebPage\",\"@id\":\"https:\/\/shams-alyaoum.com\/fr\/lonu-denonce-les-arrestations-en-russie-lors-de-manifestations-pacifiques-contre-la-guerre\/\",\"url\":\"https:\/\/shams-alyaoum.com\/fr\/lonu-denonce-les-arrestations-en-russie-lors-de-manifestations-pacifiques-contre-la-guerre\/\",\"name\":\"L'ONU d\u00e9nonce les arrestations en Russie lors de manifestations pacifiques contre la guerre - Magazine Shams Al Yaoum\",\"isPartOf\":{\"@id\":\"https:\/\/shams-alyaoum.com\/fr\/#website\"},\"primaryImageOfPage\":{\"@id\":\"https:\/\/shams-alyaoum.com\/fr\/lonu-denonce-les-arrestations-en-russie-lors-de-manifestations-pacifiques-contre-la-guerre\/#primaryimage\"},\"image\":{\"@id\":\"https:\/\/shams-alyaoum.com\/fr\/lonu-denonce-les-arrestations-en-russie-lors-de-manifestations-pacifiques-contre-la-guerre\/#primaryimage\"},\"thumbnailUrl\":\"https:\/\/shams-alyaoum.com\/fr\/wp-content\/uploads\/2022\/03\/phpHat5E0-UAdPyCr2-EhhXD2xO.jpg\",\"datePublished\":\"2022-03-08T14:06:10+00:00\",\"author\":{\"@id\":\"https:\/\/shams-alyaoum.com\/fr\/#\/schema\/person\/7b572f8c370a521e35112e88da52dce5\"},\"breadcrumb\":{\"@id\":\"https:\/\/shams-alyaoum.com\/fr\/lonu-denonce-les-arrestations-en-russie-lors-de-manifestations-pacifiques-contre-la-guerre\/#breadcrumb\"},\"inLanguage\":\"fr-FR\",\"potentialAction\":[{\"@type\":\"ReadAction\",\"target\":[\"https:\/\/shams-alyaoum.com\/fr\/lonu-denonce-les-arrestations-en-russie-lors-de-manifestations-pacifiques-contre-la-guerre\/\"]}]},{\"@type\":\"ImageObject\",\"inLanguage\":\"fr-FR\",\"@id\":\"https:\/\/shams-alyaoum.com\/fr\/lonu-denonce-les-arrestations-en-russie-lors-de-manifestations-pacifiques-contre-la-guerre\/#primaryimage\",\"url\":\"https:\/\/shams-alyaoum.com\/fr\/wp-content\/uploads\/2022\/03\/phpHat5E0-UAdPyCr2-EhhXD2xO.jpg\",\"contentUrl\":\"https:\/\/shams-alyaoum.com\/fr\/wp-content\/uploads\/2022\/03\/phpHat5E0-UAdPyCr2-EhhXD2xO.jpg\",\"width\":1280,\"height\":746,\"caption\":\"AFP\"},{\"@type\":\"BreadcrumbList\",\"@id\":\"https:\/\/shams-alyaoum.com\/fr\/lonu-denonce-les-arrestations-en-russie-lors-de-manifestations-pacifiques-contre-la-guerre\/#breadcrumb\",\"itemListElement\":[{\"@type\":\"ListItem\",\"position\":1,\"name\":\"Accueil\",\"item\":\"https:\/\/shams-alyaoum.com\/fr\/\"},{\"@type\":\"ListItem\",\"position\":2,\"name\":\"L&rsquo;ONU d\u00e9nonce les arrestations en Russie lors de manifestations pacifiques contre la guerre\"}]},{\"@type\":\"WebSite\",\"@id\":\"https:\/\/shams-alyaoum.com\/fr\/#website\",\"url\":\"https:\/\/shams-alyaoum.com\/fr\/\",\"name\":\"Magazine Shams Al Yaoum\",\"description\":\"\",\"potentialAction\":[{\"@type\":\"SearchAction\",\"target\":{\"@type\":\"EntryPoint\",\"urlTemplate\":\"https:\/\/shams-alyaoum.com\/fr\/?s={search_term_string}\"},\"query-input\":{\"@type\":\"PropertyValueSpecification\",\"valueRequired\":true,\"valueName\":\"search_term_string\"}}],\"inLanguage\":\"fr-FR\"},{\"@type\":\"Person\",\"@id\":\"https:\/\/shams-alyaoum.com\/fr\/#\/schema\/person\/7b572f8c370a521e35112e88da52dce5\",\"name\":\"shamsalyaoum\",\"image\":{\"@type\":\"ImageObject\",\"inLanguage\":\"fr-FR\",\"@id\":\"https:\/\/shams-alyaoum.com\/fr\/#\/schema\/person\/image\/\",\"url\":\"https:\/\/secure.gravatar.com\/avatar\/11774fd6260846ea4d3230345b47c868eaffb0fe76386b1a8b3cc24c8dc91f3d?s=96&d=mm&r=g\",\"contentUrl\":\"https:\/\/secure.gravatar.com\/avatar\/11774fd6260846ea4d3230345b47c868eaffb0fe76386b1a8b3cc24c8dc91f3d?s=96&d=mm&r=g\",\"caption\":\"shamsalyaoum\"},\"url\":\"https:\/\/shams-alyaoum.com\/fr\/author\/shamsalyaoum\/\"}]}<\/script>\n<!-- \/ Yoast SEO plugin. -->","yoast_head_json":{"title":"L'ONU d\u00e9nonce les arrestations en Russie lors de manifestations pacifiques contre la guerre - Magazine Shams Al Yaoum","robots":{"index":"index","follow":"follow","max-snippet":"max-snippet:-1","max-image-preview":"max-image-preview:large","max-video-preview":"max-video-preview:-1"},"canonical":"https:\/\/shams-alyaoum.com\/fr\/lonu-denonce-les-arrestations-en-russie-lors-de-manifestations-pacifiques-contre-la-guerre\/","og_locale":"fr_FR","og_type":"article","og_title":"L'ONU d\u00e9nonce les arrestations en Russie lors de manifestations pacifiques contre la guerre - Magazine Shams Al Yaoum","og_description":"La plus haute responsable des droits de l&rsquo;homme \u00e0 l&rsquo;ONU a d\u00e9nonc\u00e9 mardi 08 Mars 2022, les arrestations par milliers en Russie d&rsquo;opposants \u00e0 la guerre lanc\u00e9e en Ukraine par le pr\u00e9sident russe Vladimir Poutine. Selon Michelle Bachelet, qui s&rsquo;exprimait devant le Conseil des droits de l&rsquo;homme,&nbsp;\u00ab\u00a012.700 personnes ont \u00e9t\u00e9 arr\u00eat\u00e9es arbitrairement pour avoir particip\u00e9 &hellip;","og_url":"https:\/\/shams-alyaoum.com\/fr\/lonu-denonce-les-arrestations-en-russie-lors-de-manifestations-pacifiques-contre-la-guerre\/","og_site_name":"Magazine Shams Al Yaoum","article_published_time":"2022-03-08T14:06:10+00:00","og_image":[{"width":1280,"height":746,"url":"https:\/\/shams-alyaoum.com\/fr\/wp-content\/uploads\/2022\/03\/phpHat5E0-UAdPyCr2-EhhXD2xO.jpg","type":"image\/jpeg"}],"author":"shamsalyaoum","twitter_card":"summary_large_image","twitter_misc":{"\u00c9crit par":"shamsalyaoum","Dur\u00e9e de lecture estim\u00e9e":"1 minute"},"schema":{"@context":"https:\/\/schema.org","@graph":[{"@type":"WebPage","@id":"https:\/\/shams-alyaoum.com\/fr\/lonu-denonce-les-arrestations-en-russie-lors-de-manifestations-pacifiques-contre-la-guerre\/","url":"https:\/\/shams-alyaoum.com\/fr\/lonu-denonce-les-arrestations-en-russie-lors-de-manifestations-pacifiques-contre-la-guerre\/","name":"L'ONU d\u00e9nonce les arrestations en Russie lors de manifestations pacifiques contre la guerre - Magazine Shams Al Yaoum","isPartOf":{"@id":"https:\/\/shams-alyaoum.com\/fr\/#website"},"primaryImageOfPage":{"@id":"https:\/\/shams-alyaoum.com\/fr\/lonu-denonce-les-arrestations-en-russie-lors-de-manifestations-pacifiques-contre-la-guerre\/#primaryimage"},"image":{"@id":"https:\/\/shams-alyaoum.com\/fr\/lonu-denonce-les-arrestations-en-russie-lors-de-manifestations-pacifiques-contre-la-guerre\/#primaryimage"},"thumbnailUrl":"https:\/\/shams-alyaoum.com\/fr\/wp-content\/uploads\/2022\/03\/phpHat5E0-UAdPyCr2-EhhXD2xO.jpg","datePublished":"2022-03-08T14:06:10+00:00","author":{"@id":"https:\/\/shams-alyaoum.com\/fr\/#\/schema\/person\/7b572f8c370a521e35112e88da52dce5"},"breadcrumb":{"@id":"https:\/\/shams-alyaoum.com\/fr\/lonu-denonce-les-arrestations-en-russie-lors-de-manifestations-pacifiques-contre-la-guerre\/#breadcrumb"},"inLanguage":"fr-FR","potentialAction":[{"@type":"ReadAction","target":["https:\/\/shams-alyaoum.com\/fr\/lonu-denonce-les-arrestations-en-russie-lors-de-manifestations-pacifiques-contre-la-guerre\/"]}]},{"@type":"ImageObject","inLanguage":"fr-FR","@id":"https:\/\/shams-alyaoum.com\/fr\/lonu-denonce-les-arrestations-en-russie-lors-de-manifestations-pacifiques-contre-la-guerre\/#primaryimage","url":"https:\/\/shams-alyaoum.com\/fr\/wp-content\/uploads\/2022\/03\/phpHat5E0-UAdPyCr2-EhhXD2xO.jpg","contentUrl":"https:\/\/shams-alyaoum.com\/fr\/wp-content\/uploads\/2022\/03\/phpHat5E0-UAdPyCr2-EhhXD2xO.jpg","width":1280,"height":746,"caption":"AFP"},{"@type":"BreadcrumbList","@id":"https:\/\/shams-alyaoum.com\/fr\/lonu-denonce-les-arrestations-en-russie-lors-de-manifestations-pacifiques-contre-la-guerre\/#breadcrumb","itemListElement":[{"@type":"ListItem","position":1,"name":"Accueil","item":"https:\/\/shams-alyaoum.com\/fr\/"},{"@type":"ListItem","position":2,"name":"L&rsquo;ONU d\u00e9nonce les arrestations en Russie lors de manifestations pacifiques contre la guerre"}]},{"@type":"WebSite","@id":"https:\/\/shams-alyaoum.com\/fr\/#website","url":"https:\/\/shams-alyaoum.com\/fr\/","name":"Magazine Shams Al Yaoum","description":"","potentialAction":[{"@type":"SearchAction","target":{"@type":"EntryPoint","urlTemplate":"https:\/\/shams-alyaoum.com\/fr\/?s={search_term_string}"},"query-input":{"@type":"PropertyValueSpecification","valueRequired":true,"valueName":"search_term_string"}}],"inLanguage":"fr-FR"},{"@type":"Person","@id":"https:\/\/shams-alyaoum.com\/fr\/#\/schema\/person\/7b572f8c370a521e35112e88da52dce5","name":"shamsalyaoum","image":{"@type":"ImageObject","inLanguage":"fr-FR","@id":"https:\/\/shams-alyaoum.com\/fr\/#\/schema\/person\/image\/","url":"https:\/\/secure.gravatar.com\/avatar\/11774fd6260846ea4d3230345b47c868eaffb0fe76386b1a8b3cc24c8dc91f3d?s=96&d=mm&r=g","contentUrl":"https:\/\/secure.gravatar.com\/avatar\/11774fd6260846ea4d3230345b47c868eaffb0fe76386b1a8b3cc24c8dc91f3d?s=96&d=mm&r=g","caption":"shamsalyaoum"},"url":"https:\/\/shams-alyaoum.com\/fr\/author\/shamsalyaoum\/"}]}},"_links":{"self":[{"href":"https:\/\/shams-alyaoum.com\/fr\/wp-json\/wp\/v2\/posts\/1967","targetHints":{"allow":["GET"]}}],"collection":[{"href":"https:\/\/shams-alyaoum.com\/fr\/wp-json\/wp\/v2\/posts"}],"about":[{"href":"https:\/\/shams-alyaoum.com\/fr\/wp-json\/wp\/v2\/types\/post"}],"author":[{"embeddable":true,"href":"https:\/\/shams-alyaoum.com\/fr\/wp-json\/wp\/v2\/users\/2"}],"replies":[{"embeddable":true,"href":"https:\/\/shams-alyaoum.com\/fr\/wp-json\/wp\/v2\/comments?post=1967"}],"version-history":[{"count":1,"href":"https:\/\/shams-alyaoum.com\/fr\/wp-json\/wp\/v2\/posts\/1967\/revisions"}],"predecessor-version":[{"id":1969,"href":"https:\/\/shams-alyaoum.com\/fr\/wp-json\/wp\/v2\/posts\/1967\/revisions\/1969"}],"wp:featuredmedia":[{"embeddable":true,"href":"https:\/\/shams-alyaoum.com\/fr\/wp-json\/wp\/v2\/media\/1968"}],"wp:attachment":[{"href":"https:\/\/shams-alyaoum.com\/fr\/wp-json\/wp\/v2\/media?parent=1967"}],"wp:term":[{"taxonomy":"category","embeddable":true,"href":"https:\/\/shams-alyaoum.com\/fr\/wp-json\/wp\/v2\/categories?post=1967"},{"taxonomy":"post_tag","embeddable":true,"href":"https:\/\/shams-alyaoum.com\/fr\/wp-json\/wp\/v2\/tags?post=1967"}],"curies":[{"name":"wp","href":"https:\/\/api.w.org\/{rel}","templated":true}]}}