{"id":1306,"date":"2021-07-10T10:20:18","date_gmt":"2021-07-10T08:20:18","guid":{"rendered":"https:\/\/shams-alyaoum.com\/fr\/?p=1306"},"modified":"2021-07-10T10:23:27","modified_gmt":"2021-07-10T08:23:27","slug":"bizerte-confinement-sanitaire-general-a-mateur","status":"publish","type":"post","link":"https:\/\/shams-alyaoum.com\/fr\/bizerte-confinement-sanitaire-general-a-mateur\/","title":{"rendered":"Bizerte : Confinement sanitaire g\u00e9n\u00e9ral \u00e0 Mateur"},"content":{"rendered":"\n<p>Mohamed Gouider, gouverneur de Bizerte, a annonc\u00e9 l&rsquo;instauration d&rsquo;un confinement sanitaire g\u00e9n\u00e9ral dans la d\u00e9l\u00e9gation de Mateur en pr\u00e9vention de la propagation du Coronavirus, et ce d\u00e8s aujourd\u2019hui, samedi 10 juillet 2021, jusqu\u2019au 12 juillet. Selon la m\u00eame source, cette d\u00e9cision intervient en raison de l&rsquo;aggravation de la situation \u00e9pid\u00e9miologique dans la r\u00e9gion o\u00f9 l&rsquo;incidence de la pand\u00e9mie a atteint 547 cas de contamination par 100 000 habitants. Il est \u00e0 noter que le gouvernorat de Bizerte a connu r\u00e9cemment une recrudescence des cas de d\u00e9c\u00e8s et de contamination par le virus, ce qui a pouss\u00e9 les autorit\u00e9s r\u00e9gionales \u00e0 instaurer un confinement sanitaire g\u00e9n\u00e9ral, ce weekend, dans les d\u00e9l\u00e9gations de Ghar El Melh, Ras Djebel et Sejnane.<\/p>\n","protected":false},"excerpt":{"rendered":"<p>Mohamed Gouider, gouverneur de Bizerte, a annonc\u00e9 l&rsquo;instauration d&rsquo;un confinement sanitaire g\u00e9n\u00e9ral dans la d\u00e9l\u00e9gation de Mateur en pr\u00e9vention de la propagation du Coronavirus, et ce d\u00e8s aujourd\u2019hui, samedi 10 juillet 2021, jusqu\u2019au 12 juillet. Selon la m\u00eame source, cette d\u00e9cision intervient en raison de l&rsquo;aggravation de la situation \u00e9pid\u00e9miologique dans la r\u00e9gion o\u00f9 l&rsquo;incidence &hellip;<\/p>\n","protected":false},"author":2,"featured_media":1307,"comment_status":"closed","ping_status":"open","sticky":false,"template":"","format":"standard","meta":{"footnotes":""},"categories":[2,20],"tags":[],"class_list":["post-1306","post","type-post","status-publish","format-standard","has-post-thumbnail","hentry","category-news","category-sante"],"yoast_head":"<!-- This site is optimized with the Yoast SEO plugin v26.3 - https:\/\/yoast.com\/wordpress\/plugins\/seo\/ -->\n<title>Bizerte : Confinement sanitaire g\u00e9n\u00e9ral \u00e0 Mateur - Magazine Shams Al Yaoum<\/title>\n<meta name=\"robots\" content=\"index, follow, max-snippet:-1, max-image-preview:large, max-video-preview:-1\" \/>\n<link rel=\"canonical\" href=\"https:\/\/shams-alyaoum.com\/fr\/bizerte-confinement-sanitaire-general-a-mateur\/\" \/>\n<meta property=\"og:locale\" content=\"fr_FR\" \/>\n<meta property=\"og:type\" content=\"article\" \/>\n<meta property=\"og:title\" content=\"Bizerte : Confinement sanitaire g\u00e9n\u00e9ral \u00e0 Mateur - Magazine Shams Al Yaoum\" \/>\n<meta property=\"og:description\" content=\"Mohamed Gouider, gouverneur de Bizerte, a annonc\u00e9 l&rsquo;instauration d&rsquo;un confinement sanitaire g\u00e9n\u00e9ral dans la d\u00e9l\u00e9gation de Mateur en pr\u00e9vention de la propagation du Coronavirus, et ce d\u00e8s aujourd\u2019hui, samedi 10 juillet 2021, jusqu\u2019au 12 juillet. Selon la m\u00eame source, cette d\u00e9cision intervient en raison de l&rsquo;aggravation de la situation \u00e9pid\u00e9miologique dans la r\u00e9gion o\u00f9 l&rsquo;incidence &hellip;\" \/>\n<meta property=\"og:url\" content=\"https:\/\/shams-alyaoum.com\/fr\/bizerte-confinement-sanitaire-general-a-mateur\/\" \/>\n<meta property=\"og:site_name\" content=\"Magazine Shams Al Yaoum\" \/>\n<meta property=\"article:published_time\" content=\"2021-07-10T08:20:18+00:00\" \/>\n<meta property=\"article:modified_time\" content=\"2021-07-10T08:23:27+00:00\" \/>\n<meta property=\"og:image\" content=\"https:\/\/shams-alyaoum.com\/fr\/wp-content\/uploads\/2021\/07\/Photo-2-de-groupe-Bizerte.jpg\" \/>\n\t<meta property=\"og:image:width\" content=\"1200\" \/>\n\t<meta property=\"og:image:height\" content=\"797\" \/>\n\t<meta property=\"og:image:type\" content=\"image\/jpeg\" \/>\n<meta name=\"author\" content=\"shamsalyaoum\" \/>\n<meta name=\"twitter:card\" content=\"summary_large_image\" \/>\n<meta name=\"twitter:label1\" content=\"\u00c9crit par\" \/>\n\t<meta name=\"twitter:data1\" content=\"shamsalyaoum\" \/>\n\t<meta name=\"twitter:label2\" content=\"Dur\u00e9e de lecture estim\u00e9e\" \/>\n\t<meta name=\"twitter:data2\" content=\"1 minute\" \/>\n<script type=\"application\/ld+json\" class=\"yoast-schema-graph\">{\"@context\":\"https:\/\/schema.org\",\"@graph\":[{\"@type\":\"WebPage\",\"@id\":\"https:\/\/shams-alyaoum.com\/fr\/bizerte-confinement-sanitaire-general-a-mateur\/\",\"url\":\"https:\/\/shams-alyaoum.com\/fr\/bizerte-confinement-sanitaire-general-a-mateur\/\",\"name\":\"Bizerte : Confinement sanitaire g\u00e9n\u00e9ral \u00e0 Mateur - Magazine Shams Al Yaoum\",\"isPartOf\":{\"@id\":\"https:\/\/shams-alyaoum.com\/fr\/#website\"},\"primaryImageOfPage\":{\"@id\":\"https:\/\/shams-alyaoum.com\/fr\/bizerte-confinement-sanitaire-general-a-mateur\/#primaryimage\"},\"image\":{\"@id\":\"https:\/\/shams-alyaoum.com\/fr\/bizerte-confinement-sanitaire-general-a-mateur\/#primaryimage\"},\"thumbnailUrl\":\"https:\/\/shams-alyaoum.com\/fr\/wp-content\/uploads\/2021\/07\/Photo-2-de-groupe-Bizerte.jpg\",\"datePublished\":\"2021-07-10T08:20:18+00:00\",\"dateModified\":\"2021-07-10T08:23:27+00:00\",\"author\":{\"@id\":\"https:\/\/shams-alyaoum.com\/fr\/#\/schema\/person\/7b572f8c370a521e35112e88da52dce5\"},\"breadcrumb\":{\"@id\":\"https:\/\/shams-alyaoum.com\/fr\/bizerte-confinement-sanitaire-general-a-mateur\/#breadcrumb\"},\"inLanguage\":\"fr-FR\",\"potentialAction\":[{\"@type\":\"ReadAction\",\"target\":[\"https:\/\/shams-alyaoum.com\/fr\/bizerte-confinement-sanitaire-general-a-mateur\/\"]}]},{\"@type\":\"ImageObject\",\"inLanguage\":\"fr-FR\",\"@id\":\"https:\/\/shams-alyaoum.com\/fr\/bizerte-confinement-sanitaire-general-a-mateur\/#primaryimage\",\"url\":\"https:\/\/shams-alyaoum.com\/fr\/wp-content\/uploads\/2021\/07\/Photo-2-de-groupe-Bizerte.jpg\",\"contentUrl\":\"https:\/\/shams-alyaoum.com\/fr\/wp-content\/uploads\/2021\/07\/Photo-2-de-groupe-Bizerte.jpg\",\"width\":1200,\"height\":797},{\"@type\":\"BreadcrumbList\",\"@id\":\"https:\/\/shams-alyaoum.com\/fr\/bizerte-confinement-sanitaire-general-a-mateur\/#breadcrumb\",\"itemListElement\":[{\"@type\":\"ListItem\",\"position\":1,\"name\":\"Accueil\",\"item\":\"https:\/\/shams-alyaoum.com\/fr\/\"},{\"@type\":\"ListItem\",\"position\":2,\"name\":\"Bizerte : Confinement sanitaire g\u00e9n\u00e9ral \u00e0 Mateur\"}]},{\"@type\":\"WebSite\",\"@id\":\"https:\/\/shams-alyaoum.com\/fr\/#website\",\"url\":\"https:\/\/shams-alyaoum.com\/fr\/\",\"name\":\"Magazine Shams Al Yaoum\",\"description\":\"\",\"potentialAction\":[{\"@type\":\"SearchAction\",\"target\":{\"@type\":\"EntryPoint\",\"urlTemplate\":\"https:\/\/shams-alyaoum.com\/fr\/?s={search_term_string}\"},\"query-input\":{\"@type\":\"PropertyValueSpecification\",\"valueRequired\":true,\"valueName\":\"search_term_string\"}}],\"inLanguage\":\"fr-FR\"},{\"@type\":\"Person\",\"@id\":\"https:\/\/shams-alyaoum.com\/fr\/#\/schema\/person\/7b572f8c370a521e35112e88da52dce5\",\"name\":\"shamsalyaoum\",\"image\":{\"@type\":\"ImageObject\",\"inLanguage\":\"fr-FR\",\"@id\":\"https:\/\/shams-alyaoum.com\/fr\/#\/schema\/person\/image\/\",\"url\":\"https:\/\/secure.gravatar.com\/avatar\/11774fd6260846ea4d3230345b47c868eaffb0fe76386b1a8b3cc24c8dc91f3d?s=96&d=mm&r=g\",\"contentUrl\":\"https:\/\/secure.gravatar.com\/avatar\/11774fd6260846ea4d3230345b47c868eaffb0fe76386b1a8b3cc24c8dc91f3d?s=96&d=mm&r=g\",\"caption\":\"shamsalyaoum\"},\"url\":\"https:\/\/shams-alyaoum.com\/fr\/author\/shamsalyaoum\/\"}]}<\/script>\n<!-- \/ Yoast SEO plugin. -->","yoast_head_json":{"title":"Bizerte : Confinement sanitaire g\u00e9n\u00e9ral \u00e0 Mateur - Magazine Shams Al Yaoum","robots":{"index":"index","follow":"follow","max-snippet":"max-snippet:-1","max-image-preview":"max-image-preview:large","max-video-preview":"max-video-preview:-1"},"canonical":"https:\/\/shams-alyaoum.com\/fr\/bizerte-confinement-sanitaire-general-a-mateur\/","og_locale":"fr_FR","og_type":"article","og_title":"Bizerte : Confinement sanitaire g\u00e9n\u00e9ral \u00e0 Mateur - Magazine Shams Al Yaoum","og_description":"Mohamed Gouider, gouverneur de Bizerte, a annonc\u00e9 l&rsquo;instauration d&rsquo;un confinement sanitaire g\u00e9n\u00e9ral dans la d\u00e9l\u00e9gation de Mateur en pr\u00e9vention de la propagation du Coronavirus, et ce d\u00e8s aujourd\u2019hui, samedi 10 juillet 2021, jusqu\u2019au 12 juillet. Selon la m\u00eame source, cette d\u00e9cision intervient en raison de l&rsquo;aggravation de la situation \u00e9pid\u00e9miologique dans la r\u00e9gion o\u00f9 l&rsquo;incidence &hellip;","og_url":"https:\/\/shams-alyaoum.com\/fr\/bizerte-confinement-sanitaire-general-a-mateur\/","og_site_name":"Magazine Shams Al Yaoum","article_published_time":"2021-07-10T08:20:18+00:00","article_modified_time":"2021-07-10T08:23:27+00:00","og_image":[{"width":1200,"height":797,"url":"https:\/\/shams-alyaoum.com\/fr\/wp-content\/uploads\/2021\/07\/Photo-2-de-groupe-Bizerte.jpg","type":"image\/jpeg"}],"author":"shamsalyaoum","twitter_card":"summary_large_image","twitter_misc":{"\u00c9crit par":"shamsalyaoum","Dur\u00e9e de lecture estim\u00e9e":"1 minute"},"schema":{"@context":"https:\/\/schema.org","@graph":[{"@type":"WebPage","@id":"https:\/\/shams-alyaoum.com\/fr\/bizerte-confinement-sanitaire-general-a-mateur\/","url":"https:\/\/shams-alyaoum.com\/fr\/bizerte-confinement-sanitaire-general-a-mateur\/","name":"Bizerte : Confinement sanitaire g\u00e9n\u00e9ral \u00e0 Mateur - Magazine Shams Al Yaoum","isPartOf":{"@id":"https:\/\/shams-alyaoum.com\/fr\/#website"},"primaryImageOfPage":{"@id":"https:\/\/shams-alyaoum.com\/fr\/bizerte-confinement-sanitaire-general-a-mateur\/#primaryimage"},"image":{"@id":"https:\/\/shams-alyaoum.com\/fr\/bizerte-confinement-sanitaire-general-a-mateur\/#primaryimage"},"thumbnailUrl":"https:\/\/shams-alyaoum.com\/fr\/wp-content\/uploads\/2021\/07\/Photo-2-de-groupe-Bizerte.jpg","datePublished":"2021-07-10T08:20:18+00:00","dateModified":"2021-07-10T08:23:27+00:00","author":{"@id":"https:\/\/shams-alyaoum.com\/fr\/#\/schema\/person\/7b572f8c370a521e35112e88da52dce5"},"breadcrumb":{"@id":"https:\/\/shams-alyaoum.com\/fr\/bizerte-confinement-sanitaire-general-a-mateur\/#breadcrumb"},"inLanguage":"fr-FR","potentialAction":[{"@type":"ReadAction","target":["https:\/\/shams-alyaoum.com\/fr\/bizerte-confinement-sanitaire-general-a-mateur\/"]}]},{"@type":"ImageObject","inLanguage":"fr-FR","@id":"https:\/\/shams-alyaoum.com\/fr\/bizerte-confinement-sanitaire-general-a-mateur\/#primaryimage","url":"https:\/\/shams-alyaoum.com\/fr\/wp-content\/uploads\/2021\/07\/Photo-2-de-groupe-Bizerte.jpg","contentUrl":"https:\/\/shams-alyaoum.com\/fr\/wp-content\/uploads\/2021\/07\/Photo-2-de-groupe-Bizerte.jpg","width":1200,"height":797},{"@type":"BreadcrumbList","@id":"https:\/\/shams-alyaoum.com\/fr\/bizerte-confinement-sanitaire-general-a-mateur\/#breadcrumb","itemListElement":[{"@type":"ListItem","position":1,"name":"Accueil","item":"https:\/\/shams-alyaoum.com\/fr\/"},{"@type":"ListItem","position":2,"name":"Bizerte : Confinement sanitaire g\u00e9n\u00e9ral \u00e0 Mateur"}]},{"@type":"WebSite","@id":"https:\/\/shams-alyaoum.com\/fr\/#website","url":"https:\/\/shams-alyaoum.com\/fr\/","name":"Magazine Shams Al Yaoum","description":"","potentialAction":[{"@type":"SearchAction","target":{"@type":"EntryPoint","urlTemplate":"https:\/\/shams-alyaoum.com\/fr\/?s={search_term_string}"},"query-input":{"@type":"PropertyValueSpecification","valueRequired":true,"valueName":"search_term_string"}}],"inLanguage":"fr-FR"},{"@type":"Person","@id":"https:\/\/shams-alyaoum.com\/fr\/#\/schema\/person\/7b572f8c370a521e35112e88da52dce5","name":"shamsalyaoum","image":{"@type":"ImageObject","inLanguage":"fr-FR","@id":"https:\/\/shams-alyaoum.com\/fr\/#\/schema\/person\/image\/","url":"https:\/\/secure.gravatar.com\/avatar\/11774fd6260846ea4d3230345b47c868eaffb0fe76386b1a8b3cc24c8dc91f3d?s=96&d=mm&r=g","contentUrl":"https:\/\/secure.gravatar.com\/avatar\/11774fd6260846ea4d3230345b47c868eaffb0fe76386b1a8b3cc24c8dc91f3d?s=96&d=mm&r=g","caption":"shamsalyaoum"},"url":"https:\/\/shams-alyaoum.com\/fr\/author\/shamsalyaoum\/"}]}},"_links":{"self":[{"href":"https:\/\/shams-alyaoum.com\/fr\/wp-json\/wp\/v2\/posts\/1306","targetHints":{"allow":["GET"]}}],"collection":[{"href":"https:\/\/shams-alyaoum.com\/fr\/wp-json\/wp\/v2\/posts"}],"about":[{"href":"https:\/\/shams-alyaoum.com\/fr\/wp-json\/wp\/v2\/types\/post"}],"author":[{"embeddable":true,"href":"https:\/\/shams-alyaoum.com\/fr\/wp-json\/wp\/v2\/users\/2"}],"replies":[{"embeddable":true,"href":"https:\/\/shams-alyaoum.com\/fr\/wp-json\/wp\/v2\/comments?post=1306"}],"version-history":[{"count":2,"href":"https:\/\/shams-alyaoum.com\/fr\/wp-json\/wp\/v2\/posts\/1306\/revisions"}],"predecessor-version":[{"id":1309,"href":"https:\/\/shams-alyaoum.com\/fr\/wp-json\/wp\/v2\/posts\/1306\/revisions\/1309"}],"wp:featuredmedia":[{"embeddable":true,"href":"https:\/\/shams-alyaoum.com\/fr\/wp-json\/wp\/v2\/media\/1307"}],"wp:attachment":[{"href":"https:\/\/shams-alyaoum.com\/fr\/wp-json\/wp\/v2\/media?parent=1306"}],"wp:term":[{"taxonomy":"category","embeddable":true,"href":"https:\/\/shams-alyaoum.com\/fr\/wp-json\/wp\/v2\/categories?post=1306"},{"taxonomy":"post_tag","embeddable":true,"href":"https:\/\/shams-alyaoum.com\/fr\/wp-json\/wp\/v2\/tags?post=1306"}],"curies":[{"name":"wp","href":"https:\/\/api.w.org\/{rel}","templated":true}]}}