{"id":1283,"date":"2021-07-09T14:01:13","date_gmt":"2021-07-09T12:01:13","guid":{"rendered":"https:\/\/shams-alyaoum.com\/fr\/?p=1283"},"modified":"2021-07-09T14:09:17","modified_gmt":"2021-07-09T12:09:17","slug":"covid-la-conect-demande-a-participer-a-leffort-de-vaccination","status":"publish","type":"post","link":"https:\/\/shams-alyaoum.com\/fr\/covid-la-conect-demande-a-participer-a-leffort-de-vaccination\/","title":{"rendered":"COVID : La CONECT demande \u00e0 participer \u00e0 l\u2019effort de vaccination"},"content":{"rendered":"\n<p>Ce vendredi 9 juillet 2021, la conf\u00e9d\u00e9ration des entreprises citoyennes tunisiennes (CONECT) a exprim\u00e9 sa profonde inqui\u00e9tude face \u00e0 l&rsquo;\u00e9volution de la crise sanitaire dans le pays et ses r\u00e9percussions dangereuses sur la vie des citoyens de tout \u00e2ge. Les cons\u00e9quences sur la vie \u00e9conomique deviennent d\u00e9sastreuses. La CONECT a ainsi tir\u00e9 la sonnette d&rsquo;alarme sur la lenteur de la campagne de vaccination, appelant le gouvernement \u00e0 mener une vaccination globale et rapide pour toutes les tranches d&rsquo;\u00e2ge de la population. Elle a aussi propos\u00e9 d&rsquo;ouvrir la voie au secteur priv\u00e9 afin de couvrir les co\u00fbts li\u00e9s \u00e0 la campagne de vaccination contre le coronavirus pour les salari\u00e9s et les salari\u00e9s des entreprises. Cela pourrait ainsi r\u00e9duire les pertes humaines et la grave d\u00e9t\u00e9rioration de l&rsquo;\u00e9conomie du pays. La CONECT a aussi renouvel\u00e9 sa demande urgente quant \u00e0 l\u2019acc\u00e9l\u00e9ration du processus de vaccination. Cela permettra de garantir l\u2019immunit\u00e9 rapide de la population et acc\u00e9l\u00e9rer le retour \u00e0 la normale de l\u2019\u00e9conomie tunisienne.<\/p>\n","protected":false},"excerpt":{"rendered":"<p>Ce vendredi 9 juillet 2021, la conf\u00e9d\u00e9ration des entreprises citoyennes tunisiennes (CONECT) a exprim\u00e9 sa profonde inqui\u00e9tude face \u00e0 l&rsquo;\u00e9volution de la crise sanitaire dans le pays et ses r\u00e9percussions dangereuses sur la vie des citoyens de tout \u00e2ge. Les cons\u00e9quences sur la vie \u00e9conomique deviennent d\u00e9sastreuses. La CONECT a ainsi tir\u00e9 la sonnette d&rsquo;alarme &hellip;<\/p>\n","protected":false},"author":2,"featured_media":1284,"comment_status":"closed","ping_status":"open","sticky":false,"template":"","format":"standard","meta":{"footnotes":""},"categories":[2,20],"tags":[],"class_list":["post-1283","post","type-post","status-publish","format-standard","has-post-thumbnail","hentry","category-news","category-sante"],"yoast_head":"<!-- This site is optimized with the Yoast SEO plugin v26.3 - https:\/\/yoast.com\/wordpress\/plugins\/seo\/ -->\n<title>COVID : La CONECT demande \u00e0 participer \u00e0 l\u2019effort de vaccination - Magazine Shams Al Yaoum<\/title>\n<meta name=\"robots\" content=\"index, follow, max-snippet:-1, max-image-preview:large, max-video-preview:-1\" \/>\n<link rel=\"canonical\" href=\"https:\/\/shams-alyaoum.com\/fr\/covid-la-conect-demande-a-participer-a-leffort-de-vaccination\/\" \/>\n<meta property=\"og:locale\" content=\"fr_FR\" \/>\n<meta property=\"og:type\" content=\"article\" \/>\n<meta property=\"og:title\" content=\"COVID : La CONECT demande \u00e0 participer \u00e0 l\u2019effort de vaccination - Magazine Shams Al Yaoum\" \/>\n<meta property=\"og:description\" content=\"Ce vendredi 9 juillet 2021, la conf\u00e9d\u00e9ration des entreprises citoyennes tunisiennes (CONECT) a exprim\u00e9 sa profonde inqui\u00e9tude face \u00e0 l&rsquo;\u00e9volution de la crise sanitaire dans le pays et ses r\u00e9percussions dangereuses sur la vie des citoyens de tout \u00e2ge. Les cons\u00e9quences sur la vie \u00e9conomique deviennent d\u00e9sastreuses. La CONECT a ainsi tir\u00e9 la sonnette d&rsquo;alarme &hellip;\" \/>\n<meta property=\"og:url\" content=\"https:\/\/shams-alyaoum.com\/fr\/covid-la-conect-demande-a-participer-a-leffort-de-vaccination\/\" \/>\n<meta property=\"og:site_name\" content=\"Magazine Shams Al Yaoum\" \/>\n<meta property=\"article:published_time\" content=\"2021-07-09T12:01:13+00:00\" \/>\n<meta property=\"article:modified_time\" content=\"2021-07-09T12:09:17+00:00\" \/>\n<meta property=\"og:image\" content=\"https:\/\/shams-alyaoum.com\/fr\/wp-content\/uploads\/2021\/07\/virus-corona.jpg\" \/>\n\t<meta property=\"og:image:width\" content=\"680\" \/>\n\t<meta property=\"og:image:height\" content=\"400\" \/>\n\t<meta property=\"og:image:type\" content=\"image\/jpeg\" \/>\n<meta name=\"author\" content=\"shamsalyaoum\" \/>\n<meta name=\"twitter:card\" content=\"summary_large_image\" \/>\n<meta name=\"twitter:label1\" content=\"\u00c9crit par\" \/>\n\t<meta name=\"twitter:data1\" content=\"shamsalyaoum\" \/>\n\t<meta name=\"twitter:label2\" content=\"Dur\u00e9e de lecture estim\u00e9e\" \/>\n\t<meta name=\"twitter:data2\" content=\"1 minute\" \/>\n<script type=\"application\/ld+json\" class=\"yoast-schema-graph\">{\"@context\":\"https:\/\/schema.org\",\"@graph\":[{\"@type\":\"WebPage\",\"@id\":\"https:\/\/shams-alyaoum.com\/fr\/covid-la-conect-demande-a-participer-a-leffort-de-vaccination\/\",\"url\":\"https:\/\/shams-alyaoum.com\/fr\/covid-la-conect-demande-a-participer-a-leffort-de-vaccination\/\",\"name\":\"COVID : La CONECT demande \u00e0 participer \u00e0 l\u2019effort de vaccination - Magazine Shams Al Yaoum\",\"isPartOf\":{\"@id\":\"https:\/\/shams-alyaoum.com\/fr\/#website\"},\"primaryImageOfPage\":{\"@id\":\"https:\/\/shams-alyaoum.com\/fr\/covid-la-conect-demande-a-participer-a-leffort-de-vaccination\/#primaryimage\"},\"image\":{\"@id\":\"https:\/\/shams-alyaoum.com\/fr\/covid-la-conect-demande-a-participer-a-leffort-de-vaccination\/#primaryimage\"},\"thumbnailUrl\":\"https:\/\/shams-alyaoum.com\/fr\/wp-content\/uploads\/2021\/07\/virus-corona.jpg\",\"datePublished\":\"2021-07-09T12:01:13+00:00\",\"dateModified\":\"2021-07-09T12:09:17+00:00\",\"author\":{\"@id\":\"https:\/\/shams-alyaoum.com\/fr\/#\/schema\/person\/7b572f8c370a521e35112e88da52dce5\"},\"breadcrumb\":{\"@id\":\"https:\/\/shams-alyaoum.com\/fr\/covid-la-conect-demande-a-participer-a-leffort-de-vaccination\/#breadcrumb\"},\"inLanguage\":\"fr-FR\",\"potentialAction\":[{\"@type\":\"ReadAction\",\"target\":[\"https:\/\/shams-alyaoum.com\/fr\/covid-la-conect-demande-a-participer-a-leffort-de-vaccination\/\"]}]},{\"@type\":\"ImageObject\",\"inLanguage\":\"fr-FR\",\"@id\":\"https:\/\/shams-alyaoum.com\/fr\/covid-la-conect-demande-a-participer-a-leffort-de-vaccination\/#primaryimage\",\"url\":\"https:\/\/shams-alyaoum.com\/fr\/wp-content\/uploads\/2021\/07\/virus-corona.jpg\",\"contentUrl\":\"https:\/\/shams-alyaoum.com\/fr\/wp-content\/uploads\/2021\/07\/virus-corona.jpg\",\"width\":680,\"height\":400},{\"@type\":\"BreadcrumbList\",\"@id\":\"https:\/\/shams-alyaoum.com\/fr\/covid-la-conect-demande-a-participer-a-leffort-de-vaccination\/#breadcrumb\",\"itemListElement\":[{\"@type\":\"ListItem\",\"position\":1,\"name\":\"Accueil\",\"item\":\"https:\/\/shams-alyaoum.com\/fr\/\"},{\"@type\":\"ListItem\",\"position\":2,\"name\":\"COVID : La CONECT demande \u00e0 participer \u00e0 l\u2019effort de vaccination\"}]},{\"@type\":\"WebSite\",\"@id\":\"https:\/\/shams-alyaoum.com\/fr\/#website\",\"url\":\"https:\/\/shams-alyaoum.com\/fr\/\",\"name\":\"Magazine Shams Al Yaoum\",\"description\":\"\",\"potentialAction\":[{\"@type\":\"SearchAction\",\"target\":{\"@type\":\"EntryPoint\",\"urlTemplate\":\"https:\/\/shams-alyaoum.com\/fr\/?s={search_term_string}\"},\"query-input\":{\"@type\":\"PropertyValueSpecification\",\"valueRequired\":true,\"valueName\":\"search_term_string\"}}],\"inLanguage\":\"fr-FR\"},{\"@type\":\"Person\",\"@id\":\"https:\/\/shams-alyaoum.com\/fr\/#\/schema\/person\/7b572f8c370a521e35112e88da52dce5\",\"name\":\"shamsalyaoum\",\"image\":{\"@type\":\"ImageObject\",\"inLanguage\":\"fr-FR\",\"@id\":\"https:\/\/shams-alyaoum.com\/fr\/#\/schema\/person\/image\/\",\"url\":\"https:\/\/secure.gravatar.com\/avatar\/11774fd6260846ea4d3230345b47c868eaffb0fe76386b1a8b3cc24c8dc91f3d?s=96&d=mm&r=g\",\"contentUrl\":\"https:\/\/secure.gravatar.com\/avatar\/11774fd6260846ea4d3230345b47c868eaffb0fe76386b1a8b3cc24c8dc91f3d?s=96&d=mm&r=g\",\"caption\":\"shamsalyaoum\"},\"url\":\"https:\/\/shams-alyaoum.com\/fr\/author\/shamsalyaoum\/\"}]}<\/script>\n<!-- \/ Yoast SEO plugin. -->","yoast_head_json":{"title":"COVID : La CONECT demande \u00e0 participer \u00e0 l\u2019effort de vaccination - Magazine Shams Al Yaoum","robots":{"index":"index","follow":"follow","max-snippet":"max-snippet:-1","max-image-preview":"max-image-preview:large","max-video-preview":"max-video-preview:-1"},"canonical":"https:\/\/shams-alyaoum.com\/fr\/covid-la-conect-demande-a-participer-a-leffort-de-vaccination\/","og_locale":"fr_FR","og_type":"article","og_title":"COVID : La CONECT demande \u00e0 participer \u00e0 l\u2019effort de vaccination - Magazine Shams Al Yaoum","og_description":"Ce vendredi 9 juillet 2021, la conf\u00e9d\u00e9ration des entreprises citoyennes tunisiennes (CONECT) a exprim\u00e9 sa profonde inqui\u00e9tude face \u00e0 l&rsquo;\u00e9volution de la crise sanitaire dans le pays et ses r\u00e9percussions dangereuses sur la vie des citoyens de tout \u00e2ge. Les cons\u00e9quences sur la vie \u00e9conomique deviennent d\u00e9sastreuses. La CONECT a ainsi tir\u00e9 la sonnette d&rsquo;alarme &hellip;","og_url":"https:\/\/shams-alyaoum.com\/fr\/covid-la-conect-demande-a-participer-a-leffort-de-vaccination\/","og_site_name":"Magazine Shams Al Yaoum","article_published_time":"2021-07-09T12:01:13+00:00","article_modified_time":"2021-07-09T12:09:17+00:00","og_image":[{"width":680,"height":400,"url":"https:\/\/shams-alyaoum.com\/fr\/wp-content\/uploads\/2021\/07\/virus-corona.jpg","type":"image\/jpeg"}],"author":"shamsalyaoum","twitter_card":"summary_large_image","twitter_misc":{"\u00c9crit par":"shamsalyaoum","Dur\u00e9e de lecture estim\u00e9e":"1 minute"},"schema":{"@context":"https:\/\/schema.org","@graph":[{"@type":"WebPage","@id":"https:\/\/shams-alyaoum.com\/fr\/covid-la-conect-demande-a-participer-a-leffort-de-vaccination\/","url":"https:\/\/shams-alyaoum.com\/fr\/covid-la-conect-demande-a-participer-a-leffort-de-vaccination\/","name":"COVID : La CONECT demande \u00e0 participer \u00e0 l\u2019effort de vaccination - Magazine Shams Al Yaoum","isPartOf":{"@id":"https:\/\/shams-alyaoum.com\/fr\/#website"},"primaryImageOfPage":{"@id":"https:\/\/shams-alyaoum.com\/fr\/covid-la-conect-demande-a-participer-a-leffort-de-vaccination\/#primaryimage"},"image":{"@id":"https:\/\/shams-alyaoum.com\/fr\/covid-la-conect-demande-a-participer-a-leffort-de-vaccination\/#primaryimage"},"thumbnailUrl":"https:\/\/shams-alyaoum.com\/fr\/wp-content\/uploads\/2021\/07\/virus-corona.jpg","datePublished":"2021-07-09T12:01:13+00:00","dateModified":"2021-07-09T12:09:17+00:00","author":{"@id":"https:\/\/shams-alyaoum.com\/fr\/#\/schema\/person\/7b572f8c370a521e35112e88da52dce5"},"breadcrumb":{"@id":"https:\/\/shams-alyaoum.com\/fr\/covid-la-conect-demande-a-participer-a-leffort-de-vaccination\/#breadcrumb"},"inLanguage":"fr-FR","potentialAction":[{"@type":"ReadAction","target":["https:\/\/shams-alyaoum.com\/fr\/covid-la-conect-demande-a-participer-a-leffort-de-vaccination\/"]}]},{"@type":"ImageObject","inLanguage":"fr-FR","@id":"https:\/\/shams-alyaoum.com\/fr\/covid-la-conect-demande-a-participer-a-leffort-de-vaccination\/#primaryimage","url":"https:\/\/shams-alyaoum.com\/fr\/wp-content\/uploads\/2021\/07\/virus-corona.jpg","contentUrl":"https:\/\/shams-alyaoum.com\/fr\/wp-content\/uploads\/2021\/07\/virus-corona.jpg","width":680,"height":400},{"@type":"BreadcrumbList","@id":"https:\/\/shams-alyaoum.com\/fr\/covid-la-conect-demande-a-participer-a-leffort-de-vaccination\/#breadcrumb","itemListElement":[{"@type":"ListItem","position":1,"name":"Accueil","item":"https:\/\/shams-alyaoum.com\/fr\/"},{"@type":"ListItem","position":2,"name":"COVID : La CONECT demande \u00e0 participer \u00e0 l\u2019effort de vaccination"}]},{"@type":"WebSite","@id":"https:\/\/shams-alyaoum.com\/fr\/#website","url":"https:\/\/shams-alyaoum.com\/fr\/","name":"Magazine Shams Al Yaoum","description":"","potentialAction":[{"@type":"SearchAction","target":{"@type":"EntryPoint","urlTemplate":"https:\/\/shams-alyaoum.com\/fr\/?s={search_term_string}"},"query-input":{"@type":"PropertyValueSpecification","valueRequired":true,"valueName":"search_term_string"}}],"inLanguage":"fr-FR"},{"@type":"Person","@id":"https:\/\/shams-alyaoum.com\/fr\/#\/schema\/person\/7b572f8c370a521e35112e88da52dce5","name":"shamsalyaoum","image":{"@type":"ImageObject","inLanguage":"fr-FR","@id":"https:\/\/shams-alyaoum.com\/fr\/#\/schema\/person\/image\/","url":"https:\/\/secure.gravatar.com\/avatar\/11774fd6260846ea4d3230345b47c868eaffb0fe76386b1a8b3cc24c8dc91f3d?s=96&d=mm&r=g","contentUrl":"https:\/\/secure.gravatar.com\/avatar\/11774fd6260846ea4d3230345b47c868eaffb0fe76386b1a8b3cc24c8dc91f3d?s=96&d=mm&r=g","caption":"shamsalyaoum"},"url":"https:\/\/shams-alyaoum.com\/fr\/author\/shamsalyaoum\/"}]}},"_links":{"self":[{"href":"https:\/\/shams-alyaoum.com\/fr\/wp-json\/wp\/v2\/posts\/1283","targetHints":{"allow":["GET"]}}],"collection":[{"href":"https:\/\/shams-alyaoum.com\/fr\/wp-json\/wp\/v2\/posts"}],"about":[{"href":"https:\/\/shams-alyaoum.com\/fr\/wp-json\/wp\/v2\/types\/post"}],"author":[{"embeddable":true,"href":"https:\/\/shams-alyaoum.com\/fr\/wp-json\/wp\/v2\/users\/2"}],"replies":[{"embeddable":true,"href":"https:\/\/shams-alyaoum.com\/fr\/wp-json\/wp\/v2\/comments?post=1283"}],"version-history":[{"count":1,"href":"https:\/\/shams-alyaoum.com\/fr\/wp-json\/wp\/v2\/posts\/1283\/revisions"}],"predecessor-version":[{"id":1285,"href":"https:\/\/shams-alyaoum.com\/fr\/wp-json\/wp\/v2\/posts\/1283\/revisions\/1285"}],"wp:featuredmedia":[{"embeddable":true,"href":"https:\/\/shams-alyaoum.com\/fr\/wp-json\/wp\/v2\/media\/1284"}],"wp:attachment":[{"href":"https:\/\/shams-alyaoum.com\/fr\/wp-json\/wp\/v2\/media?parent=1283"}],"wp:term":[{"taxonomy":"category","embeddable":true,"href":"https:\/\/shams-alyaoum.com\/fr\/wp-json\/wp\/v2\/categories?post=1283"},{"taxonomy":"post_tag","embeddable":true,"href":"https:\/\/shams-alyaoum.com\/fr\/wp-json\/wp\/v2\/tags?post=1283"}],"curies":[{"name":"wp","href":"https:\/\/api.w.org\/{rel}","templated":true}]}}