{"id":11156,"date":"2026-03-04T09:40:24","date_gmt":"2026-03-04T08:40:24","guid":{"rendered":"https:\/\/shams-alyaoum.com\/en\/?p=11156"},"modified":"2026-03-04T09:40:24","modified_gmt":"2026-03-04T08:40:24","slug":"jorge-m-perez-collection-explores-african-diaspora-in-amefrica-at-spains-caac","status":"publish","type":"post","link":"https:\/\/shams-alyaoum.com\/en\/jorge-m-perez-collection-explores-african-diaspora-in-amefrica-at-spains-caac\/","title":{"rendered":"Jorge M. P\u00e9rez Collection Explores African Diaspora in \u2018Am\u00e9frica\u2019 at Spain\u2019s CAAC"},"content":{"rendered":"<p>The\u00a0Centro Andaluz de Arte Contempor\u00e1neo\u00a0(CAAC) in Seville presents\u00a0<i>Am\u00e9frica: Diasporic Connections in the Jorge M. P\u00e9rez Collection (Am\u00e9frica)<\/i>, an exhibition curated by Brazilian curator and scholar Helio Menezes and drawn from the holdings of the Jorge M. P\u00e9rez Collection and\u00a0El Espacio 23\u00a0in Miami. The presentation brings together 128 works by 99 artists and examines the global influence of the African diaspora across generations and geographies.<\/p>\n<p id=\"news-body-cta\">On view in the museum\u2019s North and East Cloisters through January 10, 2027, the exhibition opens CAAC\u2019s 2026 program with a project that deepens cultural dialogue across the Atlantic.<\/p>\n<p>The exhibition offers a renewed reading of Africa\u2019s imprint on the formation of the Americas, approached through relational, political, and aesthetic lenses. Spanning painting, sculpture, photography, installation, and textile practices, the presentation includes artists born in more than thirty countries across Africa, the Americas, Europe, and Australia, reflecting the global dimension of the African diaspora and its enduring impact on contemporary culture.<\/p>\n<p>Featured artists include internationally recognized figures such as Kara Walker, Mar\u00eda Magdalena Campos-Pons, Wifredo Lam, Rubem Valentim, Igshaan Adams, Zanele Muholi, El Anatsui, and Esther Mahlangu. The presentation also establishes a dialogue between pioneers such as Rubem Valentim, Bertina Lopes, and Mahlangu and later generations including Nnenna Okore, Ayan Farah, and Kapwani Kiwanga.<\/p>\n<p>\u201cAs a collector, I am interested in supporting works that expand our understanding of history and challenge simplified narratives,\u201d says P\u00e9rez. \u201cAm\u00e9frica underscores that we share intertwined origins and that no artistic expression, nor any society, emerges in isolation. We are the result of crossings, trajectories, and shared memories.\u201d<\/p>\n<p>The exhibition unfolds across five chapters inspired by ideas that L\u00e9lia Gonzalez identified as central to processes of africanidade.<\/p>\n<p class=\"bwmarginl1\"><b><i>Adaptation<\/i><\/b><\/p>\n<p class=\"bwmarginl1\">This section examines both the forced and voluntary crossings that shaped relationships between Africa and the Americas. Works by artists including El Anatsui, Ibrahim Mahama, Mar\u00eda Magdalena Campos-Pons, and Juan Carlos Alom reflect on migration, material circulation, and memory across geographies.<\/p>\n<p class=\"bwmarginl1\"><b><i>Resistance<\/i><\/b><\/p>\n<p class=\"bwmarginl1\">Here, artists engage the visual languages of resistance and contemporary activism, translating socio-racial tensions into material form. With attention to themes of care, protection, and collective struggle, works by Mickalene Thomas, Bisa Butler, and Zanele Muholi foreground resilience and identity.<\/p>\n<p class=\"bwmarginl1\"><b><i>Reinterpretation<\/i><\/b><\/p>\n<p class=\"bwmarginl1\">Focusing on spiritual and religious traditions reshaped through displacement and survival, this section draws on ancestral presences, ritual, and trance as sites of knowledge and power. Artists Manuel Mendive Hoyos, Belkis Ay\u00f3n, Frida Orupabo, and Turiya Magadlela reinterpret inherited frameworks.<\/p>\n<p class=\"bwmarginl1\"><b><i>Creation of New Forms<\/i><\/b><\/p>\n<p class=\"bwmarginl1\">Highlighting experimentation and innovation, this chapter features artists such as Stanley Whitney, Sam Gilliam, Serge Attukwei Clottey, Sonia Gomes, and Kapwani Kiwanga, who work across abstraction, sculpture, and textile to construct new aesthetic vocabularies.<\/p>\n<p class=\"bwmarginl1\"><b><i>Amefricanas<\/i><\/b><\/p>\n<p class=\"bwmarginl1\">Centering Black women artists, this final section explores self-representation beyond colonial narratives. Through diverse media, artists including Kara Walker, Carrie Mae Weems, Lorna Simpson, Nandipha Mntambo, and Faith Ringgold propose new visions of the body and image.<\/p>\n","protected":false},"excerpt":{"rendered":"<p>The\u00a0Centro Andaluz de Arte Contempor\u00e1neo\u00a0(CAAC) in Seville presents\u00a0Am\u00e9frica: Diasporic Connections in the Jorge M. P\u00e9rez Collection (Am\u00e9frica), an exhibition curated by Brazilian curator and scholar Helio Menezes and drawn from the holdings of the Jorge M. P\u00e9rez Collection and\u00a0El Espacio 23\u00a0in Miami. The presentation brings together 128 works by 99 artists and examines the global &hellip;<\/p>\n","protected":false},"author":2,"featured_media":11157,"comment_status":"closed","ping_status":"open","sticky":false,"template":"","format":"standard","meta":{"footnotes":""},"categories":[2],"tags":[9,1499,1310],"class_list":["post-11156","post","type-post","status-publish","format-standard","has-post-thumbnail","hentry","category-news","tag-business","tag-businessnews","tag-general"],"yoast_head":"<!-- This site is optimized with the Yoast SEO plugin v25.0 - https:\/\/yoast.com\/wordpress\/plugins\/seo\/ -->\n<title>Jorge M. P\u00e9rez Collection Explores African Diaspora in \u2018Am\u00e9frica\u2019 at Spain\u2019s CAAC - Magazine Shams Al Yaoum<\/title>\n<meta name=\"robots\" content=\"index, follow, max-snippet:-1, max-image-preview:large, max-video-preview:-1\" \/>\n<link rel=\"canonical\" href=\"https:\/\/shams-alyaoum.com\/en\/jorge-m-perez-collection-explores-african-diaspora-in-amefrica-at-spains-caac\/\" \/>\n<meta property=\"og:locale\" content=\"en_US\" \/>\n<meta property=\"og:type\" content=\"article\" \/>\n<meta property=\"og:title\" content=\"Jorge M. P\u00e9rez Collection Explores African Diaspora in \u2018Am\u00e9frica\u2019 at Spain\u2019s CAAC - Magazine Shams Al Yaoum\" \/>\n<meta property=\"og:description\" content=\"The\u00a0Centro Andaluz de Arte Contempor\u00e1neo\u00a0(CAAC) in Seville presents\u00a0Am\u00e9frica: Diasporic Connections in the Jorge M. P\u00e9rez Collection (Am\u00e9frica), an exhibition curated by Brazilian curator and scholar Helio Menezes and drawn from the holdings of the Jorge M. P\u00e9rez Collection and\u00a0El Espacio 23\u00a0in Miami. The presentation brings together 128 works by 99 artists and examines the global &hellip;\" \/>\n<meta property=\"og:url\" content=\"https:\/\/shams-alyaoum.com\/en\/jorge-m-perez-collection-explores-african-diaspora-in-amefrica-at-spains-caac\/\" \/>\n<meta property=\"og:site_name\" content=\"Magazine Shams Al Yaoum\" \/>\n<meta property=\"article:published_time\" content=\"2026-03-04T08:40:24+00:00\" \/>\n<meta property=\"og:image\" content=\"https:\/\/shams-alyaoum.com\/en\/wp-content\/uploads\/2026\/03\/1.jpg\" \/>\n\t<meta property=\"og:image:width\" content=\"1000\" \/>\n\t<meta property=\"og:image:height\" content=\"666\" \/>\n\t<meta property=\"og:image:type\" content=\"image\/jpeg\" \/>\n<meta name=\"author\" content=\"shamsalyaoum\" \/>\n<meta name=\"twitter:card\" content=\"summary_large_image\" \/>\n<meta name=\"twitter:label1\" content=\"Written by\" \/>\n\t<meta name=\"twitter:data1\" content=\"shamsalyaoum\" \/>\n\t<meta name=\"twitter:label2\" content=\"Est. reading time\" \/>\n\t<meta name=\"twitter:data2\" content=\"3 minutes\" \/>\n<script type=\"application\/ld+json\" class=\"yoast-schema-graph\">{\"@context\":\"https:\/\/schema.org\",\"@graph\":[{\"@type\":\"WebPage\",\"@id\":\"https:\/\/shams-alyaoum.com\/en\/jorge-m-perez-collection-explores-african-diaspora-in-amefrica-at-spains-caac\/\",\"url\":\"https:\/\/shams-alyaoum.com\/en\/jorge-m-perez-collection-explores-african-diaspora-in-amefrica-at-spains-caac\/\",\"name\":\"Jorge M. P\u00e9rez Collection Explores African Diaspora in \u2018Am\u00e9frica\u2019 at Spain\u2019s CAAC - Magazine Shams Al Yaoum\",\"isPartOf\":{\"@id\":\"https:\/\/shams-alyaoum.com\/en\/#website\"},\"primaryImageOfPage\":{\"@id\":\"https:\/\/shams-alyaoum.com\/en\/jorge-m-perez-collection-explores-african-diaspora-in-amefrica-at-spains-caac\/#primaryimage\"},\"image\":{\"@id\":\"https:\/\/shams-alyaoum.com\/en\/jorge-m-perez-collection-explores-african-diaspora-in-amefrica-at-spains-caac\/#primaryimage\"},\"thumbnailUrl\":\"https:\/\/shams-alyaoum.com\/en\/wp-content\/uploads\/2026\/03\/1.jpg\",\"datePublished\":\"2026-03-04T08:40:24+00:00\",\"author\":{\"@id\":\"https:\/\/shams-alyaoum.com\/en\/#\/schema\/person\/6e4dae56c61a28d2d84c342a9a53d199\"},\"breadcrumb\":{\"@id\":\"https:\/\/shams-alyaoum.com\/en\/jorge-m-perez-collection-explores-african-diaspora-in-amefrica-at-spains-caac\/#breadcrumb\"},\"inLanguage\":\"en-US\",\"potentialAction\":[{\"@type\":\"ReadAction\",\"target\":[\"https:\/\/shams-alyaoum.com\/en\/jorge-m-perez-collection-explores-african-diaspora-in-amefrica-at-spains-caac\/\"]}]},{\"@type\":\"ImageObject\",\"inLanguage\":\"en-US\",\"@id\":\"https:\/\/shams-alyaoum.com\/en\/jorge-m-perez-collection-explores-african-diaspora-in-amefrica-at-spains-caac\/#primaryimage\",\"url\":\"https:\/\/shams-alyaoum.com\/en\/wp-content\/uploads\/2026\/03\/1.jpg\",\"contentUrl\":\"https:\/\/shams-alyaoum.com\/en\/wp-content\/uploads\/2026\/03\/1.jpg\",\"width\":1000,\"height\":666},{\"@type\":\"BreadcrumbList\",\"@id\":\"https:\/\/shams-alyaoum.com\/en\/jorge-m-perez-collection-explores-african-diaspora-in-amefrica-at-spains-caac\/#breadcrumb\",\"itemListElement\":[{\"@type\":\"ListItem\",\"position\":1,\"name\":\"Home\",\"item\":\"https:\/\/shams-alyaoum.com\/en\/\"},{\"@type\":\"ListItem\",\"position\":2,\"name\":\"Jorge M. P\u00e9rez Collection Explores African Diaspora in \u2018Am\u00e9frica\u2019 at Spain\u2019s CAAC\"}]},{\"@type\":\"WebSite\",\"@id\":\"https:\/\/shams-alyaoum.com\/en\/#website\",\"url\":\"https:\/\/shams-alyaoum.com\/en\/\",\"name\":\"Magazine Shams Al Yaoum\",\"description\":\"\",\"potentialAction\":[{\"@type\":\"SearchAction\",\"target\":{\"@type\":\"EntryPoint\",\"urlTemplate\":\"https:\/\/shams-alyaoum.com\/en\/?s={search_term_string}\"},\"query-input\":{\"@type\":\"PropertyValueSpecification\",\"valueRequired\":true,\"valueName\":\"search_term_string\"}}],\"inLanguage\":\"en-US\"},{\"@type\":\"Person\",\"@id\":\"https:\/\/shams-alyaoum.com\/en\/#\/schema\/person\/6e4dae56c61a28d2d84c342a9a53d199\",\"name\":\"shamsalyaoum\",\"image\":{\"@type\":\"ImageObject\",\"inLanguage\":\"en-US\",\"@id\":\"https:\/\/shams-alyaoum.com\/en\/#\/schema\/person\/image\/\",\"url\":\"https:\/\/secure.gravatar.com\/avatar\/11774fd6260846ea4d3230345b47c868eaffb0fe76386b1a8b3cc24c8dc91f3d?s=96&d=mm&r=g\",\"contentUrl\":\"https:\/\/secure.gravatar.com\/avatar\/11774fd6260846ea4d3230345b47c868eaffb0fe76386b1a8b3cc24c8dc91f3d?s=96&d=mm&r=g\",\"caption\":\"shamsalyaoum\"},\"url\":\"https:\/\/shams-alyaoum.com\/en\/author\/shamsalyaoum\/\"}]}<\/script>\n<!-- \/ Yoast SEO plugin. -->","yoast_head_json":{"title":"Jorge M. P\u00e9rez Collection Explores African Diaspora in \u2018Am\u00e9frica\u2019 at Spain\u2019s CAAC - Magazine Shams Al Yaoum","robots":{"index":"index","follow":"follow","max-snippet":"max-snippet:-1","max-image-preview":"max-image-preview:large","max-video-preview":"max-video-preview:-1"},"canonical":"https:\/\/shams-alyaoum.com\/en\/jorge-m-perez-collection-explores-african-diaspora-in-amefrica-at-spains-caac\/","og_locale":"en_US","og_type":"article","og_title":"Jorge M. P\u00e9rez Collection Explores African Diaspora in \u2018Am\u00e9frica\u2019 at Spain\u2019s CAAC - Magazine Shams Al Yaoum","og_description":"The\u00a0Centro Andaluz de Arte Contempor\u00e1neo\u00a0(CAAC) in Seville presents\u00a0Am\u00e9frica: Diasporic Connections in the Jorge M. P\u00e9rez Collection (Am\u00e9frica), an exhibition curated by Brazilian curator and scholar Helio Menezes and drawn from the holdings of the Jorge M. P\u00e9rez Collection and\u00a0El Espacio 23\u00a0in Miami. The presentation brings together 128 works by 99 artists and examines the global &hellip;","og_url":"https:\/\/shams-alyaoum.com\/en\/jorge-m-perez-collection-explores-african-diaspora-in-amefrica-at-spains-caac\/","og_site_name":"Magazine Shams Al Yaoum","article_published_time":"2026-03-04T08:40:24+00:00","og_image":[{"width":1000,"height":666,"url":"https:\/\/shams-alyaoum.com\/en\/wp-content\/uploads\/2026\/03\/1.jpg","type":"image\/jpeg"}],"author":"shamsalyaoum","twitter_card":"summary_large_image","twitter_misc":{"Written by":"shamsalyaoum","Est. reading time":"3 minutes"},"schema":{"@context":"https:\/\/schema.org","@graph":[{"@type":"WebPage","@id":"https:\/\/shams-alyaoum.com\/en\/jorge-m-perez-collection-explores-african-diaspora-in-amefrica-at-spains-caac\/","url":"https:\/\/shams-alyaoum.com\/en\/jorge-m-perez-collection-explores-african-diaspora-in-amefrica-at-spains-caac\/","name":"Jorge M. P\u00e9rez Collection Explores African Diaspora in \u2018Am\u00e9frica\u2019 at Spain\u2019s CAAC - Magazine Shams Al Yaoum","isPartOf":{"@id":"https:\/\/shams-alyaoum.com\/en\/#website"},"primaryImageOfPage":{"@id":"https:\/\/shams-alyaoum.com\/en\/jorge-m-perez-collection-explores-african-diaspora-in-amefrica-at-spains-caac\/#primaryimage"},"image":{"@id":"https:\/\/shams-alyaoum.com\/en\/jorge-m-perez-collection-explores-african-diaspora-in-amefrica-at-spains-caac\/#primaryimage"},"thumbnailUrl":"https:\/\/shams-alyaoum.com\/en\/wp-content\/uploads\/2026\/03\/1.jpg","datePublished":"2026-03-04T08:40:24+00:00","author":{"@id":"https:\/\/shams-alyaoum.com\/en\/#\/schema\/person\/6e4dae56c61a28d2d84c342a9a53d199"},"breadcrumb":{"@id":"https:\/\/shams-alyaoum.com\/en\/jorge-m-perez-collection-explores-african-diaspora-in-amefrica-at-spains-caac\/#breadcrumb"},"inLanguage":"en-US","potentialAction":[{"@type":"ReadAction","target":["https:\/\/shams-alyaoum.com\/en\/jorge-m-perez-collection-explores-african-diaspora-in-amefrica-at-spains-caac\/"]}]},{"@type":"ImageObject","inLanguage":"en-US","@id":"https:\/\/shams-alyaoum.com\/en\/jorge-m-perez-collection-explores-african-diaspora-in-amefrica-at-spains-caac\/#primaryimage","url":"https:\/\/shams-alyaoum.com\/en\/wp-content\/uploads\/2026\/03\/1.jpg","contentUrl":"https:\/\/shams-alyaoum.com\/en\/wp-content\/uploads\/2026\/03\/1.jpg","width":1000,"height":666},{"@type":"BreadcrumbList","@id":"https:\/\/shams-alyaoum.com\/en\/jorge-m-perez-collection-explores-african-diaspora-in-amefrica-at-spains-caac\/#breadcrumb","itemListElement":[{"@type":"ListItem","position":1,"name":"Home","item":"https:\/\/shams-alyaoum.com\/en\/"},{"@type":"ListItem","position":2,"name":"Jorge M. P\u00e9rez Collection Explores African Diaspora in \u2018Am\u00e9frica\u2019 at Spain\u2019s CAAC"}]},{"@type":"WebSite","@id":"https:\/\/shams-alyaoum.com\/en\/#website","url":"https:\/\/shams-alyaoum.com\/en\/","name":"Magazine Shams Al Yaoum","description":"","potentialAction":[{"@type":"SearchAction","target":{"@type":"EntryPoint","urlTemplate":"https:\/\/shams-alyaoum.com\/en\/?s={search_term_string}"},"query-input":{"@type":"PropertyValueSpecification","valueRequired":true,"valueName":"search_term_string"}}],"inLanguage":"en-US"},{"@type":"Person","@id":"https:\/\/shams-alyaoum.com\/en\/#\/schema\/person\/6e4dae56c61a28d2d84c342a9a53d199","name":"shamsalyaoum","image":{"@type":"ImageObject","inLanguage":"en-US","@id":"https:\/\/shams-alyaoum.com\/en\/#\/schema\/person\/image\/","url":"https:\/\/secure.gravatar.com\/avatar\/11774fd6260846ea4d3230345b47c868eaffb0fe76386b1a8b3cc24c8dc91f3d?s=96&d=mm&r=g","contentUrl":"https:\/\/secure.gravatar.com\/avatar\/11774fd6260846ea4d3230345b47c868eaffb0fe76386b1a8b3cc24c8dc91f3d?s=96&d=mm&r=g","caption":"shamsalyaoum"},"url":"https:\/\/shams-alyaoum.com\/en\/author\/shamsalyaoum\/"}]}},"_links":{"self":[{"href":"https:\/\/shams-alyaoum.com\/en\/wp-json\/wp\/v2\/posts\/11156","targetHints":{"allow":["GET"]}}],"collection":[{"href":"https:\/\/shams-alyaoum.com\/en\/wp-json\/wp\/v2\/posts"}],"about":[{"href":"https:\/\/shams-alyaoum.com\/en\/wp-json\/wp\/v2\/types\/post"}],"author":[{"embeddable":true,"href":"https:\/\/shams-alyaoum.com\/en\/wp-json\/wp\/v2\/users\/2"}],"replies":[{"embeddable":true,"href":"https:\/\/shams-alyaoum.com\/en\/wp-json\/wp\/v2\/comments?post=11156"}],"version-history":[{"count":1,"href":"https:\/\/shams-alyaoum.com\/en\/wp-json\/wp\/v2\/posts\/11156\/revisions"}],"predecessor-version":[{"id":11158,"href":"https:\/\/shams-alyaoum.com\/en\/wp-json\/wp\/v2\/posts\/11156\/revisions\/11158"}],"wp:featuredmedia":[{"embeddable":true,"href":"https:\/\/shams-alyaoum.com\/en\/wp-json\/wp\/v2\/media\/11157"}],"wp:attachment":[{"href":"https:\/\/shams-alyaoum.com\/en\/wp-json\/wp\/v2\/media?parent=11156"}],"wp:term":[{"taxonomy":"category","embeddable":true,"href":"https:\/\/shams-alyaoum.com\/en\/wp-json\/wp\/v2\/categories?post=11156"},{"taxonomy":"post_tag","embeddable":true,"href":"https:\/\/shams-alyaoum.com\/en\/wp-json\/wp\/v2\/tags?post=11156"}],"curies":[{"name":"wp","href":"https:\/\/api.w.org\/{rel}","templated":true}]}}